{"id":9440,"date":"2026-01-07T14:30:06","date_gmt":"2026-01-07T14:30:06","guid":{"rendered":"https:\/\/www.europesays.com\/africa\/9440\/"},"modified":"2026-01-07T14:30:06","modified_gmt":"2026-01-07T14:30:06","slug":"lafrique-du-sud-represente-un-vrai-potentiel-pour-les-entreprises-francaises-david-martinon","status":"publish","type":"post","link":"https:\/\/www.europesays.com\/africa\/9440\/","title":{"rendered":"\u00ab\u00a0L\u2019Afrique du Sud repr\u00e9sente un vrai potentiel pour les entreprises fran\u00e7aises\u00a0\u00bb (David Martinon)"},"content":{"rendered":"<p>On a connu David Martinon ambassadeur en Afghanistan, contribuant \u00e0 exfiltrer plus de 2 800 personnes en quelques jours, avant la prise du pouvoir par les Talibans. C\u2019\u00e9tait en ao\u00fbt 2022 et cela avait valu \u00e0 celui qui avait d\u00e9j\u00e0 go\u00fbt\u00e9 aux Affaires \u00e9trang\u00e8res en \u00e9tant consul \u00e0 Los Angeles, une certaine notori\u00e9t\u00e9. L\u2019ann\u00e9e suivante, en septembre 2023, c\u2019est en Afrique du Sud que David Martinon est nomm\u00e9, avec une habilitation \u00e9galement pour le Lesotho et le Malawi. Une nouvelle exp\u00e9rience dans un pays au potentiel immense pour les entreprises fran\u00e7aises, dit-il. Dans le cadre de la conf\u00e9rence des ambassadeurs qui se tient chaque ann\u00e9e, le voici en France, avec une mission sp\u00e9cifique, celle d\u2019expliquer le m\u00e9tier, de faire aussi la promotion de la diplomatie fran\u00e7aise, de d\u00e9tailler le r\u00f4le du Quai d\u2019Orsay. Une mission \u2013 qu\u2019assurent \u00e9galement d\u2019autres ambassadeurs \u2013 qu\u2019il a choisi de mener \u00e0 Marseille, pour diverses raisons explique-t-il, d\u2019abord pour son jumelage historique avec Le Cap et puis pour ses grandes entreprises dont CMA CGM (actionnaire de La Tribune, NDLR), pour lesquelles l\u2019Afrique du Sud rev\u00eat un int\u00e9r\u00eat strat\u00e9gique.<\/p>\n","protected":false},"excerpt":{"rendered":"On a connu David Martinon ambassadeur en Afghanistan, contribuant \u00e0 exfiltrer plus de 2 800 personnes en quelques&hellip;\n","protected":false},"author":2,"featured_media":9441,"comment_status":"","ping_status":"","sticky":false,"template":"","format":"standard","meta":{"footnotes":""},"categories":[62],"tags":[6520,6526,97,64,162,5401,6525,6527,6524,6522,6521,6523],"class_list":{"0":"post-9440","1":"post","2":"type-post","3":"status-publish","4":"format-standard","5":"has-post-thumbnail","7":"category-afrique","8":"tag-lafrique","9":"tag-david","10":"tag-97","11":"tag-afrique","12":"tag-economie","13":"tag-entreprises","14":"tag-francaises","15":"tag-martinon","16":"tag-potentiel","17":"tag-represente","18":"tag-sud","19":"tag-vrai"},"share_on_mastodon":{"url":"","error":""},"_links":{"self":[{"href":"https:\/\/www.europesays.com\/africa\/wp-json\/wp\/v2\/posts\/9440","targetHints":{"allow":["GET"]}}],"collection":[{"href":"https:\/\/www.europesays.com\/africa\/wp-json\/wp\/v2\/posts"}],"about":[{"href":"https:\/\/www.europesays.com\/africa\/wp-json\/wp\/v2\/types\/post"}],"author":[{"embeddable":true,"href":"https:\/\/www.europesays.com\/africa\/wp-json\/wp\/v2\/users\/2"}],"replies":[{"embeddable":true,"href":"https:\/\/www.europesays.com\/africa\/wp-json\/wp\/v2\/comments?post=9440"}],"version-history":[{"count":0,"href":"https:\/\/www.europesays.com\/africa\/wp-json\/wp\/v2\/posts\/9440\/revisions"}],"wp:featuredmedia":[{"embeddable":true,"href":"https:\/\/www.europesays.com\/africa\/wp-json\/wp\/v2\/media\/9441"}],"wp:attachment":[{"href":"https:\/\/www.europesays.com\/africa\/wp-json\/wp\/v2\/media?parent=9440"}],"wp:term":[{"taxonomy":"category","embeddable":true,"href":"https:\/\/www.europesays.com\/africa\/wp-json\/wp\/v2\/categories?post=9440"},{"taxonomy":"post_tag","embeddable":true,"href":"https:\/\/www.europesays.com\/africa\/wp-json\/wp\/v2\/tags?post=9440"}],"curies":[{"name":"wp","href":"https:\/\/api.w.org\/{rel}","templated":true}]}}