{"id":9472,"date":"2026-01-07T14:47:43","date_gmt":"2026-01-07T14:47:43","guid":{"rendered":"https:\/\/www.europesays.com\/africa\/9472\/"},"modified":"2026-01-07T14:47:43","modified_gmt":"2026-01-07T14:47:43","slug":"recrutement-denseignants-chercheurs-a-lendss-au-cesti-et-a-ligtdl","status":"publish","type":"post","link":"https:\/\/www.europesays.com\/africa\/9472\/","title":{"rendered":"Recrutement d&#8217;enseignants-chercheurs \u00e0 l&#8217;ENDSS, au CESTI et \u00e0 l&#8217;IGTDL"},"content":{"rendered":"<p>&#13;<br \/>\n        &#13;<br \/>\n&#13;<br \/>\n        &#13;<\/p>\n<p>            <a href=\"https:\/\/www.europesays.com\/africa\/wp-content\/uploads\/2026\/01\/BU-UCAD-BU-Universite-de-Dakar-Recrutement-Enseignants-du-Superieur.jpg\" data-caption=\"\"><img loading=\"lazy\" decoding=\"async\" width=\"696\" height=\"406\" class=\"entry-thumb td-modal-image\" src=\"data:image\/svg+xml,%3Csvg%20xmlns=\" http:=\"\" data-lazy- data-lazy- alt=\"BU UCAD, BU Universit\u00e9 de Dakar, Recrutement Enseignants du Sup\u00e9rieur\" title=\"BU UCAD, BU Universit\u00e9 de Dakar, Recrutement Enseignants du Sup\u00e9rieur\" data-lazy-src=\"https:\/\/www.europesays.com\/africa\/wp-content\/uploads\/2026\/01\/BU-UCAD-BU-Universite-de-Dakar-Recrutement-Enseignants-du-Superieur.jpg\"\/><img loading=\"lazy\" decoding=\"async\" width=\"696\" height=\"406\" class=\"entry-thumb td-modal-image\" src=\"https:\/\/www.europesays.com\/africa\/wp-content\/uploads\/2026\/01\/BU-UCAD-BU-Universite-de-Dakar-Recrutement-Enseignants-du-Superieur.jpg\"   alt=\"BU UCAD, BU Universit\u00e9 de Dakar, Recrutement Enseignants du Sup\u00e9rieur\" title=\"BU UCAD, BU Universit\u00e9 de Dakar, Recrutement Enseignants du Sup\u00e9rieur\"\/><\/a><\/p>\n<p>Le Recteur de l\u2019Universit\u00e9 Cheikh Anta Diop de Dakar informe de l\u2019ouverture d\u2019un recrutement d\u2019enseignants-chercheurs pour les structures suivantes :\u00a0<\/p>\n<p>\ud83d\udd35\u00a0Centre d\u2019\u00c9tudes des Sciences et Techniques de l\u2019Information (CESTI)<\/p>\n<p>\u00a0<\/p>\n<p>\ud83d\udd35\u00a0l\u2019Institut de Gouvernance territoriale et de D\u00e9veloppement Local (IGTDL)<\/p>\n<p>\u00a0<\/p>\n<p>\ud83d\udd35\u00a0Ecole Nationale de D\u00e9veloppement Sanitaire et Social (ENDSS)<\/p>\n<p>\u00a0<\/p>\n<p>Les dossiers complets doivent \u00eatre d\u00e9pos\u00e9s exclusivement en ligne \u00e0 l\u2019adresse suivante :\u00a0https:\/\/recrutement.ucad.sn\u00a0Au plus tard le jeudi 29 janvier 2026, \u00e0 12 heures pr\u00e9cises.<\/p>\n<p>Les informations compl\u00e9mentaires relatives aux conditions, pi\u00e8ces \u00e0 fournir et proc\u00e9dures de s\u00e9lection sont contenues dans les fichiers joints.<\/p>\n<p>\u00a0<\/p>\n<p>          &#13;<br \/>\n&#13;<br \/>\n        &#13;<br \/>\n                        &#13;<br \/>\n            &#13;<br \/>\n&#13;<br \/>\n                        Article pr\u00e9c\u00e9dent<a href=\"https:\/\/laviesenegalaise.com\/revision-du-proces-ousmane-sonko-a-mame-mbaye-niang-la-procedure-lancee\/\" rel=\"nofollow noopener\" target=\"_blank\">R\u00e9vision du proc\u00e8s Ousmane Sonko \u00e0 Mame Mbaye Niang : la proc\u00e9dure lanc\u00e9e<\/a>                                &#13;<br \/>\n&#13;<\/p>\n","protected":false},"excerpt":{"rendered":"&#13; &#13; &#13; &#13; Le Recteur de l\u2019Universit\u00e9 Cheikh Anta Diop de Dakar informe de l\u2019ouverture d\u2019un recrutement&hellip;\n","protected":false},"author":2,"featured_media":1745,"comment_status":"","ping_status":"","sticky":false,"template":"","format":"standard","meta":{"footnotes":""},"categories":[48],"tags":[6539,6540,6541,6542,6543,6544,6545,6546,6547,6548,6549,6550,6551,6552,6553,6554,6555,6556,159,6557,6558,6559,6560,6561],"class_list":{"0":"post-9472","1":"post","2":"type-post","3":"status-publish","4":"format-standard","5":"has-post-thumbnail","7":"category-senegal","8":"tag-au-cesti-et-a-ligtdl","9":"tag-centre-detudes-des-sciences-et-techniques-de-linformation-cesti","10":"tag-cesti-ucad-dakar","11":"tag-cesti-ucad","12":"tag-ecole-nationale-de-developpement-sanitaire-et-social-endss","13":"tag-endss","14":"tag-endss-ucad","15":"tag-igtdl","16":"tag-igtdl-ucad","17":"tag-igtdl-ucad-dakar","18":"tag-institut-de-gouvernance-territoriale-et-de-developpement-local","19":"tag-institut-de-gouvernance-territoriale-et-de-developpement-local-igtdl","20":"tag-recrutement-denseignants-chercheurs-a-lendss","21":"tag-recrutement-denseignants-chercheurs-a-ligtdl","22":"tag-recrutement-denseignants-chercheurs-a-lucad","23":"tag-recrutement-denseignants-chercheurs-au-cesti","24":"tag-recrutement-denseignants-chercheurs-ucad","25":"tag-recrutement-ucad-sn","26":"tag-senegal","27":"tag-ucad","28":"tag--centre-detudes-des-sciences-et-techniques-de-linformation","29":"tag--centre-detudes-des-sciences-et-techniques-de-linformation-cesti","30":"tag--ecole-nationale-de-developpement-sanitaire-et-social-endss","31":"tag--linstitut-de-gouvernance-territoriale-et-de-developpement-local-igtdl"},"share_on_mastodon":{"url":"","error":""},"_links":{"self":[{"href":"https:\/\/www.europesays.com\/africa\/wp-json\/wp\/v2\/posts\/9472","targetHints":{"allow":["GET"]}}],"collection":[{"href":"https:\/\/www.europesays.com\/africa\/wp-json\/wp\/v2\/posts"}],"about":[{"href":"https:\/\/www.europesays.com\/africa\/wp-json\/wp\/v2\/types\/post"}],"author":[{"embeddable":true,"href":"https:\/\/www.europesays.com\/africa\/wp-json\/wp\/v2\/users\/2"}],"replies":[{"embeddable":true,"href":"https:\/\/www.europesays.com\/africa\/wp-json\/wp\/v2\/comments?post=9472"}],"version-history":[{"count":0,"href":"https:\/\/www.europesays.com\/africa\/wp-json\/wp\/v2\/posts\/9472\/revisions"}],"wp:featuredmedia":[{"embeddable":true,"href":"https:\/\/www.europesays.com\/africa\/wp-json\/wp\/v2\/media\/1745"}],"wp:attachment":[{"href":"https:\/\/www.europesays.com\/africa\/wp-json\/wp\/v2\/media?parent=9472"}],"wp:term":[{"taxonomy":"category","embeddable":true,"href":"https:\/\/www.europesays.com\/africa\/wp-json\/wp\/v2\/categories?post=9472"},{"taxonomy":"post_tag","embeddable":true,"href":"https:\/\/www.europesays.com\/africa\/wp-json\/wp\/v2\/tags?post=9472"}],"curies":[{"name":"wp","href":"https:\/\/api.w.org\/{rel}","templated":true}]}}