{"id":9490,"date":"2026-01-07T15:03:06","date_gmt":"2026-01-07T15:03:06","guid":{"rendered":"https:\/\/www.europesays.com\/africa\/9490\/"},"modified":"2026-01-07T15:03:06","modified_gmt":"2026-01-07T15:03:06","slug":"une-banque-comme-jp-morgan-ne-peut-se-permettre-de-ne-pas-etre-en-afrique-olivier-eweck","status":"publish","type":"post","link":"https:\/\/www.europesays.com\/africa\/9490\/","title":{"rendered":"\u00ab\u00a0Une banque comme JP Morgan ne peut se permettre de ne pas \u00eatre en Afrique\u00a0\u00bb (Olivier Eweck)"},"content":{"rendered":"<p>LA TRIBUNE AFRIQUE \u2013 D\u00e9j\u00e0 pr\u00e9sent au Nigeria, en Afrique du Sud et en \u00c9gypte, JP Morgan a entam\u00e9 son expansion africaine en 2024, notamment au Kenya et en C\u00f4te d&#8217;Ivoire o\u00f9 s\u2019\u00e9tait rendu le pr\u00e9sident du groupe, Jamie Dimon. Ce dernier laissait d\u2019ailleurs entendre de nouveaux d\u00e9veloppements \u00e0 venir. Qu&#8217;est-ce qui motiv\u00e9 ce vif int\u00e9r\u00eat pour les pays d\u2019Afrique\u00a0? <\/p>\n<p>OLIVIER EWECK &#8211; JP Morgan est en effet une banque internationale et notre ambition est de servir des clients partout dans le monde. Il s&#8217;av\u00e8re que les fondamentaux de l&#8217;Afrique au cours des derni\u00e8res d\u00e9cennies d\u00e9montrent que ce continent regorge d&#8217;opportunit\u00e9s. C&#8217;est la raison pour laquelle une banque comme JP Morgan ne peut se permettre de ne pas y \u00eatre pr\u00e9sente. Je rappelle que nous sommes en Afrique depuis plus de 100 ans. JP Morgan a octroy\u00e9 son premier pr\u00eat en Afrique \u00e0 Ernest Oppenheimer [magnat des mines en Afrique du Sud, ndlr] pour l&#8217;ouverture de son entreprise dans les ann\u00e9es 1920. Nous sommes pr\u00e9sents au Nig\u00e9ria depuis 1982.<\/p>\n","protected":false},"excerpt":{"rendered":"LA TRIBUNE AFRIQUE \u2013 D\u00e9j\u00e0 pr\u00e9sent au Nigeria, en Afrique du Sud et en \u00c9gypte, JP Morgan a&hellip;\n","protected":false},"author":2,"featured_media":9491,"comment_status":"","ping_status":"","sticky":false,"template":"","format":"standard","meta":{"footnotes":""},"categories":[62],"tags":[6574,97,64,6570,6575,6571,5012,6572,6573,2121],"class_list":{"0":"post-9490","1":"post","2":"type-post","3":"status-publish","4":"format-standard","5":"has-post-thumbnail","7":"category-afrique","8":"tag-olivier","9":"tag-97","10":"tag-afrique","11":"tag-banque","12":"tag-eweck","13":"tag-jp","14":"tag-la-tribune-afrique","15":"tag-morgan","16":"tag-permettre","17":"tag-une"},"share_on_mastodon":{"url":"","error":""},"_links":{"self":[{"href":"https:\/\/www.europesays.com\/africa\/wp-json\/wp\/v2\/posts\/9490","targetHints":{"allow":["GET"]}}],"collection":[{"href":"https:\/\/www.europesays.com\/africa\/wp-json\/wp\/v2\/posts"}],"about":[{"href":"https:\/\/www.europesays.com\/africa\/wp-json\/wp\/v2\/types\/post"}],"author":[{"embeddable":true,"href":"https:\/\/www.europesays.com\/africa\/wp-json\/wp\/v2\/users\/2"}],"replies":[{"embeddable":true,"href":"https:\/\/www.europesays.com\/africa\/wp-json\/wp\/v2\/comments?post=9490"}],"version-history":[{"count":0,"href":"https:\/\/www.europesays.com\/africa\/wp-json\/wp\/v2\/posts\/9490\/revisions"}],"wp:featuredmedia":[{"embeddable":true,"href":"https:\/\/www.europesays.com\/africa\/wp-json\/wp\/v2\/media\/9491"}],"wp:attachment":[{"href":"https:\/\/www.europesays.com\/africa\/wp-json\/wp\/v2\/media?parent=9490"}],"wp:term":[{"taxonomy":"category","embeddable":true,"href":"https:\/\/www.europesays.com\/africa\/wp-json\/wp\/v2\/categories?post=9490"},{"taxonomy":"post_tag","embeddable":true,"href":"https:\/\/www.europesays.com\/africa\/wp-json\/wp\/v2\/tags?post=9490"}],"curies":[{"name":"wp","href":"https:\/\/api.w.org\/{rel}","templated":true}]}}