{"id":9495,"date":"2026-01-07T15:06:07","date_gmt":"2026-01-07T15:06:07","guid":{"rendered":"https:\/\/www.europesays.com\/africa\/9495\/"},"modified":"2026-01-07T15:06:07","modified_gmt":"2026-01-07T15:06:07","slug":"au-senegal-le-recrutement-de-professeurs-par-la-guinee-echauffe-les-esprits","status":"publish","type":"post","link":"https:\/\/www.europesays.com\/africa\/9495\/","title":{"rendered":"Au S\u00e9n\u00e9gal, le recrutement de professeurs par la Guin\u00e9e \u00e9chauffe les esprits"},"content":{"rendered":"\n<p>\u201cEn qu\u00eate de standards internationaux\u201d, <a class=\"ithalc\" data-ithal=\"lien_externe\" data-ithalc=\"[nav_article]\" target=\"_blank\" href=\"https:\/\/www.guinee360.com\/03\/01\/2026\/recrutement-denseignants-chercheurs-dakar-sirrite-de-voir-la-guinee-puiser-dans-ses-reserves\/\" rel=\"nofollow noopener\">\u00e9crit le site d\u2019info Guin\u00e9e360<\/a>, Conakry a recrut\u00e9 300\u00a0enseignants \u00e9trangers du sup\u00e9rieur. Le but est de satisfaire certains crit\u00e8res, \u201cnotamment en mati\u00e8re de quota d\u2019enseignants de rangs A [professeurs des universit\u00e9s] et B [ma\u00eetres de conf\u00e9rences]\u201d dans les \u00e9tablissements d\u2019enseignement sup\u00e9rieur guin\u00e9ens.<\/p>\n<p>\u201cFaute de ressources humaines suffisantes sur place, Conakry s\u2019est tourn\u00e9 vers l\u2019expertise s\u00e9n\u00e9galaise, reconnue dans l\u2019espace universitaire ouest-africain\u201d, poursuit ce m\u00e9dia. Cinquante-neuf enseignants-chercheurs s\u00e9n\u00e9galais, essentiellement sp\u00e9cialis\u00e9s dans les sciences et l\u2019\u00e9conomie, sont concern\u00e9s. Une information qui a suscit\u00e9 une lev\u00e9e de boucliers au S\u00e9n\u00e9gal. \u201cDakar s\u2019irrite de voir la Guin\u00e9e puiser dans ses r\u00e9serves\u201d, r\u00e9sume Guin\u00e9e360.<\/p>\n<p>\u201cLe d\u00e9bat s\u2019enflamme\u201d, <a class=\"ithalc\" data-ithal=\"lien_externe\" data-ithalc=\"[nav_article]\" target=\"_blank\" href=\"https:\/\/lesoleil.sn\/actualites\/education\/recrutement-duniversitaires-senegalais-en-guineevif-debat-autour-du-sujet\/\" rel=\"nofollow noopener\">affichait \u00e0 sa une, le 6\u00a0janvier, le quotidien s\u00e9n\u00e9galais Le Soleil<\/a>. Le titre gouvernemental r\u00e9sume dans son dossier un communiqu\u00e9 du minist\u00e8re de l\u2019Enseignement sup\u00e9rieur, de la Recherche et de l\u2019Innovation publi\u00e9 le m\u00eame jour en vue d\u2019apaiser la controverse. R\u00e9futant les th\u00e8ses florissantes de \u201cfuite des cerveaux\u201d et de \u201cperte d\u2019attractivit\u00e9 du syst\u00e8me \u00e9ducatif s\u00e9n\u00e9galais\u201d, il rappelle que la mobilit\u00e9 des enseignants est une \u201cpratique historique et l\u00e9gitime\u201d et qu\u2019elle s\u2019<\/p>\n","protected":false},"excerpt":{"rendered":"\u201cEn qu\u00eate de standards internationaux\u201d, \u00e9crit le site d\u2019info Guin\u00e9e360, Conakry a recrut\u00e9 300\u00a0enseignants \u00e9trangers du sup\u00e9rieur. Le&hellip;\n","protected":false},"author":2,"featured_media":9496,"comment_status":"","ping_status":"","sticky":false,"template":"","format":"standard","meta":{"footnotes":""},"categories":[48],"tags":[64,6581,159,2687,4498,6582,6580],"class_list":{"0":"post-9495","1":"post","2":"type-post","3":"status-publish","4":"format-standard","5":"has-post-thumbnail","7":"category-senegal","8":"tag-afrique","9":"tag-guinu00e9e","10":"tag-senegal","11":"tag-sociu00e9tu00e9","12":"tag-su00e9nu00e9gal","13":"tag-u00e9ducation","14":"tag-universitu00e9s"},"share_on_mastodon":{"url":"","error":""},"_links":{"self":[{"href":"https:\/\/www.europesays.com\/africa\/wp-json\/wp\/v2\/posts\/9495","targetHints":{"allow":["GET"]}}],"collection":[{"href":"https:\/\/www.europesays.com\/africa\/wp-json\/wp\/v2\/posts"}],"about":[{"href":"https:\/\/www.europesays.com\/africa\/wp-json\/wp\/v2\/types\/post"}],"author":[{"embeddable":true,"href":"https:\/\/www.europesays.com\/africa\/wp-json\/wp\/v2\/users\/2"}],"replies":[{"embeddable":true,"href":"https:\/\/www.europesays.com\/africa\/wp-json\/wp\/v2\/comments?post=9495"}],"version-history":[{"count":0,"href":"https:\/\/www.europesays.com\/africa\/wp-json\/wp\/v2\/posts\/9495\/revisions"}],"wp:featuredmedia":[{"embeddable":true,"href":"https:\/\/www.europesays.com\/africa\/wp-json\/wp\/v2\/media\/9496"}],"wp:attachment":[{"href":"https:\/\/www.europesays.com\/africa\/wp-json\/wp\/v2\/media?parent=9495"}],"wp:term":[{"taxonomy":"category","embeddable":true,"href":"https:\/\/www.europesays.com\/africa\/wp-json\/wp\/v2\/categories?post=9495"},{"taxonomy":"post_tag","embeddable":true,"href":"https:\/\/www.europesays.com\/africa\/wp-json\/wp\/v2\/tags?post=9495"}],"curies":[{"name":"wp","href":"https:\/\/api.w.org\/{rel}","templated":true}]}}