{"id":9546,"date":"2026-01-07T15:35:07","date_gmt":"2026-01-07T15:35:07","guid":{"rendered":"https:\/\/www.europesays.com\/africa\/9546\/"},"modified":"2026-01-07T15:35:07","modified_gmt":"2026-01-07T15:35:07","slug":"les-supporters-maliens-confiants-le-match-est-deja-lance","status":"publish","type":"post","link":"https:\/\/www.europesays.com\/africa\/9546\/","title":{"rendered":"Les supporters maliens confiants, le match est d\u00e9j\u00e0 lanc\u00e9"},"content":{"rendered":"<p class=\"firstp\">Dans le cadre des qualifications pour la Coupe d\u2019Afrique, le S\u00e9n\u00e9gal affrontera le Mali vendredi. Depuis 2004, les deux pays ne se sont pas affront\u00e9s lors des tournois de la CAN. En d\u00e9pit de la fronti\u00e8re, les nations demeurent solidaires par des liens de parent\u00e9 et des transactions commerciales.<\/p>\n<p>Pour les fans maliens, l\u2019atmosph\u00e8re est extraordinaire suite \u00e0 la victoire contre la Tunisie. Selon ce reportage de SeneNews, les Maliens demeurent confiants suite \u00e0 leur triomphe contre l\u2019\u00e9quipe nationale du S\u00e9n\u00e9gal, les Lions de la T\u00e9ranga.\n<\/p>\n<p>D\u2019apr\u00e8s les passionn\u00e9s de football, en d\u00e9pit du score, ces deux nations demeureront li\u00e9es \u00e0 jamais. Les <a href=\"https:\/\/www.senenews.com\/actualites\/comment-la-brigade-de-recherches-a-mis-la-main-sur-4-faux-terroristes-maliens-a-mbour_564878.html\" rel=\"nofollow noopener\" target=\"_blank\">Maliens<\/a> adressent un message puissant au peuple s\u00e9n\u00e9galais qui va au-del\u00e0 des simples rencontres lors de comp\u00e9titions.<\/p>\n","protected":false},"excerpt":{"rendered":"Dans le cadre des qualifications pour la Coupe d\u2019Afrique, le S\u00e9n\u00e9gal affrontera le Mali vendredi. Depuis 2004, les&hellip;\n","protected":false},"author":2,"featured_media":9547,"comment_status":"","ping_status":"","sticky":false,"template":"","format":"standard","meta":{"footnotes":""},"categories":[48],"tags":[2100,6611,179,311,6612,965,6613,159,163,481,4189,239,6614,6615],"class_list":{"0":"post-9546","1":"post","2":"type-post","3":"status-publish","4":"format-standard","5":"has-post-thumbnail","7":"category-senegal","8":"tag-a-la-une-notification","9":"tag-actualite-en-video","10":"tag-can-2025","11":"tag-football","12":"tag-le-meilleur-du-web","13":"tag-mali","14":"tag-reportage-senenews-tv","15":"tag-senegal","16":"tag-senegal-actualites","17":"tag-senenews-sport","18":"tag-senenews-tv","19":"tag-societe","20":"tag-video","21":"tag-video-a-la-une"},"share_on_mastodon":{"url":"","error":""},"_links":{"self":[{"href":"https:\/\/www.europesays.com\/africa\/wp-json\/wp\/v2\/posts\/9546","targetHints":{"allow":["GET"]}}],"collection":[{"href":"https:\/\/www.europesays.com\/africa\/wp-json\/wp\/v2\/posts"}],"about":[{"href":"https:\/\/www.europesays.com\/africa\/wp-json\/wp\/v2\/types\/post"}],"author":[{"embeddable":true,"href":"https:\/\/www.europesays.com\/africa\/wp-json\/wp\/v2\/users\/2"}],"replies":[{"embeddable":true,"href":"https:\/\/www.europesays.com\/africa\/wp-json\/wp\/v2\/comments?post=9546"}],"version-history":[{"count":0,"href":"https:\/\/www.europesays.com\/africa\/wp-json\/wp\/v2\/posts\/9546\/revisions"}],"wp:featuredmedia":[{"embeddable":true,"href":"https:\/\/www.europesays.com\/africa\/wp-json\/wp\/v2\/media\/9547"}],"wp:attachment":[{"href":"https:\/\/www.europesays.com\/africa\/wp-json\/wp\/v2\/media?parent=9546"}],"wp:term":[{"taxonomy":"category","embeddable":true,"href":"https:\/\/www.europesays.com\/africa\/wp-json\/wp\/v2\/categories?post=9546"},{"taxonomy":"post_tag","embeddable":true,"href":"https:\/\/www.europesays.com\/africa\/wp-json\/wp\/v2\/tags?post=9546"}],"curies":[{"name":"wp","href":"https:\/\/api.w.org\/{rel}","templated":true}]}}