{"id":9571,"date":"2026-01-07T15:52:09","date_gmt":"2026-01-07T15:52:09","guid":{"rendered":"https:\/\/www.europesays.com\/africa\/9571\/"},"modified":"2026-01-07T15:52:09","modified_gmt":"2026-01-07T15:52:09","slug":"attijariwafa-bank-et-linsea-renforcent-leur-cooperation-a-travers-un-partenariat-strategique","status":"publish","type":"post","link":"https:\/\/www.europesays.com\/africa\/9571\/","title":{"rendered":"Attijariwafa bank et l\u2019INSEA renforcent leur coop\u00e9ration \u00e0 travers un partenariat strat\u00e9gique"},"content":{"rendered":"<p>Le groupe Attijariwafa bank et l\u2019Institut National de Statistique et d\u2019\u00c9conomie Appliqu\u00e9e (INSEA) franchissent une nouvelle \u00e9tape dans leur collaboration en scellant un partenariat strat\u00e9gique destin\u00e9 \u00e0 structurer et intensifier leurs actions communes en mati\u00e8re de formation et d\u2019insertion professionnelle.<\/p>\n<p>Fond\u00e9e sur une relation de confiance b\u00e2tie au fil des ann\u00e9es, cette alliance repose sur une vision partag\u00e9e du d\u00e9veloppement des comp\u00e9tences et de l\u2019accompagnement des jeunes talents vers une int\u00e9gration r\u00e9ussie dans le monde de l\u2019entreprise. En conjuguant leurs expertises respectives, les deux institutions ambitionnent de mieux aligner les parcours acad\u00e9miques avec les exigences concr\u00e8tes du march\u00e9 de l\u2019emploi, tout en promouvant l\u2019excellence, l\u2019innovation et la mont\u00e9e en comp\u00e9tences.<\/p>\n<p>Ce cadre de coop\u00e9ration \u00e9largi vise \u00e0 offrir davantage d\u2019opportunit\u00e9s aux \u00e9tudiants de l\u2019INSEA, \u00e0 travers des dispositifs d\u2019immersion professionnelle flexibles, le recrutement de jeunes dipl\u00f4m\u00e9s, l\u2019acc\u00e8s \u00e0 des programmes de d\u00e9veloppement d\u00e9di\u00e9s tels que les Graduate Programs, l\u2019alternance ou les Company Projects, ainsi que la r\u00e9alisation de projets conjoints dans les domaines de l\u2019innovation et de l\u2019entrepreneuriat.<\/p>\n<p>La c\u00e9r\u00e9monie de signature de la convention, tenue le lundi 29 d\u00e9cembre 2025 au si\u00e8ge du groupe Attijariwafa bank \u00e0 Casablanca, constitue une \u00e9tape d\u00e9terminante dans cette dynamique partenariale, dans un contexte marqu\u00e9 par l\u2019\u00e9volution rapide des m\u00e9tiers et la n\u00e9cessit\u00e9 d\u2019anticiper les comp\u00e9tences de demain.<\/p>\n<p>\u00c0 cette occasion, M. Mohamed Soussi, Directeur G\u00e9n\u00e9ral Adjoint en charge du Capital Humain Groupe, a soulign\u00e9 :<\/p>\n<p>\n\u00ab Cette convention avec l\u2019INSEA traduit notre volont\u00e9 de consolider durablement le lien entre l\u2019excellence acad\u00e9mique et le monde de l\u2019entreprise. En nous associant \u00e0 une institution de r\u00e9f\u00e9rence, nous contribuons \u00e0 la pr\u00e9paration de talents capables de cr\u00e9er de la valeur et d\u2019\u00e9voluer dans un environnement en constante mutation. \u00c0 travers des parcours professionnalisants et des initiatives concr\u00e8tes d\u2019int\u00e9gration, ce partenariat s\u2019inscrit pleinement dans notre vision d\u2019une politique RH agile, engag\u00e9e et performante, au service de la croissance et de la transformation du Groupe au Maroc et sur l\u2019ensemble du continent africain. \u00bb<\/p>\n<p>De son c\u00f4t\u00e9, M. Mohamed Jaouad El Qasmi, Directeur G\u00e9n\u00e9ral de l\u2019INSEA, a d\u00e9clar\u00e9 :<\/p>\n<p>\n\u00ab L\u2019ensemble de la communaut\u00e9 de l\u2019INSEA \u2013 enseignants, personnel administratif et \u00e9tudiants \u2013 se r\u00e9jouit de cette collaboration avec le groupe Attijariwafa bank. Ce partenariat s\u2019inscrit pleinement dans la nouvelle strat\u00e9gie de d\u00e9veloppement de l\u2019INSEA, qui place la synergie entre le monde acad\u00e9mique et le monde de l\u2019entreprise au c\u0153ur de ses priorit\u00e9s. \u00bb<\/p>\n<p>Cette strat\u00e9gie se traduit par plusieurs actions structurantes, notamment la cr\u00e9ation du Coll\u00e8ge des Entreprises de l\u2019INSEA, la reconnaissance internationale du dipl\u00f4me, la mise en place d\u2019un r\u00e9f\u00e9rentiel qualit\u00e9 garantissant l\u2019excellence p\u00e9dagogique et la bonne gouvernance, ainsi qu\u2019une politique de communication ambitieuse visant \u00e0 renforcer la visibilit\u00e9 et la notori\u00e9t\u00e9 de l\u2019\u00e9tablissement aupr\u00e8s des d\u00e9cideurs et des acteurs \u00e9conomiques.<\/p>\n<p><img fetchpriority=\"high\" decoding=\"async\" class=\"size-medium wp-image-91820 alignright\" src=\"https:\/\/www.europesays.com\/africa\/wp-content\/uploads\/2026\/01\/PHOTO-2026-01-07-14-52-44-1-300x200.jpg\" alt=\"\" width=\"300\" height=\"200\"  \/><\/p>\n<p>\u00c0 travers ce partenariat strat\u00e9gique, le groupe Attijariwafa bank r\u00e9affirme son engagement en faveur du d\u00e9veloppement des talents et contribue activement \u00e0 une dynamique vertueuse pla\u00e7ant le Capital Humain, premi\u00e8re richesse du continent, au c\u0153ur de ses actions.<\/p>\n","protected":false},"excerpt":{"rendered":"Le groupe Attijariwafa bank et l\u2019Institut National de Statistique et d\u2019\u00c9conomie Appliqu\u00e9e (INSEA) franchissent une nouvelle \u00e9tape dans&hellip;\n","protected":false},"author":2,"featured_media":9572,"comment_status":"","ping_status":"","sticky":false,"template":"","format":"standard","meta":{"footnotes":""},"categories":[41],"tags":[6626,6627,158,6628],"class_list":{"0":"post-9571","1":"post","2":"type-post","3":"status-publish","4":"format-standard","5":"has-post-thumbnail","7":"category-maroc","8":"tag-attijariwafa-bank","9":"tag-insea","10":"tag-maroc","11":"tag-partenariat-strategique"},"share_on_mastodon":{"url":"","error":""},"_links":{"self":[{"href":"https:\/\/www.europesays.com\/africa\/wp-json\/wp\/v2\/posts\/9571","targetHints":{"allow":["GET"]}}],"collection":[{"href":"https:\/\/www.europesays.com\/africa\/wp-json\/wp\/v2\/posts"}],"about":[{"href":"https:\/\/www.europesays.com\/africa\/wp-json\/wp\/v2\/types\/post"}],"author":[{"embeddable":true,"href":"https:\/\/www.europesays.com\/africa\/wp-json\/wp\/v2\/users\/2"}],"replies":[{"embeddable":true,"href":"https:\/\/www.europesays.com\/africa\/wp-json\/wp\/v2\/comments?post=9571"}],"version-history":[{"count":0,"href":"https:\/\/www.europesays.com\/africa\/wp-json\/wp\/v2\/posts\/9571\/revisions"}],"wp:featuredmedia":[{"embeddable":true,"href":"https:\/\/www.europesays.com\/africa\/wp-json\/wp\/v2\/media\/9572"}],"wp:attachment":[{"href":"https:\/\/www.europesays.com\/africa\/wp-json\/wp\/v2\/media?parent=9571"}],"wp:term":[{"taxonomy":"category","embeddable":true,"href":"https:\/\/www.europesays.com\/africa\/wp-json\/wp\/v2\/categories?post=9571"},{"taxonomy":"post_tag","embeddable":true,"href":"https:\/\/www.europesays.com\/africa\/wp-json\/wp\/v2\/tags?post=9571"}],"curies":[{"name":"wp","href":"https:\/\/api.w.org\/{rel}","templated":true}]}}