{"id":9637,"date":"2026-01-07T16:33:07","date_gmt":"2026-01-07T16:33:07","guid":{"rendered":"https:\/\/www.europesays.com\/africa\/9637\/"},"modified":"2026-01-07T16:33:07","modified_gmt":"2026-01-07T16:33:07","slug":"le-rappel-de-laits-infantiles-nestle-setend-a-lafrique-aux-ameriques-et-a-lasie","status":"publish","type":"post","link":"https:\/\/www.europesays.com\/africa\/9637\/","title":{"rendered":"Le rappel de laits infantiles Nestl\u00e9 s&#8217;\u00e9tend \u00e0 l&#8217;Afrique, aux Am\u00e9riques et \u00e0 l&#8217;Asie"},"content":{"rendered":"<p>                    Le rappel par Nestl\u00e9 de certains lots de produits de nutrition infantile d\u00e9passe d\u00e9sormais les fronti\u00e8res de l&#8217;Europe pour concerner l&#8217;Afrique, les Am\u00e9riques et l&#8217;Asie, notamment le Br\u00e9sil, la Chine et l&#8217;Afrique du Sud, selon un recensement effectu\u00e9 \u00e0 partir des d\u00e9clarations de la soci\u00e9t\u00e9 et des autorit\u00e9s nationales de s\u00e9curit\u00e9 alimentaire.<\/p>\n<p>Aucun cas de maladie n&#8217;a pour l&#8217;instant \u00e9t\u00e9 confirm\u00e9 en lien avec les lots de formules SMA, BEBA, NAN et Alfamino rappel\u00e9s par Nestl\u00e9, en raison d&#8217;une possible contamination par la c\u00e9r\u00e9ulide, une toxine susceptible de provoquer naus\u00e9es et vomissements.<\/p>\n<p>Au moins 37 pays, dont la plupart des \u00c9tats europ\u00e9ens ainsi que l&#8217;Australie, le Br\u00e9sil, la Chine, le Mexique et l&#8217;Afrique du Sud, ont \u00e9mis des avertissements sanitaires concernant la possible contamination des laits infantiles.<\/p>\n<p>Ce rappel accro\u00eet la pression sur le fabricant de KitKat et Nescaf\u00e9 ainsi que sur son nouveau directeur g\u00e9n\u00e9ral, Philipp Navratil, qui cherche \u00e0 relancer la croissance via une revue de portefeuille apr\u00e8s des bouleversements au sein de la direction. L&#8217;action Nestl\u00e9 a chut\u00e9 d&#8217;environ 5,7% cette semaine.<\/p>\n<p>Le minist\u00e8re br\u00e9silien de la Sant\u00e9 a indiqu\u00e9 mercredi que le rappel de Nestl\u00e9 \u00e9tait une mesure pr\u00e9ventive, la toxine ayant \u00e9t\u00e9 d\u00e9tect\u00e9e dans des produits en provenance des Pays-Bas.<\/p>\n<p>Nestl\u00e9 Australie a pr\u00e9cis\u00e9 que les lots rappel\u00e9s sur son territoire avaient \u00e9t\u00e9 fabriqu\u00e9s en Suisse, tandis que Nestl\u00e9 Chine a annonc\u00e9 le rappel de lots de lait infantile import\u00e9s d&#8217;Europe.<\/p>\n<p>Un avis de la Commission nationale des consommateurs d&#8217;Afrique du Sud indique que la formule NAN concern\u00e9e par le rappel a \u00e9t\u00e9 produite en juin 2025 et dispose d&#8217;une dur\u00e9e de vie d&#8217;environ 18 mois.<\/p>\n<p>\u00ab\u00a0Elle a \u00e9galement \u00e9t\u00e9 export\u00e9e vers la Namibie et l&#8217;Eswatini\u00a0\u00bb, a ajout\u00e9 la commission.<\/p>\n<p>Le minist\u00e8re autrichien de la Sant\u00e9 a d\u00e9clar\u00e9 mardi que le rappel concernait plus de 800 produits issus de plus de 10 usines, constituant ainsi le plus important rappel de l&#8217;histoire de Nestl\u00e9. Un porte-parole du groupe n&#8217;a pas pu confirmer ce chiffre.<\/p>\n<p>Nestl\u00e9 a indiqu\u00e9 mardi avoir test\u00e9 toutes les huiles d&#8217;acide arachidonique et les m\u00e9langes d&#8217;huiles correspondants utilis\u00e9s dans la fabrication de ses produits de nutrition infantile potentiellement concern\u00e9s, apr\u00e8s la d\u00e9tection d&#8217;un probl\u00e8me de qualit\u00e9 sur un ingr\u00e9dient fourni par un important fournisseur.<\/p>\n<p>Le groupe augmente d\u00e9sormais sa production et fait appel \u00e0 des fournisseurs alternatifs d&#8217;huile d&#8217;acide arachidonique afin d&#8217;assurer la continuit\u00e9 de l&#8217;approvisionnement.<\/p>\n","protected":false},"excerpt":{"rendered":"Le rappel par Nestl\u00e9 de certains lots de produits de nutrition infantile d\u00e9passe d\u00e9sormais les fronti\u00e8res de l&#8217;Europe&hellip;\n","protected":false},"author":2,"featured_media":9638,"comment_status":"","ping_status":"","sticky":false,"template":"","format":"standard","meta":{"footnotes":""},"categories":[62],"tags":[64,5921],"class_list":{"0":"post-9637","1":"post","2":"type-post","3":"status-publish","4":"format-standard","5":"has-post-thumbnail","7":"category-afrique","8":"tag-afrique","9":"tag-bourse"},"share_on_mastodon":{"url":"","error":""},"_links":{"self":[{"href":"https:\/\/www.europesays.com\/africa\/wp-json\/wp\/v2\/posts\/9637","targetHints":{"allow":["GET"]}}],"collection":[{"href":"https:\/\/www.europesays.com\/africa\/wp-json\/wp\/v2\/posts"}],"about":[{"href":"https:\/\/www.europesays.com\/africa\/wp-json\/wp\/v2\/types\/post"}],"author":[{"embeddable":true,"href":"https:\/\/www.europesays.com\/africa\/wp-json\/wp\/v2\/users\/2"}],"replies":[{"embeddable":true,"href":"https:\/\/www.europesays.com\/africa\/wp-json\/wp\/v2\/comments?post=9637"}],"version-history":[{"count":0,"href":"https:\/\/www.europesays.com\/africa\/wp-json\/wp\/v2\/posts\/9637\/revisions"}],"wp:featuredmedia":[{"embeddable":true,"href":"https:\/\/www.europesays.com\/africa\/wp-json\/wp\/v2\/media\/9638"}],"wp:attachment":[{"href":"https:\/\/www.europesays.com\/africa\/wp-json\/wp\/v2\/media?parent=9637"}],"wp:term":[{"taxonomy":"category","embeddable":true,"href":"https:\/\/www.europesays.com\/africa\/wp-json\/wp\/v2\/categories?post=9637"},{"taxonomy":"post_tag","embeddable":true,"href":"https:\/\/www.europesays.com\/africa\/wp-json\/wp\/v2\/tags?post=9637"}],"curies":[{"name":"wp","href":"https:\/\/api.w.org\/{rel}","templated":true}]}}