{"id":9643,"date":"2026-01-07T16:36:11","date_gmt":"2026-01-07T16:36:11","guid":{"rendered":"https:\/\/www.europesays.com\/africa\/9643\/"},"modified":"2026-01-07T16:36:11","modified_gmt":"2026-01-07T16:36:11","slug":"revelations-sur-les-risques-de-crise-de-liquidites-et-de-defaut-de-paiement-des-mars-2026","status":"publish","type":"post","link":"https:\/\/www.europesays.com\/africa\/9643\/","title":{"rendered":"R\u00e9v\u00e9lations sur les risques de crise de liquidit\u00e9s et de d\u00e9faut de paiement d\u00e8s mars 2026"},"content":{"rendered":"<p>Le S\u00e9n\u00e9gal se trouve \u00e0 l\u2019or\u00e9e d\u2019une crise de liquidit\u00e9s qui pourrait d\u00e9boucher sur un d\u00e9faut de paiement d\u00e8s mars 2026 si aucune action pr\u00e9ventive n\u2019est engag\u00e9e. C\u2019est la mise en garde formul\u00e9e par l\u2019\u00e9conomiste et banquier d\u2019affaires Seydina Alioune Ndiaye, associ\u00e9 du cabinet Senquant, dans un document scientifique d\u00e9taillant l\u2019ampleur des d\u00e9fis financiers du pays et proposant une feuille de route pour une restructuration organis\u00e9e de la dette publique.            <\/p>\n<p class=\"pread\" style=\"background: #fff6d3;font-size:17px !important;padding:0px 0 16px 0;border:none;font-family:'source-sans-pro' !important;color:#444 !important;\">\n<p>La suite est r\u00e9serv\u00e9e \u00e0 nos abonn\u00e9s.<br \/>D\u00e9j\u00e0 abonn\u00e9 ? <a href=\"https:\/\/www.senenews.com\/login?redirect_to=https:\/\/www.senenews.com\/premium\/senegal-revelations-sur-les-risques-de-crise-de-liquidites-et-de-defaut-de-paiement-des-mars-2026_571709.html\" style=\"text-decoration: underline !important;font-weight: bold;\" rel=\"nofollow noopener\" target=\"_blank\">Se connecter<\/a><\/p>\n<p>Profitez de 3 mois offerts<br \/>et acc\u00e9dez \u00e0 tous nos contenus<br \/>sans aucune publicit\u00e9<\/p>\n<p style=\"text-align:center;font-size:14px;font-family:'source-sans-pro'\">\n<a href=\"https:\/\/www.senenews.com\/rejoignez-senenews-premium-pour-soutenir-une-redaction-libre-et-independante\" style=\"text-decoration:none!important;border-bottom:1px solid\" rel=\"nofollow noopener\" target=\"_blank\">Pourquoi vous devez soutenir l\u2019initiative Senenews Premium?<\/a><\/p>\n","protected":false},"excerpt":{"rendered":"Le S\u00e9n\u00e9gal se trouve \u00e0 l\u2019or\u00e9e d\u2019une crise de liquidit\u00e9s qui pourrait d\u00e9boucher sur un d\u00e9faut de paiement&hellip;\n","protected":false},"author":2,"featured_media":9644,"comment_status":"","ping_status":"","sticky":false,"template":"","format":"standard","meta":{"footnotes":""},"categories":[48],"tags":[480,161,162,6720,159,163],"class_list":{"0":"post-9643","1":"post","2":"type-post","3":"status-publish","4":"format-standard","5":"has-post-thumbnail","7":"category-senegal","8":"tag-a-la-une","9":"tag-articles-premium","10":"tag-economie","11":"tag-liquidites","12":"tag-senegal","13":"tag-senegal-actualites"},"share_on_mastodon":{"url":"","error":""},"_links":{"self":[{"href":"https:\/\/www.europesays.com\/africa\/wp-json\/wp\/v2\/posts\/9643","targetHints":{"allow":["GET"]}}],"collection":[{"href":"https:\/\/www.europesays.com\/africa\/wp-json\/wp\/v2\/posts"}],"about":[{"href":"https:\/\/www.europesays.com\/africa\/wp-json\/wp\/v2\/types\/post"}],"author":[{"embeddable":true,"href":"https:\/\/www.europesays.com\/africa\/wp-json\/wp\/v2\/users\/2"}],"replies":[{"embeddable":true,"href":"https:\/\/www.europesays.com\/africa\/wp-json\/wp\/v2\/comments?post=9643"}],"version-history":[{"count":0,"href":"https:\/\/www.europesays.com\/africa\/wp-json\/wp\/v2\/posts\/9643\/revisions"}],"wp:featuredmedia":[{"embeddable":true,"href":"https:\/\/www.europesays.com\/africa\/wp-json\/wp\/v2\/media\/9644"}],"wp:attachment":[{"href":"https:\/\/www.europesays.com\/africa\/wp-json\/wp\/v2\/media?parent=9643"}],"wp:term":[{"taxonomy":"category","embeddable":true,"href":"https:\/\/www.europesays.com\/africa\/wp-json\/wp\/v2\/categories?post=9643"},{"taxonomy":"post_tag","embeddable":true,"href":"https:\/\/www.europesays.com\/africa\/wp-json\/wp\/v2\/tags?post=9643"}],"curies":[{"name":"wp","href":"https:\/\/api.w.org\/{rel}","templated":true}]}}