{"id":9665,"date":"2026-01-07T16:51:21","date_gmt":"2026-01-07T16:51:21","guid":{"rendered":"https:\/\/www.europesays.com\/africa\/9665\/"},"modified":"2026-01-07T16:51:21","modified_gmt":"2026-01-07T16:51:21","slug":"treize-morts-et-des-blesses-dans-un-accident-sur-laxe-ziguinchor-dakar","status":"publish","type":"post","link":"https:\/\/www.europesays.com\/africa\/9665\/","title":{"rendered":"Treize morts et des bless\u00e9s dans un accident sur l&#8217;axe Ziguinchor-Dakar"},"content":{"rendered":"<p>Un grave accident de la route s\u2019est produit ce matin sur l\u2019axe Ziguinchor-Dakar, \u00e0 hauteur de Farafeni, au niveau de l\u2019espace gambien. Deux v\u00e9hicules, un bus et un minibus, sont entr\u00e9s en collision, entra\u00eenant la mort imm\u00e9diate de 13 personnes. Une autre victime a \u00e9t\u00e9 \u00e9vacu\u00e9e d\u2019urgence par les forces de s\u00e9curit\u00e9 gambiennes vers un centre de soins \u00e0 bord d\u2019un v\u00e9hicule de type 4&#215;4.            <\/p>\n<p class=\"pread\" style=\"background: #fff6d3;font-size:17px !important;padding:0px 0 16px 0;border:none;font-family:'source-sans-pro' !important;color:#444 !important;\">\n<p>La suite est r\u00e9serv\u00e9e \u00e0 nos abonn\u00e9s.<br \/>D\u00e9j\u00e0 abonn\u00e9 ? <a href=\"https:\/\/www.senenews.com\/login?redirect_to=https:\/\/www.senenews.com\/exclusif\/exclusivite-senenews-treize-morts-et-des-blesses-dans-un-accident-sur-laxe-ziguinchor-dakar_571818.html\" style=\"text-decoration: underline !important;font-weight: bold;\" rel=\"nofollow noopener\" target=\"_blank\">Se connecter<\/a><\/p>\n<p>Profitez de 3 mois offerts<br \/>et acc\u00e9dez \u00e0 tous nos contenus<br \/>sans aucune publicit\u00e9<\/p>\n<p style=\"text-align:center;font-size:14px;font-family:'source-sans-pro'\">\n<a href=\"https:\/\/www.senenews.com\/rejoignez-senenews-premium-pour-soutenir-une-redaction-libre-et-independante\" style=\"text-decoration:none!important;border-bottom:1px solid\" rel=\"nofollow noopener\" target=\"_blank\">Pourquoi vous devez soutenir l\u2019initiative Senenews Premium?<\/a><\/p>\n","protected":false},"excerpt":{"rendered":"Un grave accident de la route s\u2019est produit ce matin sur l\u2019axe Ziguinchor-Dakar, \u00e0 hauteur de Farafeni, au&hellip;\n","protected":false},"author":2,"featured_media":9666,"comment_status":"","ping_status":"","sticky":false,"template":"","format":"standard","meta":{"footnotes":""},"categories":[48],"tags":[480,2100,1740,161,271,6730,6729,159,163,239,282],"class_list":{"0":"post-9665","1":"post","2":"type-post","3":"status-publish","4":"format-standard","5":"has-post-thumbnail","7":"category-senegal","8":"tag-a-la-une","9":"tag-a-la-une-notification","10":"tag-accident","11":"tag-articles-premium","12":"tag-dakar","13":"tag-exclusif","14":"tag-farafeni","15":"tag-senegal","16":"tag-senegal-actualites","17":"tag-societe","18":"tag-ziguinchor"},"share_on_mastodon":{"url":"","error":""},"_links":{"self":[{"href":"https:\/\/www.europesays.com\/africa\/wp-json\/wp\/v2\/posts\/9665","targetHints":{"allow":["GET"]}}],"collection":[{"href":"https:\/\/www.europesays.com\/africa\/wp-json\/wp\/v2\/posts"}],"about":[{"href":"https:\/\/www.europesays.com\/africa\/wp-json\/wp\/v2\/types\/post"}],"author":[{"embeddable":true,"href":"https:\/\/www.europesays.com\/africa\/wp-json\/wp\/v2\/users\/2"}],"replies":[{"embeddable":true,"href":"https:\/\/www.europesays.com\/africa\/wp-json\/wp\/v2\/comments?post=9665"}],"version-history":[{"count":0,"href":"https:\/\/www.europesays.com\/africa\/wp-json\/wp\/v2\/posts\/9665\/revisions"}],"wp:featuredmedia":[{"embeddable":true,"href":"https:\/\/www.europesays.com\/africa\/wp-json\/wp\/v2\/media\/9666"}],"wp:attachment":[{"href":"https:\/\/www.europesays.com\/africa\/wp-json\/wp\/v2\/media?parent=9665"}],"wp:term":[{"taxonomy":"category","embeddable":true,"href":"https:\/\/www.europesays.com\/africa\/wp-json\/wp\/v2\/categories?post=9665"},{"taxonomy":"post_tag","embeddable":true,"href":"https:\/\/www.europesays.com\/africa\/wp-json\/wp\/v2\/tags?post=9665"}],"curies":[{"name":"wp","href":"https:\/\/api.w.org\/{rel}","templated":true}]}}