{"id":9667,"date":"2026-01-07T16:52:10","date_gmt":"2026-01-07T16:52:10","guid":{"rendered":"https:\/\/www.europesays.com\/africa\/9667\/"},"modified":"2026-01-07T16:52:10","modified_gmt":"2026-01-07T16:52:10","slug":"le-nouvel-ambassadeur-americain-au-maroc-prete-serment-devant-le-vice-president-des-etats-unis-j-d-vance","status":"publish","type":"post","link":"https:\/\/www.europesays.com\/africa\/9667\/","title":{"rendered":"Le nouvel ambassadeur am\u00e9ricain au Maroc pr\u00eate serment devant le vice-Pr\u00e9sident des Etats-Unis J.D Vance"},"content":{"rendered":"<p>\t\t <br class=\"texte clear\" \/><\/p>\n<p>\t\t <br class=\"texte clear\" \/><\/p>\n<p>R\u00e9dig\u00e9 par L&#8217;Opinion Avec MAP Mercredi 7 Janvier 2026<\/p>\n<p>\t\t\t\t Le nouvel ambassadeur des Etats-Unis au Maroc, Duke Buchan, a pr\u00eat\u00e9 serment devant le vice-Pr\u00e9sident am\u00e9ricain, J.D. Vance, en vue d\u2019entamer officiellement ses nouvelles fonctions au service des relations &#8220;excellentes&#8221; liant Rabat et Washington depuis 250 ans.<\/p>\n<p>\t\t <br class=\"texte clear\" \/><\/p>\n<p>\t\t <br id=\"sep_para_1\" class=\"sep_para access\" \/><\/p>\n<p>\t\t\t\t <a href=\"https:\/\/www.lopinion.ma\/javascript:void(0)\" rel=\"https:\/\/www.europesays.com\/africa\/wp-content\/uploads\/2026\/01\/93578613-65379219.jpg&amp;ibox nofollow noopener\" title=\"Le nouvel ambassadeur am\u00e9ricain au Maroc pr\u00eate serment devant le vice-Pr\u00e9sident des Etats-Unis J.D Vance\" target=\"_blank\"><img decoding=\"async\" class=\"responsive\" style=\"display:none\" src=\"https:\/\/www.europesays.com\/africa\/wp-content\/uploads\/2026\/01\/93578613-65379219.jpg\" alt=\"Le nouvel ambassadeur am\u00e9ricain au Maroc pr\u00eate serment devant le vice-Pr\u00e9sident des Etats-Unis J.D Vance\" title=\"Le nouvel ambassadeur am\u00e9ricain au Maroc pr\u00eate serment devant le vice-Pr\u00e9sident des Etats-Unis J.D Vance\" \/><br \/>\n<img decoding=\"async\" class=\"not-responsive\" src=\"https:\/\/www.europesays.com\/africa\/wp-content\/uploads\/2026\/01\/1767804730_358_93578613-65379219.jpg\" alt=\"Le nouvel ambassadeur am\u00e9ricain au Maroc pr\u00eate serment devant le vice-Pr\u00e9sident des Etats-Unis J.D Vance\" title=\"Le nouvel ambassadeur am\u00e9ricain au Maroc pr\u00eate serment devant le vice-Pr\u00e9sident des Etats-Unis J.D Vance\" width=\"688\" \/><\/a><\/p>\n<p>\t\t\t\t\t &#8220;L&#8217;ambassadeur Buchan est fier d&#8217;avoir pr\u00eat\u00e9 serment devant son bon ami, le vice-Pr\u00e9sident des \u00c9tats-Unis, J.D. Vance. L&#8217;ambassadeur se r\u00e9jouit \u00e0 l&#8217;id\u00e9e de faire progresser nos excellentes relations avec le Maroc qui datent de 250 ans&#8221;, a \u00e9crit l\u2019ambassade am\u00e9ricaine \u00e0 Rabat dans un post sur le r\u00e9seau X, accompagn\u00e9 d\u2019une photo de M. Buchan pr\u00eatant serment devant J.D Vance lors d\u2019une c\u00e9r\u00e9monie priv\u00e9e. <\/p>\n<p>En octobre dernier, le S\u00e9nat am\u00e9ricain avait confirm\u00e9 la nomination de M. Duke Buchan en tant qu\u2019ambassadeur des Etats-Unis d\u2019Am\u00e9rique au Maroc. <\/p>\n<p>La nomination de M. Buchan a \u00e9t\u00e9 annonc\u00e9e en mars dernier par le Pr\u00e9sident Donald Trump, qui avait soulign\u00e9 que le nouvel ambassadeur des Etats-Unis au Maroc &#8220;jouera un r\u00f4le cl\u00e9 alors que nous renfor\u00e7ons la paix, la libert\u00e9 et la prosp\u00e9rit\u00e9 pour nos deux pays&#8221;.<\/p>\n<p>\t\t <br class=\"texte clear\" \/><\/p>\n<p>\t\t <\/p>\n","protected":false},"excerpt":{"rendered":"R\u00e9dig\u00e9 par L&#8217;Opinion Avec MAP Mercredi 7 Janvier 2026 Le nouvel ambassadeur des Etats-Unis au Maroc, Duke Buchan,&hellip;\n","protected":false},"author":2,"featured_media":9668,"comment_status":"","ping_status":"","sticky":false,"template":"","format":"standard","meta":{"footnotes":""},"categories":[41],"tags":[554,553,555,556,563,565,560,567,561,557,162,566,564,558,559,158,562,248,239,310,568],"class_list":{"0":"post-9667","1":"post","2":"type-post","3":"status-publish","4":"format-standard","5":"has-post-thumbnail","7":"category-maroc","8":"tag-actualites","9":"tag-actualites-et-infos-au-maroc","10":"tag-actualites-et-infos-mondiale","11":"tag-actualites-marocaines-du-jour","12":"tag-alimentation","13":"tag-analyses","14":"tag-art-de-vivre","15":"tag-chronique","16":"tag-consommation-et-bien-etre","17":"tag-culture","18":"tag-economie","19":"tag-edito","20":"tag-etudes","21":"tag-insolite","22":"tag-loisirs","23":"tag-maroc","24":"tag-mode","25":"tag-politique","26":"tag-societe","27":"tag-sport","28":"tag-tribune"},"share_on_mastodon":{"url":"","error":""},"_links":{"self":[{"href":"https:\/\/www.europesays.com\/africa\/wp-json\/wp\/v2\/posts\/9667","targetHints":{"allow":["GET"]}}],"collection":[{"href":"https:\/\/www.europesays.com\/africa\/wp-json\/wp\/v2\/posts"}],"about":[{"href":"https:\/\/www.europesays.com\/africa\/wp-json\/wp\/v2\/types\/post"}],"author":[{"embeddable":true,"href":"https:\/\/www.europesays.com\/africa\/wp-json\/wp\/v2\/users\/2"}],"replies":[{"embeddable":true,"href":"https:\/\/www.europesays.com\/africa\/wp-json\/wp\/v2\/comments?post=9667"}],"version-history":[{"count":0,"href":"https:\/\/www.europesays.com\/africa\/wp-json\/wp\/v2\/posts\/9667\/revisions"}],"wp:featuredmedia":[{"embeddable":true,"href":"https:\/\/www.europesays.com\/africa\/wp-json\/wp\/v2\/media\/9668"}],"wp:attachment":[{"href":"https:\/\/www.europesays.com\/africa\/wp-json\/wp\/v2\/media?parent=9667"}],"wp:term":[{"taxonomy":"category","embeddable":true,"href":"https:\/\/www.europesays.com\/africa\/wp-json\/wp\/v2\/categories?post=9667"},{"taxonomy":"post_tag","embeddable":true,"href":"https:\/\/www.europesays.com\/africa\/wp-json\/wp\/v2\/tags?post=9667"}],"curies":[{"name":"wp","href":"https:\/\/api.w.org\/{rel}","templated":true}]}}