{"id":9682,"date":"2026-01-07T17:02:13","date_gmt":"2026-01-07T17:02:13","guid":{"rendered":"https:\/\/www.europesays.com\/africa\/9682\/"},"modified":"2026-01-07T17:02:13","modified_gmt":"2026-01-07T17:02:13","slug":"des-fossiles-decouverts-au-maroc-renforcent-lidee-quhomo-sapiens-est-bien-ne-en-afrique","status":"publish","type":"post","link":"https:\/\/www.europesays.com\/africa\/9682\/","title":{"rendered":"Des fossiles d\u00e9couverts au Maroc renforcent l\u2019id\u00e9e qu\u2019\u00abHomo sapiens\u00bb est bien n\u00e9 en Afrique"},"content":{"rendered":"<p>    R\u00e9sum\u00e9 en 20 secondes<\/p>\n<p>        En savoir plus sur ce type de contenu<\/p>\n<p>Ce r\u00e9sum\u00e9 peut avoir \u00e9t\u00e9 \u00e9crit avec l&#8217;assistance d\u2019une IA g\u00e9n\u00e9rative. <a href=\"https:\/\/www.letemps.ch\/cyber\/l-usage-de-l-ia-generative-par-les-journalistes-du-temps\" rel=\"nofollow noopener\" target=\"_blank\">En savoir plus<\/a><\/p>\n<p class=\"article__abstract-call-to-action\" data-ariato=\"TrackableElement\" data-trackable-element-type=\"article_abstract_cta\" data-trackable-element-location=\"article_header\" data-trackable-element-id=\"517073\">\n        <a data-event=\"click-&gt;clicked\" href=\"https:\/\/www.letemps.ch\/abonnements\" rel=\"nofollow noopener\" target=\"_blank\">Abonnez-vous<\/a> pour acc\u00e9der au r\u00e9sum\u00e9 en 20 secondes.\n      <\/p>\n<p>Tout vient \u00e0 point \u00e0 qui sait attendre. Il se sera \u00e9coul\u00e9 cinquante-six ans entre la d\u00e9couverte accidentelle d\u2019une mandibule humaine, dans une carri\u00e8re de Casablanca (Maroc) baptis\u00e9e \u00abThomas I\u00bb, et son attribution \u00e0 une esp\u00e8ce dont sont issues \u00e0 la fois la n\u00f4tre (Homo sapiens), mais aussi les hommes de Neandertal et les D\u00e9nisoviens. Une sorte de cha\u00eenon manquant dans l\u2019arbre g\u00e9n\u00e9alogique hominine.<\/p>\n<p>On d\u00e9couvre le d\u00e9but de cette \u00e9pop\u00e9e dans une note adress\u00e9e par le pal\u00e9ontologue fran\u00e7ais Emile Ennouchi aux <a href=\"https:\/\/gallica.bnf.fr\/ark:\/12148\/bpt6k6327173w\/f902.item.r=D%25C3%25A9couverte%2520d&#039;un%2520Pith%25C3%25A9canthropien%2520au%2520Maroc%2520Ennouchiberiro\" rel=\"nofollow noopener\" target=\"_blank\">Comptes rendus de l\u2019Acad\u00e9mie fran\u00e7aise des sciences, le 28\u00a0juillet 1969<\/a>. \u00abEn triant des ossements provenant de la carri\u00e8re Thomas [\u2026] r\u00e9colt\u00e9s par le jeune Philippe Beriro, \u00e9l\u00e8ve de 3e au Lyc\u00e9e, j\u2019ai \u00e9t\u00e9 surpris d\u2019y rencontrer une mandibule d\u2019humano\u00efde.\u00bb Le chercheur mentionne \u00e9galement la pr\u00e9sence d\u2019os animaux: une esp\u00e8ce d\u2019\u00e9l\u00e9phant aujourd\u2019hui \u00e9teinte, une hy\u00e8ne, un ours brun, un hippopotame, une antilope,\u00a0etc. En \u00e9tudiant la g\u00e9ologie du site, le pal\u00e9ontologue sugg\u00e8re que ces ossements remonteraient \u00e0 la glaciation de Mindel, il y a entre 650\u00a0000\u00a0ans et 350\u00a0000\u00a0ans.<\/p>\n","protected":false},"excerpt":{"rendered":"R\u00e9sum\u00e9 en 20 secondes En savoir plus sur ce type de contenu Ce r\u00e9sum\u00e9 peut avoir \u00e9t\u00e9 \u00e9crit&hellip;\n","protected":false},"author":2,"featured_media":9683,"comment_status":"","ping_status":"","sticky":false,"template":"","format":"standard","meta":{"footnotes":""},"categories":[62],"tags":[64,6740,5198,6738,6739,239],"class_list":{"0":"post-9682","1":"post","2":"type-post","3":"status-publish","4":"format-standard","5":"has-post-thumbnail","7":"category-afrique","8":"tag-afrique","9":"tag-anthropologie","10":"tag-premium","11":"tag-sciences","12":"tag-sciences-de-la-vie","13":"tag-societe"},"share_on_mastodon":{"url":"","error":""},"_links":{"self":[{"href":"https:\/\/www.europesays.com\/africa\/wp-json\/wp\/v2\/posts\/9682","targetHints":{"allow":["GET"]}}],"collection":[{"href":"https:\/\/www.europesays.com\/africa\/wp-json\/wp\/v2\/posts"}],"about":[{"href":"https:\/\/www.europesays.com\/africa\/wp-json\/wp\/v2\/types\/post"}],"author":[{"embeddable":true,"href":"https:\/\/www.europesays.com\/africa\/wp-json\/wp\/v2\/users\/2"}],"replies":[{"embeddable":true,"href":"https:\/\/www.europesays.com\/africa\/wp-json\/wp\/v2\/comments?post=9682"}],"version-history":[{"count":0,"href":"https:\/\/www.europesays.com\/africa\/wp-json\/wp\/v2\/posts\/9682\/revisions"}],"wp:featuredmedia":[{"embeddable":true,"href":"https:\/\/www.europesays.com\/africa\/wp-json\/wp\/v2\/media\/9683"}],"wp:attachment":[{"href":"https:\/\/www.europesays.com\/africa\/wp-json\/wp\/v2\/media?parent=9682"}],"wp:term":[{"taxonomy":"category","embeddable":true,"href":"https:\/\/www.europesays.com\/africa\/wp-json\/wp\/v2\/categories?post=9682"},{"taxonomy":"post_tag","embeddable":true,"href":"https:\/\/www.europesays.com\/africa\/wp-json\/wp\/v2\/tags?post=9682"}],"curies":[{"name":"wp","href":"https:\/\/api.w.org\/{rel}","templated":true}]}}