{"id":9708,"date":"2026-01-07T17:20:10","date_gmt":"2026-01-07T17:20:10","guid":{"rendered":"https:\/\/www.europesays.com\/africa\/9708\/"},"modified":"2026-01-07T17:20:10","modified_gmt":"2026-01-07T17:20:10","slug":"wissams-royaux-remis-a-des-fonctionnaires-du-ministere-du-transport-en-2025","status":"publish","type":"post","link":"https:\/\/www.europesays.com\/africa\/9708\/","title":{"rendered":"Wissams royaux remis \u00e0 des fonctionnaires du minist\u00e8re du Transport en 2025"},"content":{"rendered":"<p>Ces Wissams royaux remis lors de cette c\u00e9r\u00e9monie, pr\u00e9sid\u00e9e par le ministre du Transport et de la Logistique, Abdessamad Kayouh, se r\u00e9partissent, selon le grade, entre le Wissam du m\u00e9rite national de classe exceptionnelle (19), le Wissam du m\u00e9rite national de premi\u00e8re classe (57) et le Wissam du m\u00e9rite national de deuxi\u00e8me classe (100). <\/p>\n<p>S&#8217;exprimant \u00e0 cette occasion, M. Kayouh a f\u00e9licit\u00e9 les b\u00e9n\u00e9ficiaires de cette &#8220;haute distinction Royale&#8221;, notant que leur d\u00e9coration ne constitue pas seulement un couronnement de leurs parcours individuels, mais aussi une reconnaissance des efforts soutenus qu\u2019ils ont d\u00e9ploy\u00e9s au service du d\u00e9partement du transport et de la logistique, ainsi que de leur contribution effective \u00e0 la r\u00e9ussite des chantiers de r\u00e9forme et de d\u00e9veloppement que conna\u00eet le Royaume. <\/p>\n<p>Cette c\u00e9r\u00e9monie rev\u00eat une port\u00e9e nationale particuli\u00e8re, co\u00efncidant avec la comm\u00e9moration par le peuple marocain de l\u2019anniversaire de la pr\u00e9sentation du Manifeste de l\u2019Ind\u00e9pendance (11 janvier), une occasion de se rem\u00e9morer les sacrifices des hommes et des femmes du mouvement national et leur lutte pour la libert\u00e9, la souverainet\u00e9 et l\u2019unit\u00e9, ainsi qu\u2019avec le Nouvel An amazigh (14 janvier), d\u00e9cr\u00e9t\u00e9 par SM le Roi jour f\u00e9ri\u00e9 national officiel, incarnant la profondeur historique et civilisationnelle du Royaume et consacrant les valeurs de pluralit\u00e9 et d\u2019unit\u00e9 dans le cadre de l\u2019identit\u00e9 nationale f\u00e9d\u00e9ratrice, a-t-il soulign\u00e9. <\/p>\n<p>Les grands chantiers de d\u00e9veloppement r\u00e9alis\u00e9s par le Royaume, notamment dans les domaines du transport et de la logistique, sont le fruit de l\u2019Ind\u00e9pendance et une illustration concr\u00e8te de la volont\u00e9 nationale de b\u00e2tir un Maroc moderne, fort de ses institutions et de ses ressources humaines, a relev\u00e9 M. Kayouh, ajoutant que &#8220;nous c\u00e9l\u00e9brons aujourd\u2019hui des mod\u00e8les honorables, en reconnaissance de leur d\u00e9vouement et de leur engagement au service de l\u2019int\u00e9r\u00eat g\u00e9n\u00e9ral&#8221;. <\/p>\n<p>Cette c\u00e9r\u00e9monie s\u2019est d\u00e9roul\u00e9e en pr\u00e9sence notamment du directeur g\u00e9n\u00e9ral de l\u2019Office national des chemins de fer (ONCF), Mohamed Rabie Khlie, du directeur g\u00e9n\u00e9ral de l\u2019Agence marocaine de d\u00e9veloppement de la logistique (AMDL), Ghassane El Machrafi, du directeur g\u00e9n\u00e9ral de la Soci\u00e9t\u00e9 nationale des transports et de la logistique (SNTL), Hassan Oubaha, ainsi que du directeur de l&#8217;Agence nationale de la s\u00e9curit\u00e9 routi\u00e8re (NARSA), Nasser Boula\u00e2joul.<\/p>\n","protected":false},"excerpt":{"rendered":"Ces Wissams royaux remis lors de cette c\u00e9r\u00e9monie, pr\u00e9sid\u00e9e par le ministre du Transport et de la Logistique,&hellip;\n","protected":false},"author":2,"featured_media":9709,"comment_status":"","ping_status":"","sticky":false,"template":"","format":"standard","meta":{"footnotes":""},"categories":[41],"tags":[554,553,555,556,563,565,560,567,561,557,162,566,564,558,559,158,562,248,239,310,568],"class_list":{"0":"post-9708","1":"post","2":"type-post","3":"status-publish","4":"format-standard","5":"has-post-thumbnail","7":"category-maroc","8":"tag-actualites","9":"tag-actualites-et-infos-au-maroc","10":"tag-actualites-et-infos-mondiale","11":"tag-actualites-marocaines-du-jour","12":"tag-alimentation","13":"tag-analyses","14":"tag-art-de-vivre","15":"tag-chronique","16":"tag-consommation-et-bien-etre","17":"tag-culture","18":"tag-economie","19":"tag-edito","20":"tag-etudes","21":"tag-insolite","22":"tag-loisirs","23":"tag-maroc","24":"tag-mode","25":"tag-politique","26":"tag-societe","27":"tag-sport","28":"tag-tribune"},"share_on_mastodon":{"url":"","error":""},"_links":{"self":[{"href":"https:\/\/www.europesays.com\/africa\/wp-json\/wp\/v2\/posts\/9708","targetHints":{"allow":["GET"]}}],"collection":[{"href":"https:\/\/www.europesays.com\/africa\/wp-json\/wp\/v2\/posts"}],"about":[{"href":"https:\/\/www.europesays.com\/africa\/wp-json\/wp\/v2\/types\/post"}],"author":[{"embeddable":true,"href":"https:\/\/www.europesays.com\/africa\/wp-json\/wp\/v2\/users\/2"}],"replies":[{"embeddable":true,"href":"https:\/\/www.europesays.com\/africa\/wp-json\/wp\/v2\/comments?post=9708"}],"version-history":[{"count":0,"href":"https:\/\/www.europesays.com\/africa\/wp-json\/wp\/v2\/posts\/9708\/revisions"}],"wp:featuredmedia":[{"embeddable":true,"href":"https:\/\/www.europesays.com\/africa\/wp-json\/wp\/v2\/media\/9709"}],"wp:attachment":[{"href":"https:\/\/www.europesays.com\/africa\/wp-json\/wp\/v2\/media?parent=9708"}],"wp:term":[{"taxonomy":"category","embeddable":true,"href":"https:\/\/www.europesays.com\/africa\/wp-json\/wp\/v2\/categories?post=9708"},{"taxonomy":"post_tag","embeddable":true,"href":"https:\/\/www.europesays.com\/africa\/wp-json\/wp\/v2\/tags?post=9708"}],"curies":[{"name":"wp","href":"https:\/\/api.w.org\/{rel}","templated":true}]}}