{"id":9730,"date":"2026-01-07T17:34:07","date_gmt":"2026-01-07T17:34:07","guid":{"rendered":"https:\/\/www.europesays.com\/africa\/9730\/"},"modified":"2026-01-07T17:34:07","modified_gmt":"2026-01-07T17:34:07","slug":"le-maroc-gagne-t-il-du-terrain-en-amerique-latine","status":"publish","type":"post","link":"https:\/\/www.europesays.com\/africa\/9730\/","title":{"rendered":"Le Maroc gagne-t-il du terrain en Am\u00e9rique Latine ?"},"content":{"rendered":"<p>\t\t <br class=\"texte clear\" \/><\/p>\n<p>\t\t <br class=\"texte clear\" \/><\/p>\n<p>R\u00e9dig\u00e9 par Anass MACHLOUKH Mercredi 7 Janvier 2026<\/p>\n<p>\t\t <br id=\"sep_para_1\" class=\"sep_para access\" \/><\/p>\n<p>\t\t\t\t <a href=\"https:\/\/www.lopinion.ma\/javascript:void(0)\" rel=\"https:\/\/www.europesays.com\/africa\/wp-content\/uploads\/2026\/01\/93579799-65379806.jpg&amp;ibox nofollow noopener\" title=\"Apr\u00e8s la chute de Nicolas Maduro, le Polisario perd son principal alli\u00e9 en Am\u00e9rique Latine.\" target=\"_blank\"><img decoding=\"async\" class=\"responsive\" style=\"display:none\" src=\"https:\/\/www.europesays.com\/africa\/wp-content\/uploads\/2026\/01\/93579799-65379806.jpg\" alt=\"Apr\u00e8s la chute de Nicolas Maduro, le Polisario perd son principal alli\u00e9 en Am\u00e9rique Latine.\" title=\"Apr\u00e8s la chute de Nicolas Maduro, le Polisario perd son principal alli\u00e9 en Am\u00e9rique Latine.\" \/><br \/>\n<img decoding=\"async\" class=\"not-responsive\" src=\"https:\/\/www.europesays.com\/africa\/wp-content\/uploads\/2026\/01\/1767807247_134_93579799-65379806.jpg\" alt=\"Apr\u00e8s la chute de Nicolas Maduro, le Polisario perd son principal alli\u00e9 en Am\u00e9rique Latine.\" title=\"Apr\u00e8s la chute de Nicolas Maduro, le Polisario perd son principal alli\u00e9 en Am\u00e9rique Latine.\" width=\"688\" \/><\/a><\/p>\n<p>\n\t\t\t\t\t Apr\u00e8s la chute de Nicolas Maduro, le Polisario perd son principal alli\u00e9 en Am\u00e9rique Latine.\n\t\t\t\t <\/p>\n<p>\t\t\t\t\t L\u2019ancien pr\u00e9sident v\u00e9n\u00e9zu\u00e9lien Nicolas Maduro s\u2019est r\u00e9v\u00e9l\u00e9 finalement un colosse aux pieds d\u2019argile. Il a fini par payer tr\u00e8s cher son r\u00e8gne despotique et, surtout, son opposition frontale aux Etats-Unis. Captur\u00e9 et humili\u00e9, le dictateur d\u00e9chu est le dernier vestige du chavisme r\u00e9volutionnaire qui a pr\u00e9cipit\u00e9 le pays vers la banqueroute. Avec sa chute, le Polisario perd l\u2019un de ses derniers bastions en Am\u00e9rique Latine o\u00f9 le Maroc ne cesse de gagner du terrain ces derni\u00e8res ann\u00e9es. Longtemps acquis \u00e0 la th\u00e8se s\u00e9paratiste, le continent n\u2019est plus une forteresse socialiste, au moment o\u00f9 la nouvelle vague conservatrice propulse la droite sur le devant de la sc\u00e8ne. Les contours d\u2019un nouvel \u00e9chiquier favorable au Maroc se dessinent. Subsistent encore quelques rares poches de r\u00e9sistance tout aussi fragiles que le Venezuela. D\u00e9cryptage. <br \/>  \u00a0  <\/p>\n<p>Trouvez l&#8217;int\u00e9gralit\u00e9 de l&#8217;article dans notre \u00e9dition du Jeudi 8 Janvier 2026,\u00a0disponible en kiosque.<\/p>\n<p>\u00a0<\/p>\n<p>\t\t <br class=\"texte clear\" \/><\/p>\n<p>\t\t <\/p>\n","protected":false},"excerpt":{"rendered":"R\u00e9dig\u00e9 par Anass MACHLOUKH Mercredi 7 Janvier 2026 Apr\u00e8s la chute de Nicolas Maduro, le Polisario perd son&hellip;\n","protected":false},"author":2,"featured_media":9731,"comment_status":"","ping_status":"","sticky":false,"template":"","format":"standard","meta":{"footnotes":""},"categories":[41],"tags":[554,553,555,556,563,565,560,567,561,557,162,566,564,558,559,158,562,248,239,310,568],"class_list":{"0":"post-9730","1":"post","2":"type-post","3":"status-publish","4":"format-standard","5":"has-post-thumbnail","7":"category-maroc","8":"tag-actualites","9":"tag-actualites-et-infos-au-maroc","10":"tag-actualites-et-infos-mondiale","11":"tag-actualites-marocaines-du-jour","12":"tag-alimentation","13":"tag-analyses","14":"tag-art-de-vivre","15":"tag-chronique","16":"tag-consommation-et-bien-etre","17":"tag-culture","18":"tag-economie","19":"tag-edito","20":"tag-etudes","21":"tag-insolite","22":"tag-loisirs","23":"tag-maroc","24":"tag-mode","25":"tag-politique","26":"tag-societe","27":"tag-sport","28":"tag-tribune"},"share_on_mastodon":{"url":"","error":""},"_links":{"self":[{"href":"https:\/\/www.europesays.com\/africa\/wp-json\/wp\/v2\/posts\/9730","targetHints":{"allow":["GET"]}}],"collection":[{"href":"https:\/\/www.europesays.com\/africa\/wp-json\/wp\/v2\/posts"}],"about":[{"href":"https:\/\/www.europesays.com\/africa\/wp-json\/wp\/v2\/types\/post"}],"author":[{"embeddable":true,"href":"https:\/\/www.europesays.com\/africa\/wp-json\/wp\/v2\/users\/2"}],"replies":[{"embeddable":true,"href":"https:\/\/www.europesays.com\/africa\/wp-json\/wp\/v2\/comments?post=9730"}],"version-history":[{"count":0,"href":"https:\/\/www.europesays.com\/africa\/wp-json\/wp\/v2\/posts\/9730\/revisions"}],"wp:featuredmedia":[{"embeddable":true,"href":"https:\/\/www.europesays.com\/africa\/wp-json\/wp\/v2\/media\/9731"}],"wp:attachment":[{"href":"https:\/\/www.europesays.com\/africa\/wp-json\/wp\/v2\/media?parent=9730"}],"wp:term":[{"taxonomy":"category","embeddable":true,"href":"https:\/\/www.europesays.com\/africa\/wp-json\/wp\/v2\/categories?post=9730"},{"taxonomy":"post_tag","embeddable":true,"href":"https:\/\/www.europesays.com\/africa\/wp-json\/wp\/v2\/tags?post=9730"}],"curies":[{"name":"wp","href":"https:\/\/api.w.org\/{rel}","templated":true}]}}