{"id":974,"date":"2026-01-03T18:53:06","date_gmt":"2026-01-03T18:53:06","guid":{"rendered":"https:\/\/www.europesays.com\/africa\/974\/"},"modified":"2026-01-03T18:53:06","modified_gmt":"2026-01-03T18:53:06","slug":"un-nouveau-ne-baptise-ousmane-sonko-photos","status":"publish","type":"post","link":"https:\/\/www.europesays.com\/africa\/974\/","title":{"rendered":"Un nouveau-n\u00e9 baptis\u00e9 Ousmane Sonko (photos)"},"content":{"rendered":"<p class=\"firstp\">Ousmane Sonko compte d\u00e9sormais un nouvel homonyme. Ce samedi \u00e0 Bambey, Bassirou Sall a choisi de donner \u00e0 son fils le nom du Premier ministre, un geste symbolique qui n\u2019a pas manqu\u00e9 de faire r\u00e9agir.<\/p>\n<p>L\u2019information a \u00e9t\u00e9 rendue publique par Maty Sarr Niang, qui a pr\u00e9cis\u00e9 : \u00ab Notre fr\u00e8re Bassirou Sall a \u00e9galement donn\u00e9 \u00e0 son fils le nom d\u2019<a href=\"https:\/\/www.senenews.com\/actualites\/apres-touba-ousmane-sonko-rend-visite-au-khalife-de-darou-mousty-pour-presenter-ses-condoleances-video_571438.html\" rel=\"nofollow noopener\" target=\"_blank\">Ousmane Sonko<\/a> Sall. Longue vie au b\u00e9b\u00e9 et f\u00e9licitations aux parents. \u00bb\n<\/p>\n<p><img loading=\"lazy\" decoding=\"async\" class=\"alignnone wp-image-571469 size-full\" src=\"https:\/\/www.europesays.com\/africa\/wp-content\/uploads\/2026\/01\/sonko-homonyme.webp.webp\" alt=\"sonko homonyme - Senenews - Actualit\u00e9 au S\u00e9n\u00e9gal, Politique, \u00c9conomie, Sport\" width=\"549\" height=\"347\" title=\"Bambey : Un nouveau-n\u00e9 baptis\u00e9 Ousmane Sonko (photos) 7\"  \/> <img loading=\"lazy\" decoding=\"async\" class=\"alignnone wp-image-571470 size-full\" src=\"https:\/\/www.europesays.com\/africa\/wp-content\/uploads\/2026\/01\/607614583_1456966676443055_2661499052643347698_n-683x1024-1.webp.webp\" alt=\"607614583 1456966676443055 2661499052643347698 n 683x1024 1 - Senenews - Actualit\u00e9 au S\u00e9n\u00e9gal, Politique, \u00c9conomie, Sport\" width=\"683\" height=\"1024\" title=\"Bambey : Un nouveau-n\u00e9 baptis\u00e9 Ousmane Sonko (photos) 8\"  \/><\/p>\n","protected":false},"excerpt":{"rendered":"Ousmane Sonko compte d\u00e9sormais un nouvel homonyme. Ce samedi \u00e0 Bambey, Bassirou Sall a choisi de donner \u00e0&hellip;\n","protected":false},"author":2,"featured_media":975,"comment_status":"","ping_status":"","sticky":false,"template":"","format":"standard","meta":{"footnotes":""},"categories":[48],"tags":[1229,276,159,163,239],"class_list":{"0":"post-974","1":"post","2":"type-post","3":"status-publish","4":"format-standard","5":"has-post-thumbnail","7":"category-senegal","8":"tag-bambey","9":"tag-ousmane-sonko","10":"tag-senegal","11":"tag-senegal-actualites","12":"tag-societe"},"share_on_mastodon":{"url":"","error":""},"_links":{"self":[{"href":"https:\/\/www.europesays.com\/africa\/wp-json\/wp\/v2\/posts\/974","targetHints":{"allow":["GET"]}}],"collection":[{"href":"https:\/\/www.europesays.com\/africa\/wp-json\/wp\/v2\/posts"}],"about":[{"href":"https:\/\/www.europesays.com\/africa\/wp-json\/wp\/v2\/types\/post"}],"author":[{"embeddable":true,"href":"https:\/\/www.europesays.com\/africa\/wp-json\/wp\/v2\/users\/2"}],"replies":[{"embeddable":true,"href":"https:\/\/www.europesays.com\/africa\/wp-json\/wp\/v2\/comments?post=974"}],"version-history":[{"count":0,"href":"https:\/\/www.europesays.com\/africa\/wp-json\/wp\/v2\/posts\/974\/revisions"}],"wp:featuredmedia":[{"embeddable":true,"href":"https:\/\/www.europesays.com\/africa\/wp-json\/wp\/v2\/media\/975"}],"wp:attachment":[{"href":"https:\/\/www.europesays.com\/africa\/wp-json\/wp\/v2\/media?parent=974"}],"wp:term":[{"taxonomy":"category","embeddable":true,"href":"https:\/\/www.europesays.com\/africa\/wp-json\/wp\/v2\/categories?post=974"},{"taxonomy":"post_tag","embeddable":true,"href":"https:\/\/www.europesays.com\/africa\/wp-json\/wp\/v2\/tags?post=974"}],"curies":[{"name":"wp","href":"https:\/\/api.w.org\/{rel}","templated":true}]}}