{"id":9779,"date":"2026-01-07T18:02:10","date_gmt":"2026-01-07T18:02:10","guid":{"rendered":"https:\/\/www.europesays.com\/africa\/9779\/"},"modified":"2026-01-07T18:02:10","modified_gmt":"2026-01-07T18:02:10","slug":"sous-le-leadership-du-roi-le-maroc-serige-en-pilier-de-stabilite-et-de-moderation-haut-responsable-us","status":"publish","type":"post","link":"https:\/\/www.europesays.com\/africa\/9779\/","title":{"rendered":"Sous le leadership du Roi, le Maroc s\u2019\u00e9rige en &#8220;pilier de stabilit\u00e9 et de mod\u00e9ration&#8221; (Haut responsable US)"},"content":{"rendered":"<p>Sous le leadership du Roi Mohammed VI, le Maroc s\u2019\u00e9rige en \u00ab\u00a0pilier de stabilit\u00e9, de mod\u00e9ration et de leadership tourn\u00e9 vers l\u2019avenir\u00a0\u00bb, a affirm\u00e9, mardi soir \u00e0 Washington, le directeur adjoint principal charg\u00e9 de la lutte contre le terrorisme au Conseil National de S\u00e9curit\u00e9 (NSC) relevant de la Maison Blanche, Rudolph Atallah.<\/p>\n<p>\u00ab\u00a0Le Maroc a continu\u00e9 de renforcer son r\u00f4le de pilier de stabilit\u00e9, de mod\u00e9ration et de leadership tourn\u00e9 vers l\u2019avenir dans une r\u00e9gion tr\u00e8s complexe. Et la vision de Sa Majest\u00e9 le Roi a permis d\u2019approfondir le partenariat entre le Maroc et les \u00c9tats-Unis dans les domaines de la s\u00e9curit\u00e9, du d\u00e9veloppement \u00e9conomique et de la coop\u00e9ration r\u00e9gionale\u00a0\u00bb, a soulign\u00e9 M. Atallah devant un parterre de Congressmen, de dignitaires politiques et de diplomates r\u00e9unis lors d\u2019une soir\u00e9e de Gala au Congr\u00e8s US pour c\u00e9l\u00e9brer les relations historiques et le partenariat strat\u00e9gique liant Rabat et Washington.<\/p>\n<p>Apr\u00e8s avoir soulign\u00e9 que le Royaume est un partenaire fiable, le responsable de la Maison Blanche a relev\u00e9 que \u00ab\u00a0lorsque des d\u00e9fis se pr\u00e9sentent (\u2026) le Maroc a toujours su \u00eatre tr\u00e8s fiable et r\u00e9agir de mani\u00e8re discr\u00e8te, professionnelle et coh\u00e9rente\u00a0\u00bb. Il ne s\u2019agit pas l\u00e0 d\u2019une \u00ab\u00a0alliance de convenance, mais d\u2019une alliance fond\u00e9e sur la confiance et la responsabilit\u00e9 partag\u00e9e\u00a0\u00bb, a-t-il soutenu.<\/p>\n<p>\u00ab\u00a0En tant que personne ayant consacr\u00e9 toute sa vie \u00e0 la s\u00e9curit\u00e9 et au partenariat, je peux affirmer avec certitude que le Maroc n\u2019est pas seulement l\u2019un des plus anciens et meilleurs alli\u00e9s des \u00c9tats-Unis, mais aussi le plus fiable\u00a0\u00bb, a encore affirm\u00e9 M. Atallah.<\/p>\n<p>\u00ab\u00a0Aujourd\u2019hui, nous rendons hommage \u00e0 notre relation forg\u00e9e au fil des si\u00e8cles et nous r\u00e9affirmons notre engagement \u00e0 la poursuivre ensemble\u00a0\u00bb, a-t-il conclu.<\/p>\n<p><a itemprop=\"url\" class=\"turagvzm-link\" href=\"https:\/\/www.youtube.com\/watch?v=LB5b4t_CTSg\" target=\"_blank\" rel=\"nofollow noopener\"><img decoding=\"async\" class=\"turagvzm-image\" src=\"https:\/\/www.europesays.com\/africa\/wp-content\/uploads\/2026\/01\/AOM-AF-300x250-1.jpg\" alt=\"Airports-M-small\"\/><\/a> <\/p>\n<p><img decoding=\"async\" fetchpriority=\"high\" class=\"aligncenter wp-image-279683 size-medium\" src=\"https:\/\/www.europesays.com\/africa\/wp-content\/uploads\/2026\/01\/Nouveau-projet486-508x300-2-508x300.jpg\" alt=\"\" width=\"508\" height=\"300\"  \/><\/p>\n<p>Aux couleurs du Maroc, le Congr\u00e8s am\u00e9ricain a c\u00e9l\u00e9br\u00e9, dans le cadre de cette soir\u00e9e de Gala, le partenariat strat\u00e9gique liant le Royaume et les Etats-Unis d\u2019Am\u00e9rique, qui trouve son ancrage dans la plus ancienne et la plus profonde des relations diplomatiques entretenues par Washington avec ses partenaires \u00e0 travers le monde.<\/p>\n<p>S\u2019inscrivant dans le cadre de l\u2019initiative \u00ab\u00a0Project Legacy Morocco\u00a0\u00bb, cet \u00e9v\u00e9nement a r\u00e9uni plus de 200 convives, entre dignitaires politiques, s\u00e9nateurs, congressmen, hauts-responsables militaires, diplomates, ainsi qu\u2019une repr\u00e9sentation \u00e9largie de la communaut\u00e9 marocaine aux \u00c9tats-Unis.<\/p>\n<p>Une pr\u00e9sence de tr\u00e8s haut niveau qui t\u00e9moigne de l\u2019unanimit\u00e9 dont jouit le Royaume du Maroc aupr\u00e8s des d\u00e9cideurs am\u00e9ricains, toutes formations politiques confondues, et du partenariat exceptionnel liant Rabat et Washington, \u00e9rig\u00e9 en mod\u00e8le abouti de relations agissantes et structur\u00e9es autour d\u2019une vision claire et d\u2019un engagement constant.<\/p>\n<p>Dans des allocutions \u00e0 cette occasion, plusieurs s\u00e9nateurs et congressmen r\u00e9publicains et d\u00e9mocrates ont tenu \u00e0 saluer l\u2019amiti\u00e9 s\u00e9culaire et la relation sp\u00e9ciale entre les Etats-Unis et le Maroc, qui trouvent leur origine dans la d\u00e9cision historique du Royaume de devenir, en 1777, la premi\u00e8re nation \u00e0 reconna\u00eetre l\u2019ind\u00e9pendance de la jeune R\u00e9publique am\u00e9ricaine.<\/p>\n<p>  <a itemprop=\"url\" class=\"turagvzm-link\" href=\"https:\/\/www.visitmorocco.com\/fr\/maroc-terre-de-football\/fr?utm_source=supportspremiumma&amp;utm_campaign=007~afcon25~ma~11~25~supportspremiumma~display~reservation~awareness~cam50m~fr&amp;utm_content=007~006~007~premium~image~1x1~autres\/?source=onmt-can-atlas\" target=\"_blank\" rel=\"nofollow noopener\"><img decoding=\"async\" class=\"turagvzm-image\" src=\"https:\/\/www.europesays.com\/africa\/wp-content\/uploads\/2026\/01\/Atlas-300x250-1.jpg\" alt=\"can2025-atlas\"\/><\/a>\t\t\t<\/p>\n","protected":false},"excerpt":{"rendered":"Sous le leadership du Roi Mohammed VI, le Maroc s\u2019\u00e9rige en \u00ab\u00a0pilier de stabilit\u00e9, de mod\u00e9ration et de&hellip;\n","protected":false},"author":2,"featured_media":9780,"comment_status":"","ping_status":"","sticky":false,"template":"","format":"standard","meta":{"footnotes":""},"categories":[41],"tags":[6873,6876,480,622,2845,618,4629,697,3625,1514,6869,2948,6878,158,6875,6879,6880,6877,6871,6881,6872,6870,6868,6874,592],"class_list":{"0":"post-9779","1":"post","2":"type-post","3":"status-publish","4":"format-standard","5":"has-post-thumbnail","7":"category-maroc","8":"tag-pilier","9":"tag-haut","10":"tag-a-la-une","11":"tag-atlasinfo","12":"tag-de","13":"tag-du","14":"tag-en","15":"tag-et","16":"tag-etats-unis","17":"tag-le","18":"tag-le-maroc-serige-en-pilier-de-stabilite-et-de-moderation-haut-responsable-us","19":"tag-leadership","20":"tag-maison-blanche","21":"tag-maroc","22":"tag-moderation","23":"tag-nsc","24":"tag-project-legacy-morocco","25":"tag-responsable","26":"tag-roi","27":"tag-rudolph-atallah","28":"tag-serige","29":"tag-sous","30":"tag-sous-le-leadership-du-roi","31":"tag-stabilite","32":"tag-us"},"share_on_mastodon":{"url":"","error":""},"_links":{"self":[{"href":"https:\/\/www.europesays.com\/africa\/wp-json\/wp\/v2\/posts\/9779","targetHints":{"allow":["GET"]}}],"collection":[{"href":"https:\/\/www.europesays.com\/africa\/wp-json\/wp\/v2\/posts"}],"about":[{"href":"https:\/\/www.europesays.com\/africa\/wp-json\/wp\/v2\/types\/post"}],"author":[{"embeddable":true,"href":"https:\/\/www.europesays.com\/africa\/wp-json\/wp\/v2\/users\/2"}],"replies":[{"embeddable":true,"href":"https:\/\/www.europesays.com\/africa\/wp-json\/wp\/v2\/comments?post=9779"}],"version-history":[{"count":0,"href":"https:\/\/www.europesays.com\/africa\/wp-json\/wp\/v2\/posts\/9779\/revisions"}],"wp:featuredmedia":[{"embeddable":true,"href":"https:\/\/www.europesays.com\/africa\/wp-json\/wp\/v2\/media\/9780"}],"wp:attachment":[{"href":"https:\/\/www.europesays.com\/africa\/wp-json\/wp\/v2\/media?parent=9779"}],"wp:term":[{"taxonomy":"category","embeddable":true,"href":"https:\/\/www.europesays.com\/africa\/wp-json\/wp\/v2\/categories?post=9779"},{"taxonomy":"post_tag","embeddable":true,"href":"https:\/\/www.europesays.com\/africa\/wp-json\/wp\/v2\/tags?post=9779"}],"curies":[{"name":"wp","href":"https:\/\/api.w.org\/{rel}","templated":true}]}}