{"id":9858,"date":"2026-01-07T18:59:07","date_gmt":"2026-01-07T18:59:07","guid":{"rendered":"https:\/\/www.europesays.com\/africa\/9858\/"},"modified":"2026-01-07T18:59:07","modified_gmt":"2026-01-07T18:59:07","slug":"la-police-municipale-a-controle-et-verbalise-des-automobilistes-a-valence","status":"publish","type":"post","link":"https:\/\/www.europesays.com\/africa\/9858\/","title":{"rendered":"la police municipale a contr\u00f4l\u00e9 et verbalis\u00e9 des automobilistes \u00e0\u00a0Valence"},"content":{"rendered":"<p>Les \u00e9v\u00e9nements sportifs, en particulier les matchs de football, apportent bien souvent leur lot de liesse populaire, et parfois de d\u00e9bordements. Mardi 6\u00a0janvier, vers 22 heures, la police municipale de Valence est intervenue apr\u00e8s la rencontre opposant l\u2019Alg\u00e9rie au Congo dans le cadre de la Coupe d\u2019Afrique des nations (CAN).<\/p>\n<p>Les agents ont contr\u00f4l\u00e9 des v\u00e9hicules et verbalis\u00e9 des automobilistes qui tentaient de bloquer \u201cvolontairement\u201d la circulation avenue de Romans, \u00e0 proximit\u00e9 du centre des imp\u00f4ts. Dans un communiqu\u00e9 de presse, la Ville de Valence rappelle que \u201cles rod\u00e9os urbains et les entraves \u00e0 la circulation sont strictement interdits\u201d.<\/p>\n","protected":false},"excerpt":{"rendered":"Les \u00e9v\u00e9nements sportifs, en particulier les matchs de football, apportent bien souvent leur lot de liesse populaire, et&hellip;\n","protected":false},"author":2,"featured_media":9859,"comment_status":"","ping_status":"","sticky":false,"template":"","format":"standard","meta":{"footnotes":""},"categories":[62],"tags":[64,6953,6952,2659,6950,6951],"class_list":{"0":"post-9858","1":"post","2":"type-post","3":"status-publish","4":"format-standard","5":"has-post-thumbnail","7":"category-afrique","8":"tag-afrique","9":"tag-drome","10":"tag-edition-valence-rhone-crussol-vallee-de-la-drome","11":"tag-faits-divers-justice","12":"tag-valence","13":"tag-valence-bassin"},"share_on_mastodon":{"url":"","error":""},"_links":{"self":[{"href":"https:\/\/www.europesays.com\/africa\/wp-json\/wp\/v2\/posts\/9858","targetHints":{"allow":["GET"]}}],"collection":[{"href":"https:\/\/www.europesays.com\/africa\/wp-json\/wp\/v2\/posts"}],"about":[{"href":"https:\/\/www.europesays.com\/africa\/wp-json\/wp\/v2\/types\/post"}],"author":[{"embeddable":true,"href":"https:\/\/www.europesays.com\/africa\/wp-json\/wp\/v2\/users\/2"}],"replies":[{"embeddable":true,"href":"https:\/\/www.europesays.com\/africa\/wp-json\/wp\/v2\/comments?post=9858"}],"version-history":[{"count":0,"href":"https:\/\/www.europesays.com\/africa\/wp-json\/wp\/v2\/posts\/9858\/revisions"}],"wp:featuredmedia":[{"embeddable":true,"href":"https:\/\/www.europesays.com\/africa\/wp-json\/wp\/v2\/media\/9859"}],"wp:attachment":[{"href":"https:\/\/www.europesays.com\/africa\/wp-json\/wp\/v2\/media?parent=9858"}],"wp:term":[{"taxonomy":"category","embeddable":true,"href":"https:\/\/www.europesays.com\/africa\/wp-json\/wp\/v2\/categories?post=9858"},{"taxonomy":"post_tag","embeddable":true,"href":"https:\/\/www.europesays.com\/africa\/wp-json\/wp\/v2\/tags?post=9858"}],"curies":[{"name":"wp","href":"https:\/\/api.w.org\/{rel}","templated":true}]}}