{"id":9883,"date":"2026-01-07T19:13:08","date_gmt":"2026-01-07T19:13:08","guid":{"rendered":"https:\/\/www.europesays.com\/africa\/9883\/"},"modified":"2026-01-07T19:13:08","modified_gmt":"2026-01-07T19:13:08","slug":"lafrique-du-sud-ninterviendra-pas-dans-le-programme-americain-de-refugies-pour-la-minorite-blanche-selon-un-courriel","status":"publish","type":"post","link":"https:\/\/www.europesays.com\/africa\/9883\/","title":{"rendered":"L&#8217;Afrique du Sud n&#8217;interviendra pas dans le programme am\u00e9ricain de r\u00e9fugi\u00e9s pour la minorit\u00e9 blanche, selon un courriel"},"content":{"rendered":"<p>Des responsables am\u00e9ricains et sud-africains sont parvenus \u00e0 un accord lors d&#8217;une r\u00e9union \u00e0 huis clos fin d\u00e9cembre afin de permettre aux \u00c9tats-Unis de poursuivre leur controverse programme visant \u00e0 accueillir des Sud-Africains blancs en tant que r\u00e9fugi\u00e9s, selon un compte rendu interne de la r\u00e9union consult\u00e9 par Reuters.<\/p>\n<p>La r\u00e9union faisait suite \u00e0 la perturbation, quelques semaines plus t\u00f4t, du programme phare du pr\u00e9sident Donald Trump, lorsque les autorit\u00e9s sud-africaines ont effectu\u00e9 une descente exceptionnelle sur un site de traitement des r\u00e9fugi\u00e9s am\u00e9ricain \u00e0 Johannesburg, arr\u00eatant des sous-traitants et provoquant la col\u00e8re de Washington.<\/p>\n<p>Lors de la r\u00e9union du 23 d\u00e9cembre, le plus haut diplomate am\u00e9ricain en Afrique du Sud, le charg\u00e9 d&#8217;affaires Marc Dillard, a re\u00e7u l&#8217;assurance de Pretoria que l&#8217;Afrique du Sud n&#8217;interviendrait pas dans le programme de Trump, selon le compte rendu sign\u00e9 par Dillard et transmis \u00e0 plusieurs agences am\u00e9ricaines.<\/p>\n<p>\u00ab\u00a0Nous ne sommes peut-\u00eatre pas d&#8217;accord avec la qualification de certains Sud-Africains comme \u00e9tant menac\u00e9s de g\u00e9nocide, mais leur droit de partir vers la destination de leur choix est garanti et le gouvernement sud-africain n&#8217;interviendra pas\u00a0\u00bb, a d\u00e9clar\u00e9 Thabo Thage, l&#8217;un des responsables sud-africains pr\u00e9sents, selon le compte rendu.<\/p>\n<p>Dans le m\u00eame temps, les responsables sud-africains n&#8217;ont pas pleinement accept\u00e9 d&#8217;enqu\u00eater sur la fuite de l&#8217;image du passeport d&#8217;un agent am\u00e9ricain des r\u00e9fugi\u00e9s avant sa diffusion en ligne, n&#8217;offrant qu&#8217;une r\u00e9action \u00ab\u00a0ti\u00e8de\u00a0\u00bb aux demandes de Washington pour \u00e9lucider l&#8217;affaire, selon ce compte rendu in\u00e9dit.<\/p>\n<p>Donald Trump avait gel\u00e9 les admissions de r\u00e9fugi\u00e9s aux \u00c9tats-Unis \u00e0 son retour \u00e0 la Maison Blanche, dans le cadre d&#8217;un durcissement g\u00e9n\u00e9ral de sa politique migratoire. Mais il a lanc\u00e9 quelques semaines plus tard une initiative visant \u00e0 accueillir en tant que r\u00e9fugi\u00e9s des Sud-Africains blancs d&#8217;origine afrikaner, affirmant qu&#8217;ils \u00e9taient victimes de pers\u00e9cutions raciales dans une Afrique du Sud \u00e0 majorit\u00e9 noire. Le gouvernement sud-africain a fermement rejet\u00e9 ces all\u00e9gations, qui rappellent des th\u00e9ories complotistes d&#8217;extr\u00eame droite.<\/p>\n<p>Lors d&#8217;une rencontre en mai avec le pr\u00e9sident sud-africain Cyril Ramaphosa, Donald Trump a confront\u00e9 son homologue avec de fausses affirmations sur un \u00ab\u00a0g\u00e9nocide blanc\u00a0\u00bb dans le pays. Les relations entre les deux nations se sont d\u00e9t\u00e9rior\u00e9es apr\u00e8s que Washington a interdit \u00e0 l&#8217;Afrique du Sud de participer aux r\u00e9unions du G20 qu&#8217;elle accueillera plus tard cette ann\u00e9e.<\/p>\n<p>Les tensions ont atteint leur paroxysme \u00e0 la mi-d\u00e9cembre, lorsque les autorit\u00e9s sud-africaines ont effectu\u00e9 une descente sur un site o\u00f9 des employ\u00e9s et sous-traitants am\u00e9ricains travaillaient sur des dossiers de r\u00e9fugi\u00e9s.<\/p>\n<p>La descente a conduit \u00e0 l&#8217;arrestation de sept K\u00e9nyans employ\u00e9s comme sous-traitants pour une organisation am\u00e9ricaine de r\u00e9fugi\u00e9s, soup\u00e7onn\u00e9s d&#8217;avoir viol\u00e9 les conditions de leur visa, ainsi qu&#8217;\u00e0 la br\u00e8ve d\u00e9tention de deux agents am\u00e9ricains des r\u00e9fugi\u00e9s.<\/p>\n<p>Le D\u00e9partement d&#8217;\u00c9tat am\u00e9ricain a d\u00e9clar\u00e9 que, malgr\u00e9 les \u00ab\u00a0\u00e9v\u00e9nements inacceptables\u00a0\u00bb de d\u00e9cembre, ses op\u00e9rations n&#8217;avaient pas \u00e9t\u00e9 entrav\u00e9es. Selon le d\u00e9partement, plus d&#8217;Afrikaners sont arriv\u00e9s aux \u00c9tats-Unis en d\u00e9cembre qu&#8217;au cours de tout autre mois pr\u00e9c\u00e9dent, et des chiffres encore plus \u00e9lev\u00e9s \u00e9taient attendus pour janvier.<\/p>\n<p>Le minist\u00e8re sud-africain des Relations internationales et de la Coop\u00e9ration a rejet\u00e9 toute suggestion selon laquelle ses responsables n\u00e9gociaient avec les \u00c9tats-Unis au sujet du programme de r\u00e9fugi\u00e9s.<\/p>\n<p>\u00ab\u00a0Notre position sur la soi-disant &#8216;protection des r\u00e9fugi\u00e9s&#8217; pour les citoyens sud-africains reste inchang\u00e9e\u00a0: elle repose sur une pr\u00e9misse erron\u00e9e, sans fondement empirique, et a \u00e9t\u00e9 rejet\u00e9e par des Sud-Africains de tous horizons\u00a0\u00bb, a indiqu\u00e9 le minist\u00e8re dans un communiqu\u00e9.<\/p>\n<p>DIPLOMATIE PRIV\u00c9E APR\u00c8S DES AFFRONTEMENTS PUBLICS<\/p>\n<p>Le compte rendu, envoy\u00e9 lundi par courriel au personnel du programme am\u00e9ricain des r\u00e9fugi\u00e9s et class\u00e9 \u00ab\u00a0sensible\u00a0\u00bb, laisse entendre que les deux pays cherchent discr\u00e8tement une approche plus collaborative apr\u00e8s des relations tendues depuis l&#8217;arriv\u00e9e de Trump au pouvoir il y a pr\u00e8s d&#8217;un an.<\/p>\n<p>Au cours d&#8217;une r\u00e9union de deux heures tard dans la nuit du 23 d\u00e9cembre, les responsables sud-africains semblaient vouloir apaiser la situation plut\u00f4t que de s&#8217;engager dans la confrontation, selon le compte rendu am\u00e9ricain. Dillard a rencontr\u00e9 deux hauts diplomates sud-africains, le vice-ministre Alvin Botes et le directeur g\u00e9n\u00e9ral par int\u00e9rim pour l&#8217;Am\u00e9rique du Nord, Thabo Thage.<\/p>\n<p>\u00ab\u00a0Botes et Thage semblent \u00eatre venus \u00e0 la r\u00e9union dans le but de d\u00e9samorcer la mont\u00e9e des tensions r\u00e9centes et d&#8217;am\u00e9liorer la communication avec leurs homologues am\u00e9ricains pour \u00e9viter tout &#8216;drame&#8217; et l&#8217;\u00e9tallage inutile de griefs publics \u00e0 l&#8217;avenir\u00a0\u00bb, indique le compte rendu.<\/p>\n<p>Le minist\u00e8re sud-africain des Affaires \u00e9trang\u00e8res a pr\u00e9cis\u00e9 que l&#8217;arrestation de sous-traitants du programme am\u00e9ricain \u00e9tait \u00ab\u00a0une question d&#8217;application de la loi, et non un signal diplomatique\u00a0\u00bb, et que le programme am\u00e9ricain pouvait se poursuivre s&#8217;il respectait la loi sud-africaine.<\/p>\n<p>\u00ab\u00a0Consid\u00e9rer le respect de l&#8217;\u00e9tat de droit comme un &#8216;soutien secret&#8217; \u00e0 un programme de politique \u00e9trang\u00e8re sp\u00e9cifique est une interpr\u00e9tation d\u00e9lib\u00e9r\u00e9ment erron\u00e9e\u00a0\u00bb, a d\u00e9clar\u00e9 le minist\u00e8re.<\/p>\n<p>Si les responsables sud-africains ont d\u00e9fendu l&#8217;arrestation des sous-traitants k\u00e9nyans comme une \u00ab\u00a0application de la loi sur l&#8217;immigration\u00a0\u00bb, ils ont \u00e9galement affirm\u00e9 que leur pays ne chercherait pas \u00e0 faire \u00e9chouer l&#8217;initiative de Trump visant \u00e0 accueillir des Sud-Africains blancs aux \u00c9tats-Unis.<\/p>\n<p>Ils ont assur\u00e9 \u00e0 plusieurs reprises le charg\u00e9 d&#8217;affaires \u00ab\u00a0qu&#8217;il n&#8217;y avait eu aucun changement de politique et que l&#8217;Afrique du Sud n&#8217;interviendrait pas dans le Programme d&#8217;Admissions des R\u00e9fugi\u00e9s am\u00e9ricain\u00a0\u00bb, selon le compte rendu.<\/p>\n<p>Botes et Thage ont recommand\u00e9 aux \u00c9tats-Unis d&#8217;augmenter leurs effectifs am\u00e9ricains et de sous-traiter \u00e0 des Sud-Africains plut\u00f4t qu&#8217;\u00e0 des K\u00e9nyans afin d&#8217;\u00e9viter de futurs probl\u00e8mes, selon le compte rendu.<\/p>\n<p>Les responsables sud-africains ont offert une \u00ab\u00a0promesse ti\u00e8de\u00a0\u00bb d&#8217;enqu\u00eater sur la fuite du passeport d&#8217;un agent du service de citoyennet\u00e9 et d&#8217;immigration am\u00e9ricain apr\u00e8s la descente, un incident qualifi\u00e9 \u00e0 l&#8217;\u00e9poque d&#8217;\u00ab\u00a0inacceptable\u00a0\u00bb par l&#8217;ambassade am\u00e9ricaine, selon le compte rendu.<\/p>\n<p>Thage a \u00ab\u00a0minimis\u00e9 l&#8217;incident du USCIS\u00a0\u00bb, mettant en doute le lien entre la fuite du passeport et le gouvernement sud-africain, selon le compte rendu.<\/p>\n<p>Alors que Thage rejetait la responsabilit\u00e9 sur un blogueur ayant publi\u00e9 l&#8217;image sur X, Botes \u2013 le num\u00e9ro deux du minist\u00e8re sud-africain des Affaires \u00e9trang\u00e8res \u2013 a appel\u00e9 \u00e0 un examen plus approfondi, selon le compte rendu.<\/p>\n<p>\u00ab\u00a0Botes a reconnu la n\u00e9cessit\u00e9 de faire la lumi\u00e8re sur l&#8217;affaire, a lanc\u00e9 un regard \u00e0 Thage s&#8217;interrogeant sur son opposition \u00e0 une enqu\u00eate, et a charg\u00e9 Thage de faire le suivi\u00a0\u00bb, pr\u00e9cise le document.<\/p>\n<p>TRUMP SE CONCENTRE SUR LES AFRIKANERS<\/p>\n<p>Dillard est devenu charg\u00e9 d&#8217;affaires \u00e0 Pretoria apr\u00e8s le d\u00e9part de l&#8217;ancien responsable, David Greene, en novembre. Greene avait demand\u00e9 dans une d\u00e9p\u00eache envoy\u00e9e \u00e0 Washington en juillet si les non-Blancs pouvaient \u00eatre \u00e9ligibles au programme de r\u00e9fugi\u00e9s, ce \u00e0 quoi le principal responsable nomm\u00e9 par Trump avait alors r\u00e9pondu que le programme \u00e9tait r\u00e9serv\u00e9 aux Blancs, selon Reuters.<\/p>\n<p>Trump a fix\u00e9 l&#8217;objectif d&#8217;admissions de r\u00e9fugi\u00e9s pour l&#8217;exercice 2026 \u00e0 7\u00a0500 en octobre, le niveau le plus bas jamais enregistr\u00e9, avec un accent sur les Afrikaners.<\/p>\n<p>Environ 1\u00a0000 sont entr\u00e9s depuis les premi\u00e8res arriv\u00e9es en mai, selon deux sources proches du dossier.<\/p>\n","protected":false},"excerpt":{"rendered":"Des responsables am\u00e9ricains et sud-africains sont parvenus \u00e0 un accord lors d&#8217;une r\u00e9union \u00e0 huis clos fin d\u00e9cembre&hellip;\n","protected":false},"author":2,"featured_media":9884,"comment_status":"","ping_status":"","sticky":false,"template":"","format":"standard","meta":{"footnotes":""},"categories":[62],"tags":[64,5921],"class_list":{"0":"post-9883","1":"post","2":"type-post","3":"status-publish","4":"format-standard","5":"has-post-thumbnail","7":"category-afrique","8":"tag-afrique","9":"tag-bourse"},"share_on_mastodon":{"url":"","error":""},"_links":{"self":[{"href":"https:\/\/www.europesays.com\/africa\/wp-json\/wp\/v2\/posts\/9883","targetHints":{"allow":["GET"]}}],"collection":[{"href":"https:\/\/www.europesays.com\/africa\/wp-json\/wp\/v2\/posts"}],"about":[{"href":"https:\/\/www.europesays.com\/africa\/wp-json\/wp\/v2\/types\/post"}],"author":[{"embeddable":true,"href":"https:\/\/www.europesays.com\/africa\/wp-json\/wp\/v2\/users\/2"}],"replies":[{"embeddable":true,"href":"https:\/\/www.europesays.com\/africa\/wp-json\/wp\/v2\/comments?post=9883"}],"version-history":[{"count":0,"href":"https:\/\/www.europesays.com\/africa\/wp-json\/wp\/v2\/posts\/9883\/revisions"}],"wp:featuredmedia":[{"embeddable":true,"href":"https:\/\/www.europesays.com\/africa\/wp-json\/wp\/v2\/media\/9884"}],"wp:attachment":[{"href":"https:\/\/www.europesays.com\/africa\/wp-json\/wp\/v2\/media?parent=9883"}],"wp:term":[{"taxonomy":"category","embeddable":true,"href":"https:\/\/www.europesays.com\/africa\/wp-json\/wp\/v2\/categories?post=9883"},{"taxonomy":"post_tag","embeddable":true,"href":"https:\/\/www.europesays.com\/africa\/wp-json\/wp\/v2\/tags?post=9883"}],"curies":[{"name":"wp","href":"https:\/\/api.w.org\/{rel}","templated":true}]}}