{"id":9909,"date":"2026-01-07T19:31:40","date_gmt":"2026-01-07T19:31:40","guid":{"rendered":"https:\/\/www.europesays.com\/africa\/9909\/"},"modified":"2026-01-07T19:31:40","modified_gmt":"2026-01-07T19:31:40","slug":"un-grave-accident-fait-7-morts-et-plusieurs-blesses","status":"publish","type":"post","link":"https:\/\/www.europesays.com\/africa\/9909\/","title":{"rendered":"Un grave accident fait 7 morts et plusieurs bless\u00e9s"},"content":{"rendered":"<p style=\"text-align: justify;\">Un drame de trop sur les routes. Ce mercredi, un terrible accident de la route s\u2019est produit \u00e0 Faraf\u00e9nni, situ\u00e9e \u00e0 proximit\u00e9 de la fronti\u00e8re s\u00e9n\u00e9galaise et plongeant les populations dans la consternation. Selon Ibrahima Diop, membre de l\u2019Union des Routiers du S\u00e9n\u00e9gal, la collision, d\u2019une violence inou\u00efe, a impliqu\u00e9 un minicar de la compagnie Cheikhou Ch\u00e9rifou et un bus. Le choc s\u2019est produit dans un virage dangereux, juste apr\u00e8s le camp militaire, alors que le minicar sortait de Faraf\u00e9gn\u00e9. <\/p>\n<p style=\"text-align: justify;\">\u00a0 <\/p>\n<p style=\"text-align: justify;\">Le bilan provisoire fait \u00e9tat d\u2019au moins 7 morts et plusieurs autres bless\u00e9s dont certains dans un \u00e9tat critique. Ces derniers ont \u00e9t\u00e9 \u00e9vacu\u00e9s en urgence vers les structures hospitali\u00e8res de Banjul, la capitale gambienne. Les circonstances exactes du drame restent encore \u00e0 d\u00e9terminer, mais les premiers t\u00e9moignages \u00e9voquent une possible man\u0153uvre de d\u00e9passement qui aurait mal tourn\u00e9 dans cette zone r\u00e9put\u00e9e dangereuse. <\/p>\n<p style=\"text-align: justify;\">\u00a0 <\/p>\n<p style=\"text-align: justify;\">Nous y reviendrons\u2026 <\/p>\n","protected":false},"excerpt":{"rendered":"Un drame de trop sur les routes. Ce mercredi, un terrible accident de la route s\u2019est produit \u00e0&hellip;\n","protected":false},"author":2,"featured_media":9910,"comment_status":"","ping_status":"","sticky":false,"template":"","format":"standard","meta":{"footnotes":""},"categories":[48],"tags":[64,274,279,273,277,278,271,281,283,272,280,276,275,159,282],"class_list":{"0":"post-9909","1":"post","2":"type-post","3":"status-publish","4":"format-standard","5":"has-post-thumbnail","7":"category-senegal","8":"tag-afrique","9":"tag-aliou-cisse","10":"tag-amadou-ba","11":"tag-apr","12":"tag-bassirou-diomaye-faye","13":"tag-bathelemy-dias","14":"tag-dakar","15":"tag-el-malick-ndiaye","16":"tag-guy-marius-sagna","17":"tag-macky-sall","18":"tag-madiambal-diagne","19":"tag-ousmane-sonko","20":"tag-pastef","21":"tag-senegal","22":"tag-ziguinchor"},"share_on_mastodon":{"url":"","error":""},"_links":{"self":[{"href":"https:\/\/www.europesays.com\/africa\/wp-json\/wp\/v2\/posts\/9909","targetHints":{"allow":["GET"]}}],"collection":[{"href":"https:\/\/www.europesays.com\/africa\/wp-json\/wp\/v2\/posts"}],"about":[{"href":"https:\/\/www.europesays.com\/africa\/wp-json\/wp\/v2\/types\/post"}],"author":[{"embeddable":true,"href":"https:\/\/www.europesays.com\/africa\/wp-json\/wp\/v2\/users\/2"}],"replies":[{"embeddable":true,"href":"https:\/\/www.europesays.com\/africa\/wp-json\/wp\/v2\/comments?post=9909"}],"version-history":[{"count":0,"href":"https:\/\/www.europesays.com\/africa\/wp-json\/wp\/v2\/posts\/9909\/revisions"}],"wp:featuredmedia":[{"embeddable":true,"href":"https:\/\/www.europesays.com\/africa\/wp-json\/wp\/v2\/media\/9910"}],"wp:attachment":[{"href":"https:\/\/www.europesays.com\/africa\/wp-json\/wp\/v2\/media?parent=9909"}],"wp:term":[{"taxonomy":"category","embeddable":true,"href":"https:\/\/www.europesays.com\/africa\/wp-json\/wp\/v2\/categories?post=9909"},{"taxonomy":"post_tag","embeddable":true,"href":"https:\/\/www.europesays.com\/africa\/wp-json\/wp\/v2\/tags?post=9909"}],"curies":[{"name":"wp","href":"https:\/\/api.w.org\/{rel}","templated":true}]}}