{"id":9968,"date":"2026-01-07T20:15:12","date_gmt":"2026-01-07T20:15:12","guid":{"rendered":"https:\/\/www.europesays.com\/africa\/9968\/"},"modified":"2026-01-07T20:15:12","modified_gmt":"2026-01-07T20:15:12","slug":"serigne-khadim-mbacke-abdou-fatah-reclame-50-millions-cfa-a-4-individus","status":"publish","type":"post","link":"https:\/\/www.europesays.com\/africa\/9968\/","title":{"rendered":"Serigne Khadim Mback\u00e9 Abdou Fatah r\u00e9clame 50 millions Cfa \u00e0 4 individus"},"content":{"rendered":"\n<p style=\"text-align: justify;\">Quatre individus accus\u00e9s d\u2019avoir d\u00e9truit plus de deux cents bornes sur un domaine de 800 hectares risquent une condamnation ferme et le versement d\u2019importants dommages et int\u00e9r\u00eats.\u00a0En effet, Balla Sarr, Asse Mbaye,\u00a0Djily\u00a0Sarr et Modou Sarr ont comparu ce mardi 6 janvier 2026 devant le tribunal des flagrants d\u00e9lits de Diourbel. Ils sont poursuivis pour association de malfaiteurs et destruction de bornes sur un terrain situ\u00e9 \u00e0 Khouthioute (Touba-Ndindy), propri\u00e9t\u00e9 confi\u00e9e au marabout Serigne Khadim Mback\u00e9 Abdou Fatah par son p\u00e8re. <\/p>\n<p style=\"text-align: justify;\">\u00a0 <\/p>\n<p style=\"text-align: justify;\">Les \u00e9v\u00e9nements se sont d\u00e9roul\u00e9s le vendredi 31 janvier 2025, lorsque le plaignant a \u00e9t\u00e9 alert\u00e9 d\u2019une intrusion des fr\u00e8res Sarr sur son domaine. \u00c0 l\u2019arriv\u00e9e des gendarmes, plus de deux cents bornes avaient d\u00e9j\u00e0 \u00e9t\u00e9 d\u00e9truites. Les quatre pr\u00e9venus ont \u00e9t\u00e9 interpell\u00e9s sur place. <\/p>\n<p style=\"text-align: justify;\">\u00a0 <\/p>\n<p style=\"text-align: justify;\">Lors de l\u2019audience, les accus\u00e9s ont ni\u00e9 les faits, revenant sur les aveux circonstanci\u00e9s qu\u2019ils avaient faits durant l\u2019enqu\u00eate. Paradoxalement, ils s\u2019\u00e9taient film\u00e9s en train de saccager le site, diffusant ces vid\u00e9os sur les r\u00e9seaux sociaux.\u00a0La d\u00e9fense de la partie civile a produit des images montrant clairement les pr\u00e9venus \u00e0 visage d\u00e9couvert sur les lieux le jour des faits, contredisant leurs d\u00e9n\u00e9gations. <\/p>\n<p style=\"text-align: justify;\">\u00a0 <\/p>\n<p style=\"text-align: justify;\">Le procureur Farba Niowi Ngom a requis deux ans d\u2019emprisonnement dont six mois ferme, soulignant que \u00ab\u00a0les faits reproch\u00e9s aux pr\u00e9venus sont mat\u00e9riellement \u00e9tablis\u00a0\u00bb.\u00a0\u00a0Les avocats de Serigne Khadim Mback\u00e9 Abdou Fatah, Ma\u00eetres Moustapha Ndiaye et Mamoune Fall, ont r\u00e9clam\u00e9 50 millions FCFA de dommages et int\u00e9r\u00eats, d\u00e9non\u00e7ant \u00ab\u00a0la mauvaise foi des pr\u00e9venus, leur pr\u00e9disposition \u00e0 la violence et leur total irrespect \u00e0 la loi\u00a0\u00bb.\u00a0 <\/p>\n<p style=\"text-align: justify;\">\u00a0 <\/p>\n<p style=\"text-align: justify;\">Me Serigne Diongue, avocat des quatre pr\u00e9venus, a plaid\u00e9 la relaxe pure et simple, invitant subsidiairement le tribunal \u00e0 leur accorder le b\u00e9n\u00e9fice du doute. <\/p>\n","protected":false},"excerpt":{"rendered":"Quatre individus accus\u00e9s d\u2019avoir d\u00e9truit plus de deux cents bornes sur un domaine de 800 hectares risquent une&hellip;\n","protected":false},"author":2,"featured_media":9969,"comment_status":"","ping_status":"","sticky":false,"template":"","format":"standard","meta":{"footnotes":""},"categories":[48],"tags":[64,274,279,273,277,278,271,281,283,272,280,276,275,159,282],"class_list":{"0":"post-9968","1":"post","2":"type-post","3":"status-publish","4":"format-standard","5":"has-post-thumbnail","7":"category-senegal","8":"tag-afrique","9":"tag-aliou-cisse","10":"tag-amadou-ba","11":"tag-apr","12":"tag-bassirou-diomaye-faye","13":"tag-bathelemy-dias","14":"tag-dakar","15":"tag-el-malick-ndiaye","16":"tag-guy-marius-sagna","17":"tag-macky-sall","18":"tag-madiambal-diagne","19":"tag-ousmane-sonko","20":"tag-pastef","21":"tag-senegal","22":"tag-ziguinchor"},"share_on_mastodon":{"url":"","error":""},"_links":{"self":[{"href":"https:\/\/www.europesays.com\/africa\/wp-json\/wp\/v2\/posts\/9968","targetHints":{"allow":["GET"]}}],"collection":[{"href":"https:\/\/www.europesays.com\/africa\/wp-json\/wp\/v2\/posts"}],"about":[{"href":"https:\/\/www.europesays.com\/africa\/wp-json\/wp\/v2\/types\/post"}],"author":[{"embeddable":true,"href":"https:\/\/www.europesays.com\/africa\/wp-json\/wp\/v2\/users\/2"}],"replies":[{"embeddable":true,"href":"https:\/\/www.europesays.com\/africa\/wp-json\/wp\/v2\/comments?post=9968"}],"version-history":[{"count":0,"href":"https:\/\/www.europesays.com\/africa\/wp-json\/wp\/v2\/posts\/9968\/revisions"}],"wp:featuredmedia":[{"embeddable":true,"href":"https:\/\/www.europesays.com\/africa\/wp-json\/wp\/v2\/media\/9969"}],"wp:attachment":[{"href":"https:\/\/www.europesays.com\/africa\/wp-json\/wp\/v2\/media?parent=9968"}],"wp:term":[{"taxonomy":"category","embeddable":true,"href":"https:\/\/www.europesays.com\/africa\/wp-json\/wp\/v2\/categories?post=9968"},{"taxonomy":"post_tag","embeddable":true,"href":"https:\/\/www.europesays.com\/africa\/wp-json\/wp\/v2\/tags?post=9968"}],"curies":[{"name":"wp","href":"https:\/\/api.w.org\/{rel}","templated":true}]}}