{"id":17448,"date":"2026-05-15T19:41:15","date_gmt":"2026-05-15T19:41:15","guid":{"rendered":"https:\/\/www.europesays.com\/afrika\/17448\/"},"modified":"2026-05-15T19:41:15","modified_gmt":"2026-05-15T19:41:15","slug":"fussball-nach-verbandswechsel-rani-khedira-in-tunesiens-wm-kader-sport","status":"publish","type":"post","link":"https:\/\/www.europesays.com\/afrika\/17448\/","title":{"rendered":"Fu\u00dfball &#8211; Nach Verbandswechsel: Rani Khedira in Tunesiens WM-Kader &#8211; Sport"},"content":{"rendered":"<p data-manual=\"paragraph\" data-schema-org-speakable=\"true\" class=\"css-1eosz7k\"><a href=\"https:\/\/www.sueddeutsche.de\/thema\/Berlin\" rel=\"nofollow noopener\" target=\"_blank\">Berlin<\/a> (dpa) &#8211; Rani Khedira vom <a href=\"https:\/\/www.sueddeutsche.de\/thema\/1._FC_Union_Berlin\" rel=\"nofollow noopener\" target=\"_blank\">1. FC Union Berlin<\/a> f\u00e4hrt mit <a href=\"https:\/\/www.sueddeutsche.de\/thema\/Tunesien\" rel=\"nofollow noopener\" target=\"_blank\">Tunesien<\/a> zur <a href=\"https:\/\/www.sueddeutsche.de\/thema\/Fu%C3%9Fball\" rel=\"nofollow noopener\" target=\"_blank\">Fu\u00dfball<\/a>-Weltmeisterschaft. Der Mittelfeldspieler ist neben Ismael Gharbi vom FC Augsburg und dem Frankfurter Ellyes Skhiri einer von drei <a href=\"https:\/\/www.sueddeutsche.de\/thema\/Bundesliga\" rel=\"nofollow noopener\" target=\"_blank\">Bundesliga<\/a>-Profis im 26-k\u00f6pfigen Kader von Trainer Sabri Lamouchi. Auch Elias Saad von Zweitligist Hannover 96 steht im Aufgebot.<\/p>\n<p>Plattform XDie SZ-Redaktion hat diesen Artikel mit einem Inhalt von Plattform X angereichert<\/p>\n<p class=\"css-kxe210\">Um Ihre Daten zu sch\u00fctzen, wurde er nicht ohne Ihre Zustimmung geladen.<\/p>\n<p>Inhalt jetzt laden<\/p>\n<p class=\"css-orh8zx\">Ich bin damit einverstanden, dass mir Inhalte von Plattform X angezeigt werden. Damit werden personenbezogene Daten an den Betreiber des Portals zur Nutzungsanalyse \u00fcbermittelt. Mehr Informationen und eine Widerrufsm\u00f6glichkeit finden Sie unter\u00a0<a href=\"https:\/\/datenschutz.sueddeutsche.de\/sz\" class=\"css-lqefuc\" rel=\"nofollow noopener\" target=\"_blank\">sz.de\/datenschutz<\/a>.<\/p>\n<p data-manual=\"paragraph\" data-schema-org-speakable=\"true\" class=\"css-1eosz7k\">Khedira hatte sich erst vor wenigen Wochen f\u00fcr einen Verbandswechsel entschieden, um seinem Traum von einer WM-Teilnahme n\u00e4herzukommen. Ende M\u00e4rz feierte der geb\u00fcrtige Stuttgarter, dessen Vater Tunesier ist, dann sein L\u00e4nderspiel-Deb\u00fct f\u00fcr die \u201eAdler von Karthago\u201c.\u00a0<\/p>\n<p>13 Junioren-L\u00e4nderspiele f\u00fcr Deutschland<\/p>\n<p data-manual=\"paragraph\" data-schema-org-speakable=\"true\" class=\"css-1eosz7k\">Khedira bestritt 13 Junioren-<a href=\"https:\/\/www.sueddeutsche.de\/thema\/L%C3%A4nderspiele\" rel=\"nofollow noopener\" target=\"_blank\">L\u00e4nderspiele<\/a> f\u00fcr <a href=\"https:\/\/www.sueddeutsche.de\/thema\/Deutschland\" rel=\"nofollow noopener\" target=\"_blank\">Deutschland<\/a>. 2018 hatte er einen Verbandswechsel noch abgelehnt. \u201eIch bin in Deutschland geboren und aufgewachsen. Ich spreche nur Deutsch\u201c, sagte der Bruder des fr\u00fcheren deutschen Nationalspielers und 2014er-Weltmeisters Sami Khedira. Vor der WM 2022 stand Khedira im erweiterten Perspektivkader des damaligen Bundestrainers Hansi Flick.<\/p>\n<p data-manual=\"paragraph\" data-schema-org-speakable=\"true\" class=\"css-1eosz7k\">Bei der XXL-WM in den USA, Kanada und Mexiko trifft Tunesien in der Gruppenphase auf Japan, die Niederlande und Schweden. Tunesien hat in Michael Hefele einen deutschen Co-Trainer.<\/p>\n<p data-manual=\"paragraph\" data-schema-org-speakable=\"true\" class=\"css-1eosz7k\">\u00a9 dpa-infocom, dpa:260515-930-86025\/1<\/p>\n","protected":false},"excerpt":{"rendered":"Berlin (dpa) &#8211; Rani Khedira vom 1. FC Union Berlin f\u00e4hrt mit Tunesien zur Fu\u00dfball-Weltmeisterschaft. Der Mittelfeldspieler ist&hellip;\n","protected":false},"author":2,"featured_media":17449,"comment_status":"","ping_status":"","sticky":false,"template":"","format":"standard","meta":{"footnotes":"","_share_on_mastodon":"0"},"categories":[20],"tags":[3981,29,541,1452,158,152,4237,2901,412,5427,284,211,212],"class_list":["post-17448","post","type-post","status-publish","format-standard","has-post-thumbnail","category-tunesien","tag-1-fc-union-berlin","tag-afrika","tag-berlin","tag-bundesliga","tag-deutschland","tag-fussball","tag-laenderspiele","tag-nationalmannschaft","tag-sport","tag-stadion-an-der-alten-foersterei","tag-sueddeutsche-zeitung","tag-tunesien","tag-tunisia"],"share_on_mastodon":{"url":"https:\/\/pubeurope.com\/@afrika\/116580298393290676","error":""},"_links":{"self":[{"href":"https:\/\/www.europesays.com\/afrika\/wp-json\/wp\/v2\/posts\/17448","targetHints":{"allow":["GET"]}}],"collection":[{"href":"https:\/\/www.europesays.com\/afrika\/wp-json\/wp\/v2\/posts"}],"about":[{"href":"https:\/\/www.europesays.com\/afrika\/wp-json\/wp\/v2\/types\/post"}],"author":[{"embeddable":true,"href":"https:\/\/www.europesays.com\/afrika\/wp-json\/wp\/v2\/users\/2"}],"replies":[{"embeddable":true,"href":"https:\/\/www.europesays.com\/afrika\/wp-json\/wp\/v2\/comments?post=17448"}],"version-history":[{"count":0,"href":"https:\/\/www.europesays.com\/afrika\/wp-json\/wp\/v2\/posts\/17448\/revisions"}],"wp:featuredmedia":[{"embeddable":true,"href":"https:\/\/www.europesays.com\/afrika\/wp-json\/wp\/v2\/media\/17449"}],"wp:attachment":[{"href":"https:\/\/www.europesays.com\/afrika\/wp-json\/wp\/v2\/media?parent=17448"}],"wp:term":[{"taxonomy":"category","embeddable":true,"href":"https:\/\/www.europesays.com\/afrika\/wp-json\/wp\/v2\/categories?post=17448"},{"taxonomy":"post_tag","embeddable":true,"href":"https:\/\/www.europesays.com\/afrika\/wp-json\/wp\/v2\/tags?post=17448"}],"curies":[{"name":"wp","href":"https:\/\/api.w.org\/{rel}","templated":true}]}}