{"id":18675,"date":"2026-05-18T15:29:13","date_gmt":"2026-05-18T15:29:13","guid":{"rendered":"https:\/\/www.europesays.com\/afrika\/18675\/"},"modified":"2026-05-18T15:29:13","modified_gmt":"2026-05-18T15:29:13","slug":"46-entfuehrte-nach-angriffen-auf-schulen-in-oyo","status":"publish","type":"post","link":"https:\/\/www.europesays.com\/afrika\/18675\/","title":{"rendered":"46 Entf\u00fchrte nach Angriffen auf Schulen in Oyo"},"content":{"rendered":"<p class=\"text_ohne_einzug richtext text-em-55 !leading-serif mx-6 desktop:mx-0\">Im S\u00fcdwesten Nigerias sind drei Schulen angegriffen und 46 Menschen entf\u00fchrt worden. Bei der Verschleppten handele es sich haupts\u00e4chlich um Kinder im Alter von zwei bis 16 Jahren, teilte am Montag die Christliche Vereinigung des Landes (CAN) mit. \u00dcber die Identit\u00e4t der Kidnapper oder m\u00f6gliche L\u00f6segeld-Forderungen sei nichts bekannt, sagte der CAN-Vorsitzende des Bundesstaates Oyo, Pastor Elisha Olukayode Ogundiya, der Nachrichtenagentur AFP.<\/p>\n<p class=\"richtext text-em-55 !leading-serif mx-6 desktop:mx-0\">Die drei \u00dcberf\u00e4lle erfolgten bereits am Freitag. Die <a href=\"https:\/\/rp-online.de\/thema\/polizei\/\" rel=\"nofollow noopener\" target=\"_blank\">Polizei<\/a> sprach von einem \u201ekoordinierten Angriff\u201c. Der Gouverneur von Oyo, Seyi Makinde, machte bewaffnete Gruppen aus dem Nordwesten Nigerias verantwortlich. Seinen Angaben zufolge sind unter den Entf\u00fchrten sieben Lehrkr\u00e4fte.<\/p>\n<p class=\"richtext text-em-55 !leading-serif mx-6 desktop:mx-0\"><a href=\"https:\/\/rp-online.de\/thema\/nigeria\/\" rel=\"nofollow noopener\" target=\"_blank\">Nigeria<\/a> wird von zahlreichen Konflikten zwischen verschiedenen Ethnien und Bev\u00f6lkerungsgruppen ersch\u00fcttert, denen Christen wie <a href=\"https:\/\/rp-online.de\/thema\/muslime\/\" rel=\"nofollow noopener\" target=\"_blank\">Muslime<\/a> gleicherma\u00dfen zum Opfer fallen. Das bev\u00f6lkerungsreichste Land Afrikas ist in einen mehrheitlich muslimischen Norden und einen weitgehend christlichen S\u00fcden geteilt.<\/p>\n<p class=\"richtext text-em-55 !leading-serif mx-6 desktop:mx-0\">Kriminelle Gruppen in Nigeria entf\u00fchren immer wieder Kinder, um sich mit dem L\u00f6segeld zu finanzieren. Entf\u00fchrungen gibt es vor allem in l\u00e4ndlichen Gebieten, in denen nur wenige Sicherheitskr\u00e4fte stationiert sind. F\u00fcr viele Angriffe in den vergangenen Monaten wurden dschihadistische Gruppen verantwortlich gemacht.<\/p>\n<p class=\"richtext text-em-55 !leading-serif mx-6 desktop:mx-0\">Die seit langem andauernden Sicherheitskrisen in Nigeria hatten zuletzt internationales Aufsehen erregt, nachdem US-Pr\u00e4sident <a href=\"https:\/\/rp-online.de\/thema\/donald-trump\/\" rel=\"nofollow noopener\" target=\"_blank\">Donald Trump<\/a> einen angeblichen \u201eV\u00f6lkermord\u201c an Christen in dem westafrikanischen Land angeprangert und einen Milit\u00e4reinsatz angedroht hatte. Laut Experten treffen die Konflikte in Afrikas bev\u00f6lkerungsreichstem Land Christen und Muslime jedoch gleicherma\u00dfen.<\/p>\n","protected":false},"excerpt":{"rendered":"Im S\u00fcdwesten Nigerias sind drei Schulen angegriffen und 46 Menschen entf\u00fchrt worden. Bei der Verschleppten handele es sich&hellip;\n","protected":false},"author":2,"featured_media":18676,"comment_status":"","ping_status":"","sticky":false,"template":"","format":"standard","meta":{"footnotes":"","_share_on_mastodon":"0"},"categories":[8],"tags":[8592,8587,778,8588,660,8591,2859,77,8589,3462,8590],"class_list":["post-18675","post","type-post","status-publish","format-standard","has-post-thumbnail","category-nigeria","tag-bevoelkerungsgruppen","tag-bewaffnete","tag-christen","tag-entfuehrt","tag-gruppen","tag-koordinierten","tag-land","tag-nigeria","tag-oyo","tag-suedwesten","tag-verantwortlich"],"share_on_mastodon":{"url":"https:\/\/pubeurope.com\/@afrika\/116596294437616228","error":""},"_links":{"self":[{"href":"https:\/\/www.europesays.com\/afrika\/wp-json\/wp\/v2\/posts\/18675","targetHints":{"allow":["GET"]}}],"collection":[{"href":"https:\/\/www.europesays.com\/afrika\/wp-json\/wp\/v2\/posts"}],"about":[{"href":"https:\/\/www.europesays.com\/afrika\/wp-json\/wp\/v2\/types\/post"}],"author":[{"embeddable":true,"href":"https:\/\/www.europesays.com\/afrika\/wp-json\/wp\/v2\/users\/2"}],"replies":[{"embeddable":true,"href":"https:\/\/www.europesays.com\/afrika\/wp-json\/wp\/v2\/comments?post=18675"}],"version-history":[{"count":0,"href":"https:\/\/www.europesays.com\/afrika\/wp-json\/wp\/v2\/posts\/18675\/revisions"}],"wp:featuredmedia":[{"embeddable":true,"href":"https:\/\/www.europesays.com\/afrika\/wp-json\/wp\/v2\/media\/18676"}],"wp:attachment":[{"href":"https:\/\/www.europesays.com\/afrika\/wp-json\/wp\/v2\/media?parent=18675"}],"wp:term":[{"taxonomy":"category","embeddable":true,"href":"https:\/\/www.europesays.com\/afrika\/wp-json\/wp\/v2\/categories?post=18675"},{"taxonomy":"post_tag","embeddable":true,"href":"https:\/\/www.europesays.com\/afrika\/wp-json\/wp\/v2\/tags?post=18675"}],"curies":[{"name":"wp","href":"https:\/\/api.w.org\/{rel}","templated":true}]}}