{"id":19773,"date":"2026-05-20T23:45:06","date_gmt":"2026-05-20T23:45:06","guid":{"rendered":"https:\/\/www.europesays.com\/afrika\/19773\/"},"modified":"2026-05-20T23:45:06","modified_gmt":"2026-05-20T23:45:06","slug":"papst-leo-xiv-bereitet-seine-apostolische-reise-nach-algerien-vor-eine-mission-die-ueber-die-religioese-dimension-hinausgeht","status":"publish","type":"post","link":"https:\/\/www.europesays.com\/afrika\/19773\/","title":{"rendered":"Papst Leo XIV. bereitet seine apostolische Reise nach Algerien vor, eine Mission, die \u00fcber die religi\u00f6se Dimension hinausgeht."},"content":{"rendered":"<p class=\"gt-block\">Der Besuch von Papst Leo XIV. Die in den letzten Wochen angek\u00fcndigte Mission in Algerien tritt nun in ihre operative Phase ein und entwickelt sich zu einer ebenso politischen wie religi\u00f6sen wie apostolischen Mission. Es handelt sich nicht nur um eine Seelsorgereise, sondern um ein gezieltes Eingreifen an einigen der wichtigsten Konfliktlinien des internationalen Systems, vom islamisch-christlichen Dialog bis zum Machtkampf im Mittelmeerraum. Der Schl\u00fcssel zum Verst\u00e4ndnis dieser Mission ist der Erzbischof von Algier, Kardinal Jean-Paul VescoDemnach wird der Papst als \u201eMann des Friedens\u201c eintreffen, um der Normalisierung von Gewalt entgegenzuwirken und der internationalen Politik ihre moralische Dimension zur\u00fcckzugeben. Die Mission findet in einem Kontext statt, der von regionalen Kriegen, radikalisierten \u00f6ffentlichen Debatten und der Krise multilateraler Institutionen gepr\u00e4gt ist.<\/p>\n<p>Auf rein apostolischer Ebene zielt die Reise darauf ab, die zahlenm\u00e4\u00dfig kleine, aber symbolisch bedeutsame christliche Pr\u00e4senz in einem \u00fcberwiegend muslimischen Kontext zu st\u00e4rken. Algerien wird so zu einem Labor des Zusammenlebens, in dem die katholische Kirche eher eine Zeugnisrolle einnimmt als eine identit\u00e4tsstiftende. In diesem Kontext ist die Botschaft \u201eFriede sei mit euch\u201c nicht blo\u00df eine religi\u00f6se Formel, sondern ein politischer Leitsatz, der an beide Seiten des Mittelmeers gerichtet ist. Kern der Mission ist der interreligi\u00f6se Dialog. Vesco spricht vom \u201eBr\u00fcckenbauen\u201c zwischen Christentum und Islam, in einer Zeit, in der das Verh\u00e4ltnis zwischen den beiden Gemeinschaften von Spannungen, Ausbeutung und Polarisierung gepr\u00e4gt ist. Algerien bietet einzigartige Voraussetzungen: ein Staat mit einer starken nationalen Identit\u00e4t, einem von Kolonialismus gepr\u00e4gten historischen Ged\u00e4chtnis und einem sorgsamen Umgang mit dem inneren religi\u00f6sen Gleichgewicht.<\/p>\n<p class=\"gt-block\">Aus dieser Perspektive erh\u00e4lt der Besuch auch eine geopolitische Dimension. Algerien positioniert sich als Vermittler zwischen Afrika, der arabischen Welt und Europa und nutzt den Papstbesuch, um seine internationale Stellung zu st\u00e4rken. Die Tatsache, dass die Mission auf Einladung des Pr\u00e4sidenten stattfindet, unterstreicht dies. Abdelmadjid Tebboune Dies untermauert die politische Interpretation der Initiative und signalisiert eine Ann\u00e4herung diplomatischer und religi\u00f6ser Ziele. Ein zweites Thema betrifft die Erinnerung an die Geschichte. Vesco erinnerte ausdr\u00fccklich an die Verbrechen der franz\u00f6sischen Kolonialzeit und die Folgen der Atombombenabw\u00fcrfe im S\u00fcden des Landes und bezeichnete die Wahrheit als Voraussetzung f\u00fcr Vers\u00f6hnung. Dieses Thema k\u00f6nnte, wenn auch nur indirekt, im Rahmen der umfassenderen Konfrontation zwischen Algerien und Frankreich in die Tagesordnung des Besuchs aufgenommen werden.<\/p>\n<p class=\"gt-block\">Nicht weniger relevant ist die Botschaft an den globalen S\u00fcden. Das gemeinsame Engagement Algeriens und des Heiligen Stuhls f\u00fcr unterdr\u00fcckte V\u00f6lker und internationale Gerechtigkeit m\u00fcndet in eine gemeinsame Plattform, die auch Subsahara-Afrika und den Nahen Osten erreicht. In diesem Sinne ist die apostolische Mission ein Versuch, in einer Zeit zunehmender Fragmentierung eine universelle Sprache wiederzubeleben. Schlie\u00dflich verweist die Botschaft auf das Verm\u00e4chtnis von Kardinal Henri Teissier und zur Gestalt von Augustinus von Hippo Es unterstreicht die historische Dimension des Besuchs und verankert ihn in der Tradition der Begegnung zwischen Kulturen und Religionen. Dies erm\u00f6glicht es dem Vatikan, Kontinuit\u00e4t zu demonstrieren, aber auch sein Handeln an ein sich rasch ver\u00e4nderndes internationales Umfeld anzupassen.<\/p>\n<p class=\"gt-block\">Lesen Sie auch andere Nachrichten \u00fcber <a href=\"https:\/\/www.agenzianova.com\/de\/news\" target=\"_blank\" rel=\"noopener nofollow\">Nova-News<\/a><\/p>\n<p class=\"gt-block\"><a style=\"color: #0000ff;\" href=\" https:\/\/whatsapp.com\/channel\/0029VaZNLBP6BIEk5MzqOb2Q \">Klicken Sie hier und erhalten Sie Updates auf WhatsApp<\/a><\/p>\n<p class=\"gt-block\">Folgen Sie uns auf den sozialen Kan\u00e4len von Nova News <a href=\"https:\/\/twitter.com\/agenzia_nova\" target=\"_blank\" rel=\"noopener nofollow\">Twitter<\/a>, <a href=\"https:\/\/www.linkedin.com\/company\/64989554\/admin\/\" target=\"_blank\" rel=\"noopener nofollow\"> LinkedIn<\/a>, <a href=\"https:\/\/www.instagram.com\/agenzia.nova\/\" target=\"_blank\" rel=\"noopener nofollow\">Instagram, <\/a><a href=\"https:\/\/t.me\/novanewsagenzia\" rel=\"nofollow\">Telegram<\/a><\/p>\n<p><script async src=\"https:\/\/platform.twitter.com\/widgets.js\" charset=\"utf-8\"><\/script><script async src=\"\/\/www.instagram.com\/embed.js\"><\/script><\/p>\n","protected":false},"excerpt":{"rendered":"Der Besuch von Papst Leo XIV. Die in den letzten Wochen angek\u00fcndigte Mission in Algerien tritt nun in&hellip;\n","protected":false},"author":2,"featured_media":19774,"comment_status":"","ping_status":"","sticky":false,"template":"","format":"standard","meta":{"footnotes":"","_share_on_mastodon":"0"},"categories":[9],"tags":[93,92,811,1898],"class_list":["post-19773","post","type-post","status-publish","format-standard","has-post-thumbnail","category-algerien","tag-algeria","tag-algerien","tag-einsichten","tag-papst-leo"],"share_on_mastodon":{"url":"https:\/\/pubeurope.com\/@afrika\/116609569645443994","error":""},"_links":{"self":[{"href":"https:\/\/www.europesays.com\/afrika\/wp-json\/wp\/v2\/posts\/19773","targetHints":{"allow":["GET"]}}],"collection":[{"href":"https:\/\/www.europesays.com\/afrika\/wp-json\/wp\/v2\/posts"}],"about":[{"href":"https:\/\/www.europesays.com\/afrika\/wp-json\/wp\/v2\/types\/post"}],"author":[{"embeddable":true,"href":"https:\/\/www.europesays.com\/afrika\/wp-json\/wp\/v2\/users\/2"}],"replies":[{"embeddable":true,"href":"https:\/\/www.europesays.com\/afrika\/wp-json\/wp\/v2\/comments?post=19773"}],"version-history":[{"count":0,"href":"https:\/\/www.europesays.com\/afrika\/wp-json\/wp\/v2\/posts\/19773\/revisions"}],"wp:featuredmedia":[{"embeddable":true,"href":"https:\/\/www.europesays.com\/afrika\/wp-json\/wp\/v2\/media\/19774"}],"wp:attachment":[{"href":"https:\/\/www.europesays.com\/afrika\/wp-json\/wp\/v2\/media?parent=19773"}],"wp:term":[{"taxonomy":"category","embeddable":true,"href":"https:\/\/www.europesays.com\/afrika\/wp-json\/wp\/v2\/categories?post=19773"},{"taxonomy":"post_tag","embeddable":true,"href":"https:\/\/www.europesays.com\/afrika\/wp-json\/wp\/v2\/tags?post=19773"}],"curies":[{"name":"wp","href":"https:\/\/api.w.org\/{rel}","templated":true}]}}