{"id":20415,"date":"2026-05-22T13:16:47","date_gmt":"2026-05-22T13:16:47","guid":{"rendered":"https:\/\/www.europesays.com\/afrika\/20415\/"},"modified":"2026-05-22T13:16:47","modified_gmt":"2026-05-22T13:16:47","slug":"papst-besuch-in-algerien-in-der-heimat-des-heiligen-augustinus","status":"publish","type":"post","link":"https:\/\/www.europesays.com\/afrika\/20415\/","title":{"rendered":"Papst-Besuch in Algerien: In der Heimat des heiligen Augustinus"},"content":{"rendered":"<p class=\"paragraph article__item\">F\u00fcr einen <a href=\"https:\/\/www.zeit.de\/politik\/ausland\/2026-04\/afrikareise-papst-leo-xiv-algerien-angola-kamerun-aequatorialguinea\" target=\"_blank\" rel=\"nofollow noopener\">Papst von heute ist eine Afrikareise<\/a> ein Klassiker. Sie jedoch in <a class=\"rtr-entity\" href=\"https:\/\/www.zeit.de\/thema\/algerien\" rel=\"nofollow noopener\" target=\"_blank\">Algerien<\/a> zu beginnen, wie es Leo XIV. von Montag bis Mittwoch dieser Woche tat, bevor es weiter nach Kamerun, Angola und \u00c4quatorialguinea ging, ist eine historische Premiere. Noch nie zuvor war ein Oberhaupt der katholischen Kirche in diesem Land. Zwei Vorg\u00e4nger des amerikanischen Papstes, Franziskus und Johannes Paul II., hatten immerhin Marokko besucht.\n<\/p>\n<p class=\"paragraph article__item\">Der Auftakt ist ein positives Signal an die Muslime. Seit der Unabh\u00e4ngigkeit Algeriens im Jahr 1962 ist der Islam hier Staatsreligion. Die Bev\u00f6lkerung ist mehrheitlich muslimisch-sunnitisch. Unter den 47 Millionen Einwohnern des Landes gibt es nur etwa 10.000 Katholiken, und ihre Religionsfreiheit ist recht eingeschr\u00e4nkt. Der Klerus steht unter Beobachtung der Beh\u00f6rden, jegliche \u00bbMissionierung\u00ab ist verboten. Zudem ist Algeriens Katholizismus eine Diaspora-Realit\u00e4t: Bisch\u00f6fe, Priester und Ordensleute sind meist franz\u00f6sische, italienische oder spanische Missionare. Die meisten Gl\u00e4ubigen hingegen sind Migranten aus Subsahara-Afrika. Sie kommen zum Studieren oder Arbeiten, sind manchmal auf der Durchreise, bevor sie ihr Gl\u00fcck in Europa suchen.\n<\/p>\n<p>        Ein nahezu geheimes Leben        <\/p>\n<p class=\"paragraph article__item\">Oft leben sie in prek\u00e4ren Verh\u00e4ltnissen, sind Vorurteilen und Ausgrenzung ausgesetzt. Mehr noch die protestantischen, oft evangelikalen Gemeinschaften, die hier keine offizielle Existenzberechtigung haben. Sie f\u00fchren ein unauff\u00e4lliges, nahezu geheimes Leben. In seiner auf Englisch gehaltenen Begr\u00fc\u00dfungsrede vor dem algerischen Pr\u00e4sidenten, der politischen Elite und dem diplomatischen Korps warb der Papst f\u00fcr \u00bbeine lebendige, dynamische und freie Zivilgesellschaft\u00ab. Die Beh\u00f6rden sollten nicht herrschen, sondern dienen. Damit reagierte Leo ehrlich, aber respektvoll auf die desolate wirtschaftliche und politische Lage Algeriens, lange eine Milit\u00e4rdiktatur, von Gener\u00e4len beherrscht. Trotz des Machtwechsels im Jahr 2019 wird das Land heute von einer kleinen korrupten Politik-Elite regiert. Die Meinungsfreiheit ist stark eingeschr\u00e4nkt, Journalisten und Aktivisten berichten von willk\u00fcrlichen Festnahmen. Besonders junge Algerier sehen trotz der \u00d6lindustrie hier kaum Zukunftschancen, die Jugendarbeitslosigkeit ist hoch, die Unzufriedenheit w\u00e4chst. Nicht nur junge Leute, auch Ehepaare mit Kindern verlassen das Land illegal, per Boot \u00fcber das Mittelmeer. Die lebensgef\u00e4hrliche Reise kostet inzwischen 10.000 Euro pro Person.\n<\/p>\n<p>    <a class=\"volume-teaser__link\" href=\"https:\/\/www.zeit.de\/2026\/17\/index\" title=\"Zur Ausgabe DIE ZEIT Nr.\u00a017\/2026\" rel=\"nofollow noopener\" target=\"_blank\"><\/p>\n<p>                <img loading=\"lazy\" decoding=\"async\" class=\"volume-teaser__media-item volume-teaser__media-item--landscape\"  src=\"https:\/\/www.europesays.com\/afrika\/wp-content\/uploads\/2026\/05\/1779455807_602_original__120x86.jpeg\" alt=\"\" width=\"120\" height=\"86\"\/><\/p>\n<p>        Dieser Artikel stammt aus der ZEIT Nr. 17\/2026. Hier k\u00f6nnen Sie die gesamte Ausgabe lesen.<\/p>\n<p>            Ausgabe entdecken<\/p>\n<p>    <\/a><\/p>\n<p class=\"paragraph article__item\">Doch der Besuch des Papstes in Algerien hat nicht nur eine soziale und politische Dimension. Im Jahr 354 wurde hier der heilige Augustinus geboren, f\u00fcr den Augustinerm\u00f6nch Robert Prevost etwas Besondereres. Leos wichtigste spirituelle Botschaft ist aber: Ein Dialog zwischen Islam und Christentum ist m\u00f6glich. Beim Besuch der Gro\u00dfen Moschee in Algier rief er dazu auf, \u00bbeine Welt des Friedens zu schaffen\u00ab. Am M\u00e4rtyrerdenkmal in Algier sagte er, Gott w\u00fcnsche allen V\u00f6lkern Frieden, der sei nur m\u00f6glich durch Vergebung. In der Basilika Notre-Dame d\u2019Afrique betete er f\u00fcr 19 Katholiken, die zwischen 1994 und 1996 ermordet wurden.\n<\/p>\n<p>                            \u00a9\u00a0Lea Dohle<\/p>\n<p>\n                                        Newsletter<br \/>\n                                        Was jetzt? \u2013 Der t\u00e4gliche Morgen\u00fcberblick<\/p>\n<p class=\"newsletter-signup__text\">Starten Sie mit unserem kurzen Nachrichten-Newsletter in den Tag. Erhalten Sie zudem freitags das digitale Magazin ZEIT am Wochenende.<\/p>\n<p class=\"newsletter-signup__datapolicy\" hidden=\"\">\n            Mit Ihrer Registrierung nehmen Sie die <a href=\"https:\/\/datenschutz.zeit.de\/zon#Newsletter\" target=\"_blank\" rel=\"nofollow noopener\">Datenschutzerkl\u00e4rung<\/a> zur Kenntnis.\n        <\/p>\n<p>    Vielen Dank! Wir haben Ihnen eine E-Mail geschickt.<\/p>\n<p>Pr\u00fcfen Sie Ihr Postfach und best\u00e4tigen Sie das Newsletter-Abonnement.<\/p>\n<p class=\"paragraph article__item\">Gewiss sind nicht alle Algerier \u00fcber die Reise des Papstes erfreut, es gibt auch gewaltsamen Widerstand. Am ersten Tag kam es in Blida, einer Stadt, 50 Kilometer von Algier entfernt, zu einem doppelten Anschlagsversuch. Zeugenaussagen zufolge sprengten sich zwei Selbstmordattent\u00e4ter vor der zentralen Polizeistation und einem Sportkomplex der Stadt in die Luft.<\/p>\n","protected":false},"excerpt":{"rendered":"F\u00fcr einen Papst von heute ist eine Afrikareise ein Klassiker. Sie jedoch in Algerien zu beginnen, wie es&hellip;\n","protected":false},"author":2,"featured_media":20416,"comment_status":"","ping_status":"","sticky":false,"template":"","format":"standard","meta":{"footnotes":"","_share_on_mastodon":"0"},"categories":[9],"tags":[29,93,92,162,165,69,72,163,231,1898,9248,283,1355],"class_list":["post-20415","post","type-post","status-publish","format-standard","has-post-thumbnail","category-algerien","tag-afrika","tag-algeria","tag-algerien","tag-angola","tag-aequatorialguinea","tag-christentum","tag-islam","tag-kamerun","tag-katholische-kirche","tag-papst-leo","tag-papst-besuch-in-algerien","tag-politik","tag-religion"],"share_on_mastodon":{"url":"https:\/\/pubeurope.com\/@afrika\/116618420935092659","error":""},"_links":{"self":[{"href":"https:\/\/www.europesays.com\/afrika\/wp-json\/wp\/v2\/posts\/20415","targetHints":{"allow":["GET"]}}],"collection":[{"href":"https:\/\/www.europesays.com\/afrika\/wp-json\/wp\/v2\/posts"}],"about":[{"href":"https:\/\/www.europesays.com\/afrika\/wp-json\/wp\/v2\/types\/post"}],"author":[{"embeddable":true,"href":"https:\/\/www.europesays.com\/afrika\/wp-json\/wp\/v2\/users\/2"}],"replies":[{"embeddable":true,"href":"https:\/\/www.europesays.com\/afrika\/wp-json\/wp\/v2\/comments?post=20415"}],"version-history":[{"count":0,"href":"https:\/\/www.europesays.com\/afrika\/wp-json\/wp\/v2\/posts\/20415\/revisions"}],"wp:featuredmedia":[{"embeddable":true,"href":"https:\/\/www.europesays.com\/afrika\/wp-json\/wp\/v2\/media\/20416"}],"wp:attachment":[{"href":"https:\/\/www.europesays.com\/afrika\/wp-json\/wp\/v2\/media?parent=20415"}],"wp:term":[{"taxonomy":"category","embeddable":true,"href":"https:\/\/www.europesays.com\/afrika\/wp-json\/wp\/v2\/categories?post=20415"},{"taxonomy":"post_tag","embeddable":true,"href":"https:\/\/www.europesays.com\/afrika\/wp-json\/wp\/v2\/tags?post=20415"}],"curies":[{"name":"wp","href":"https:\/\/api.w.org\/{rel}","templated":true}]}}