{"id":21246,"date":"2026-05-24T22:44:40","date_gmt":"2026-05-24T22:44:40","guid":{"rendered":"https:\/\/www.europesays.com\/afrika\/21246\/"},"modified":"2026-05-24T22:44:40","modified_gmt":"2026-05-24T22:44:40","slug":"guinea-conakry-uebergangspraesident-doumbouya-gewinnt-praesidentschaftswahl-agenzia-nova-2","status":"publish","type":"post","link":"https:\/\/www.europesays.com\/afrika\/21246\/","title":{"rendered":"Guinea-Conakry: \u00dcbergangspr\u00e4sident Doumbouya gewinnt Pr\u00e4sidentschaftswahl \u2013 Agenzia Nova"},"content":{"rendered":"<p class=\"tdm-descr\">\u00a9 Agenzia Nova \u2013 Nachdruck vorbehalten<\/p>\n<p class=\"gt-block\">Die allgemeine Mamadi DoumbouyaDer Anf\u00fchrer der Milit\u00e4rjunta in Guinea wurde am 28. Dezember im ersten Wahlgang mit 86,72 Prozent der Stimmen zum Pr\u00e4sidenten gew\u00e4hlt. Dies geht aus den vorl\u00e4ufigen Ergebnissen hervor, die gestern Abend von der Generaldirektion f\u00fcr Wahlen bekannt gegeben wurden.<\/p>\n<p>Vier Kandidaten hatten bereits ihre Niederlage eingestanden und Doumbouya gratuliert, als die Ergebnisse verk\u00fcndet wurden. Ausgenommen davon waren Abdoulaye Yero Bald\u00e9 und Faya Millimouno, die mit 6,59 Prozent der Stimmen den zweiten bzw. mit 2,04 Prozent den dritten Platz belegten. Die offizielle Wahlbeteiligung lag bei 80,95 Prozent und damit etwas niedriger als die zun\u00e4chst gemeldeten 85 Prozent. Die Ergebnisse m\u00fcssen nun vom Obersten Gerichtshof best\u00e4tigt werden.<\/p>\n<p>An den Wahlen vom 28. Dezember nahmen 6.768.458 W\u00e4hler teil, verteilt auf 23.662 bzw. 16.722 Wahllokale. Zivilgesellschaft, politische Parteien und Medien waren an der Wahl beteiligt. Alle 378 f\u00fcr die zentrale Ausz\u00e4hlung der Ergebnisse zust\u00e4ndigen Wahlkommissionen haben sowohl in Guinea als auch im Ausland mit der Bearbeitung der Stimmzettel begonnen. Die Wahlbeh\u00f6rden gaben bekannt, dass die Ver\u00f6ffentlichung von Teilergebnissen fortgesetzt wird, sobald die Daten validiert sind, bevor die Ergebnisse f\u00fcr die Wahlkreise der Diaspora verk\u00fcndet werden.<\/p>\n<p>Bei der Pr\u00e4sidentschaftswahl am 28. Dezember traten neun Kandidaten an, darunter der Chef der guineischen \u00dcbergangsregierung, Mamadi Doumbouya, der im September 2021 durch einen Putsch an die Macht gekommen war. Die Wahl fand in Abwesenheit mehrerer prominenter Pers\u00f6nlichkeiten der traditionellen Opposition statt, eine Situation, die weiterhin Debatten \u00fcber die Inklusivit\u00e4t des Wahlprozesses anheizt.<\/p>\n<p class=\"gt-block\">Lesen Sie auch andere Nachrichten \u00fcber <a href=\"https:\/\/www.agenzianova.com\/de\/news\" target=\"_blank\" rel=\"noopener nofollow\">Nova-News<\/a><\/p>\n<p class=\"gt-block\"><a style=\"color: #0000ff;\" href=\" https:\/\/whatsapp.com\/channel\/0029VaZNLBP6BIEk5MzqOb2Q \">Klicken Sie hier und erhalten Sie Updates auf WhatsApp<\/a><\/p>\n<p class=\"gt-block\">Folgen Sie uns auf den sozialen Kan\u00e4len von Nova News <a href=\"https:\/\/twitter.com\/agenzia_nova\" target=\"_blank\" rel=\"noopener nofollow\">Twitter<\/a>, <a href=\"https:\/\/www.linkedin.com\/company\/64989554\/admin\/\" target=\"_blank\" rel=\"noopener nofollow\"> LinkedIn<\/a>, <a href=\"https:\/\/www.instagram.com\/agenzia.nova\/\" target=\"_blank\" rel=\"noopener nofollow\">Instagram, <\/a><a href=\"https:\/\/t.me\/novanewsagenzia\" rel=\"nofollow\">Telegram<\/a><\/p>\n<p class=\"tdm-descr\">\u00a9 Agenzia Nova \u2013 Nachdruck vorbehalten<\/p>\n<p><script async src=\"https:\/\/platform.twitter.com\/widgets.js\" charset=\"utf-8\"><\/script><script async src=\"\/\/www.instagram.com\/embed.js\"><\/script><\/p>\n","protected":false},"excerpt":{"rendered":"\u00a9 Agenzia Nova \u2013 Nachdruck vorbehalten Die allgemeine Mamadi DoumbouyaDer Anf\u00fchrer der Milit\u00e4rjunta in Guinea wurde am 28.&hellip;\n","protected":false},"author":2,"featured_media":1983,"comment_status":"","ping_status":"","sticky":false,"template":"","format":"standard","meta":{"footnotes":"","_share_on_mastodon":"0"},"categories":[238],"tags":[1272,328,1273],"class_list":["post-21246","post","type-post","status-publish","format-standard","has-post-thumbnail","category-guinea","tag-doumbouya","tag-guinea","tag-guinea-conakry"],"share_on_mastodon":{"url":"https:\/\/pubeurope.com\/@afrika\/116631978790730066","error":""},"_links":{"self":[{"href":"https:\/\/www.europesays.com\/afrika\/wp-json\/wp\/v2\/posts\/21246","targetHints":{"allow":["GET"]}}],"collection":[{"href":"https:\/\/www.europesays.com\/afrika\/wp-json\/wp\/v2\/posts"}],"about":[{"href":"https:\/\/www.europesays.com\/afrika\/wp-json\/wp\/v2\/types\/post"}],"author":[{"embeddable":true,"href":"https:\/\/www.europesays.com\/afrika\/wp-json\/wp\/v2\/users\/2"}],"replies":[{"embeddable":true,"href":"https:\/\/www.europesays.com\/afrika\/wp-json\/wp\/v2\/comments?post=21246"}],"version-history":[{"count":0,"href":"https:\/\/www.europesays.com\/afrika\/wp-json\/wp\/v2\/posts\/21246\/revisions"}],"wp:featuredmedia":[{"embeddable":true,"href":"https:\/\/www.europesays.com\/afrika\/wp-json\/wp\/v2\/media\/1983"}],"wp:attachment":[{"href":"https:\/\/www.europesays.com\/afrika\/wp-json\/wp\/v2\/media?parent=21246"}],"wp:term":[{"taxonomy":"category","embeddable":true,"href":"https:\/\/www.europesays.com\/afrika\/wp-json\/wp\/v2\/categories?post=21246"},{"taxonomy":"post_tag","embeddable":true,"href":"https:\/\/www.europesays.com\/afrika\/wp-json\/wp\/v2\/tags?post=21246"}],"curies":[{"name":"wp","href":"https:\/\/api.w.org\/{rel}","templated":true}]}}