{"id":21939,"date":"2026-05-26T19:35:08","date_gmt":"2026-05-26T19:35:08","guid":{"rendered":"https:\/\/www.europesays.com\/afrika\/21939\/"},"modified":"2026-05-26T19:35:08","modified_gmt":"2026-05-26T19:35:08","slug":"nodal-wendet-sich-an-die-un-wegen-entfuehrter-forscher-in-libyen-seit-48-stunden-ohne-kontakt-auf-dem-weg-nach-gaza-el-ciudadano","status":"publish","type":"post","link":"https:\/\/www.europesays.com\/afrika\/21939\/","title":{"rendered":"NODAL wendet sich an die UN wegen entf\u00fchrter Forscher in Libyen: Seit 48 Stunden ohne Kontakt auf dem Weg nach Gaza El Ciudadano"},"content":{"rendered":"<p data-parapraph=\"0\">Originalbeitrag: <a href=\"https:\/\/www.elciudadano.com\/especiales\/conflicto-en-gaza\/nodal-acude-a-la-onu-por-investigadores-secuestrados-en-libia-llevan-48-horas-incomunicados-rumbo-a-gaza\/05\/26\/\" target=\"_blank\" rel=\"nofollow noopener\">NODAL acude a la ONU por investigadores secuestrados en Libia: llevan 48 horas incomunicados rumbo a Gaza<\/a><\/p>\n<p class=\"has-medium-font-size wp-block-paragraph\" data-parapraph=\"1\">Die Nachrichtenagentur aus Lateinamerika und der Karibik (NODAL) hat heute eine Stellungnahme beim Hohen Kommissar der Vereinten Nationen f\u00fcr Menschenrechte, Volker T\u00fcrk, eingereicht, um die Entf\u00fchrung von zehn Mitgliedern des humanit\u00e4ren Konvois Global Sumud Maghreb zu melden, die auf dem Weg nach <a href=\"https:\/\/www.elciudadano.com\/?s=Gaza\" title=\"Gaza\" class=\"search-link\" rel=\"nofollow noopener\" target=\"_blank\">Gaza<\/a> waren. Unter den Festgehaltenen befinden sich zwei argentinische Staatsb\u00fcrger, Forschungsdirektoren des Mediums, die seit 48 Stunden ohne Kontakt sind, nachdem sie von Kr\u00e4ften aus dem Osten Libyens an einem milit\u00e4rischen Kontrollpunkt in der N\u00e4he von Sirte aufgehalten wurden.<\/p>\n<p class=\"has-medium-font-size wp-block-paragraph\">Der Landkonvoi, der aus mehr als 300 Personen aus 25 L\u00e4ndern, darunter Chile, bestand, war mit Krankenwagen, medizinischen Hilfsg\u00fctern und logistischer Unterst\u00fctzung f\u00fcr die pal\u00e4stinensische Bev\u00f6lkerung, die unter der illegalen Blockade durch Israel leidet, aufgebrochen. Die friedliche Reise wurde am Kontrollpunkt 5+5 unterbrochen. Eine Vorausdelegation verhandelte den sicheren Durchgang, aber von diesem Zeitpunkt an gab es keinen Kontakt mehr. Die letzte Kommunikation der Gruppe informierte, dass sie unter Bewachung in Fahrzeugen transportiert wurden, ohne bis jetzt einen verifizierbaren offiziellen Bericht \u00fcber ihren Aufenthaltsort oder Gesundheitszustand zu haben.<\/p>\n<p class=\"has-medium-font-size wp-block-paragraph\" data-parapraph=\"2\">In den Reihen der Entf\u00fchrten befinden sich die <a href=\"https:\/\/www.elciudadano.com\/especiales\/conflicto-en-gaza\/el-cerco-a-gaza-tambien-opera-por-tierra-dos-investigadores-argentinos-de-nodal-entre-los-retenidos-en-libia-durante-mision-humanitaria\/05\/25\/\" target=\"_blank\" rel=\"noreferrer noopener nofollow\">Psychologin Paula Gim\u00e9nez und der Veterin\u00e4rmediziner Lucas Aguilera<\/a>, beide Argentinier und Forschungsdirektoren von NODAL, die Teil des medizinischen Begleitteams waren.<\/p>\n<p class=\"has-medium-font-size wp-block-paragraph\" data-parapraph=\"3\">Die vollst\u00e4ndige Liste umfasst Mat\u00edas \u00c1lvarez Rodr\u00edguez (Uruguay), Alicia Armesto N\u00fa\u00f1ez (Spanien), Domenico Centrone (Italien), Leonarda Alberizia (Italien), Ana Margarida Fran\u00e7a Santana Baptista (Portugal), Lauro Kwoczala (Polen), Ashraf Khoja (Tunesien) und Jenelle Jones (Vereinigte Staaten), wie in einer <a href=\"https:\/\/www.nodal.am\/2026\/05\/urgente-se-cumplen-48-horas-sin-informacion-concreta-sobre-las-y-los-integrantes-del-convoy-global-sumud-retenidos-en-libia-del-este-rumbo-a-gaza\/\" target=\"_blank\" rel=\"noreferrer noopener nofollow\">Mitteilung<\/a> angef\u00fchrt wurde.<\/p>\n<p class=\"has-medium-font-size wp-block-paragraph\" data-parapraph=\"4\">Global Sumud hat die Festnahme \u00f6ffentlich angeprangert und fordert die sofortige Freilassung der Delegationsmitglieder, w\u00e4hrend sie in sozialen Medien warnten, dass der Konvoi w\u00e4hrend der Operation einem gewaltt\u00e4tigen Angriff ausgesetzt war und die Aktivisten gezwungen wurden, den Ort zu verlassen.<\/p>\n<p>NODAL fordert sofortige Reaktion des argentinischen Staates und der internationalen Gemeinschaft<\/p>\n<p class=\"has-medium-font-size wp-block-paragraph\" data-parapraph=\"5\">Von NODAL wurden dringende diplomatische Ma\u00dfnahmen bei der argentinischen Au\u00dfenministerin eingeleitet, um alle konsularischen Netzwerke zu aktivieren.<\/p>\n<p class=\"has-medium-font-size wp-block-paragraph\" data-parapraph=\"6\">\u201eDie Sicherheit argentinischer Staatsb\u00fcrger im Ausland ist keine politische Entscheidung oder ein vor\u00fcbergehendes diplomatisches Signal, sondern eine unverzichtbare Verantwortung des argentinischen Staates und eine grundlegende Verpflichtung \u00f6ffentlicher Funktionen\u201c, erkl\u00e4rte der Politologe Mat\u00edas Caciabue, ein Analyst von NODAL, in einer Nachricht, die er in seinen sozialen Netzwerken teilte.<\/p>\n<p lang=\"de\" dir=\"ltr\">\ud83d\udea8 DRINGEND \u2013 INTERNATIONALE ALARMSITUATION<\/p>\n<p>Die SITUATION DES LANDKONVOIS MIT HUMANIT\u00c4RER HILFE, DER SICH INRICHTUNG AUF GAZA WANDTE, EIN DEUTLICHES DRAMATISCHES AGGRAVIEREN.<\/p>\n<p>Gestern am Nachmittag konnten wir die Berichte vom Ort best\u00e4tigen, dass der GLOBAL MAGHREB SUMUD LAND angegriffen wurde.\u2026 <a href=\"https:\/\/t.co\/HW57ijN5y5\" rel=\"nofollow\">pic.twitter.com\/HW57ijN5y5<\/a><\/p>\n<p>\u2014 Mat\u00edas Caciabue (@MatiasCac) <a href=\"https:\/\/twitter.com\/MatiasCac\/status\/2059250281469108620?ref_src=twsrc%5Etfw\" rel=\"nofollow noopener\" target=\"_blank\">26. Mai 2026<\/a><\/p>\n<p class=\"has-medium-font-size wp-block-paragraph\" data-parapraph=\"7\">Die Blockade Union f\u00fcr das Vaterland und die Menschenrechtskommission des Parlasur haben ebenfalls ein offizielles Schreiben an die Verwaltung des argentinischen Pr\u00e4sidenten Javier Milei eingereicht und Garantien f\u00fcr die Festgehaltenen gefordert.<\/p>\n<p class=\"has-medium-font-size wp-block-paragraph\" data-parapraph=\"8\">Diese Forderung erhielt Unterst\u00fctzung von Friedensnobelpreistr\u00e4ger Adolfo P\u00e9rez Esquivel; Taty Almeida (M\u00fctter der Plaza de Mayo L\u00ednea Fundadora); Tilda Rabi, Pr\u00e4sidentin der F\u00f6deration Argentinisch-Pal\u00e4stinensischer Organisationen; Rafael Araya Masry, Pr\u00e4sident der Pal\u00e4stinensischen Konf\u00f6deration, sowie von Abgeordneten, Journalisten und Vertretern von Menschenrechtsorganisationen, unter anderen Pers\u00f6nlichkeiten.<\/p>\n<p class=\"has-medium-font-size wp-block-paragraph\" data-parapraph=\"9\">Die Situation versch\u00e4rft sich durch einen k\u00fcrzlichen Vorfall: Israelische Kr\u00e4fte haben in internationalen Gew\u00e4ssern des Mittelmeers Schiffe der Global Sumud Flotilla (GSF) abgefangen, und w\u00e4hrend dieses \u00dcbergriffs wurden 428 Aktivisten entf\u00fchrt, darunter vier chilenische B\u00fcrger: V\u00edctor Chanfreau, Carolina Eltit, Claudio Caiozzi und Ignacio Ladr\u00f3n de Guevara. Letzterer reiste mit einem spanischen Pass und war Teil der spanischen Delegation.<\/p>\n<p class=\"has-medium-font-size wp-block-paragraph\" data-parapraph=\"10\">Diese Zivilisten wurden unter internationalem Protest und dem Druck von Menschenrechtsorganisationen, die gegen die illegalen Festnahmen, physische Angriffe und erniedrigende Behandlungen protestierten, freigelassen. Nun, mit den zehn in Libyen festgehaltenen Aktivisten, hat die internationale Gemeinschaft Angst vor einer Wiederholung dieser Vorf\u00e4lle.<\/p>\n<p class=\"has-medium-font-size wp-block-paragraph\" data-parapraph=\"11\">NODAL und die humanit\u00e4ren Organisationen fordern umgehende und \u00fcberpr\u00fcfbare Informationen \u00fcber den Aufenthaltsort der Entf\u00fchrten, Garantien f\u00fcr ihre k\u00f6rperliche Unversehrtheit, Wiederherstellung der Kommunikation, freie Bewegung des Konvois und uneingeschr\u00e4nkte Achtung des humanit\u00e4ren V\u00f6lkerrechts, wie im vierten Genfer Abkommen verankert.<\/p>\n<p class=\"has-medium-font-size wp-block-paragraph\" data-parapraph=\"12\">\u201eDie Festnahme und Kommunikationssperre von argentinischen Staatsb\u00fcrgern und Mitgliedern einer internationalen humanit\u00e4ren Mission erfordert eine sofortige Reaktion des argentinischen Staates und der internationalen Gemeinschaft\u201c, betonten sie.<\/p>\n<p><script async src=\"https:\/\/platform.twitter.com\/widgets.js\" charset=\"utf-8\"><\/script><\/p>\n","protected":false},"excerpt":{"rendered":"Originalbeitrag: NODAL acude a la ONU por investigadores secuestrados en Libia: llevan 48 horas incomunicados rumbo a Gaza&hellip;\n","protected":false},"author":2,"featured_media":21940,"comment_status":"","ping_status":"","sticky":false,"template":"","format":"standard","meta":{"footnotes":"","_share_on_mastodon":"0"},"categories":[28],"tags":[9803,9804,9805,9806,9807,9808,286,285,9809],"class_list":["post-21939","post","type-post","status-publish","format-standard","has-post-thumbnail","category-libyen","tag-ayuda-humanitaria","tag-ayuda-humanitaria-a-gaza","tag-convoy-humanitario","tag-convoy-terrestre","tag-global-sumud","tag-libia-del-este","tag-libya","tag-libyen","tag-nodal"],"share_on_mastodon":{"url":"https:\/\/pubeurope.com\/@afrika\/116642560295572756","error":""},"_links":{"self":[{"href":"https:\/\/www.europesays.com\/afrika\/wp-json\/wp\/v2\/posts\/21939","targetHints":{"allow":["GET"]}}],"collection":[{"href":"https:\/\/www.europesays.com\/afrika\/wp-json\/wp\/v2\/posts"}],"about":[{"href":"https:\/\/www.europesays.com\/afrika\/wp-json\/wp\/v2\/types\/post"}],"author":[{"embeddable":true,"href":"https:\/\/www.europesays.com\/afrika\/wp-json\/wp\/v2\/users\/2"}],"replies":[{"embeddable":true,"href":"https:\/\/www.europesays.com\/afrika\/wp-json\/wp\/v2\/comments?post=21939"}],"version-history":[{"count":0,"href":"https:\/\/www.europesays.com\/afrika\/wp-json\/wp\/v2\/posts\/21939\/revisions"}],"wp:featuredmedia":[{"embeddable":true,"href":"https:\/\/www.europesays.com\/afrika\/wp-json\/wp\/v2\/media\/21940"}],"wp:attachment":[{"href":"https:\/\/www.europesays.com\/afrika\/wp-json\/wp\/v2\/media?parent=21939"}],"wp:term":[{"taxonomy":"category","embeddable":true,"href":"https:\/\/www.europesays.com\/afrika\/wp-json\/wp\/v2\/categories?post=21939"},{"taxonomy":"post_tag","embeddable":true,"href":"https:\/\/www.europesays.com\/afrika\/wp-json\/wp\/v2\/tags?post=21939"}],"curies":[{"name":"wp","href":"https:\/\/api.w.org\/{rel}","templated":true}]}}