{"id":22098,"date":"2026-05-27T05:51:32","date_gmt":"2026-05-27T05:51:32","guid":{"rendered":"https:\/\/www.europesays.com\/afrika\/22098\/"},"modified":"2026-05-27T05:51:32","modified_gmt":"2026-05-27T05:51:32","slug":"vorankuendigung-misereor-auftakt-im-zeichen-der-jugend-kameruns","status":"publish","type":"post","link":"https:\/\/www.europesays.com\/afrika\/22098\/","title":{"rendered":"Vorank\u00fcndigung: Misereor-Auftakt im Zeichen der Jugend Kameruns"},"content":{"rendered":"<p>Die katholische Kirche r\u00fcstet sich f\u00fcr den Auftakt ihrer diesj\u00e4hrigen Fastenzeit-Spendenaktion. Am Sonntag, den 22. Februar, wird die bundesweite Kampagne des Hilfswerks Misereor im Bistum Limburg feierlich er\u00f6ffnet. Unter dem Motto \u201eHier f\u00e4ngt Zukunft an\u201c steht in diesem Jahr die Unterst\u00fctzung f\u00fcr junge Menschen in Kamerun im Mittelpunkt.<\/p>\n<p>     <a href=\"https:\/\/www.vaticannews.va\/de\/kirche\/news\/2026-01\/deutschland-hilfswerke-berlin-agrargipel-wasser-zugang-gerecht.html\" title=\"\u201eWasser ist keine Ware\u201c: Hilfswerke fordern gerechten Zugang\" rel=\"nofollow noopener\" target=\"_blank\"><\/p>\n<p>        <img decoding=\"async\" src=\"data:image\/gif;base64,R0lGODlhAQABAIAAAAAAAP\/\/\/yH5BAEAAAAALAAAAAABAAEAAAIBRAA7\" data-original=\"https:\/\/www.vaticannews.va\/content\/dam\/vaticannews\/agenzie\/images\/afp\/2022\/09\/05\/10\/1662366255762.jpg\/_jcr_content\/renditions\/cq5dam.thumbnail.cropped.500.281.jpeg\" alt=\"\u201eWasser ist keine Ware\u201c: Hilfswerke fordern gerechten Zugang\"\/><\/p>\n<p>      <\/a><\/p>\n<p>\n      W\u00e4hrend in Berlin die Internationale Agrarministerkonferenz tagt, schl\u00e4gt ein B\u00fcndnis namhafter Hilfswerke und Agrarorganisationen Alarm. In einer an diesem Samstag &#8230;\n     <\/p>\n<p>Der zentrale Er\u00f6ffnungsgottesdienst findet in der Sankt-Peter-und-Paul-Kirche in Hofheim am Taunus statt. Geleitet wird die Feier vom Limburger Bischof Georg B\u00e4tzing. F\u00fcr Interessierte, die nicht vor Ort sein k\u00f6nnen, bietet das ARD-Fernsehen eine Live-\u00dcbertragung des Festgottesdienstes an.<\/p>\n<p>Bildung gegen die Perspektivlosigkeit <\/p>\n<p>Im Fokus der diesj\u00e4hrigen Spendenaktion steht die Republik Kamerun. Wie das Hilfswerk Misereor vorab mitteilte, r\u00fcckt die Kampagne insbesondere die Zukunftsperspektiven und die berufliche Bildung der jungen Generation in dem afrikanischen Land in das Bewusstsein der \u00d6ffentlichkeit.<\/p>\n<p>Die Notwendigkeit f\u00fcr dieses Engagement belegen aktuelle Zahlen zur globalen sozialen Lage: Studien zeigen, dass weltweit derzeit mehr als 20 Prozent der 15- bis 24-J\u00e4hrigen weder einen Arbeitsplatz haben noch sich in einer Ausbildung befinden. In Kamerun sei diese Jugendarbeitslosigkeit besonders ausgepr\u00e4gt. Zur Er\u00f6ffnung in Hofheim werden daher auch Projektpartner aus Kamerun erwartet, die \u00fcber ihre Arbeit vor Ort berichten und den direkten Dialog mit den Gl\u00e4ubigen suchen.<\/p>\n<p>Solidarit\u00e4t bis Ostern <\/p>\n<p>Die Fastenaktion ist die traditionelle Spendenkampagne der katholischen Kirche w\u00e4hrend der Passionszeit. Bis zum Osterfest bittet das Hilfswerk bundesweit um Spenden f\u00fcr eine Vielzahl von Entwicklungs- und Hilfsprojekten. Ziel ist es, durch gezielte F\u00f6rderung der Ausbildung die Fluchtursachen zu bek\u00e4mpfen und jungen Menschen eine dauerhafte Existenzgrundlage in ihrer Heimat zu erm\u00f6glichen.<\/p>\n<p>Die Er\u00f6ffnung am 22. Februar bildet den Auftakt f\u00fcr zahlreiche Veranstaltungen und Kollekten in ganz Deutschland, mit denen Misereor ein Zeichen f\u00fcr globale Gerechtigkeit setzen will.<\/p>\n<p>(pm\/kna &#8211; mg)<\/p>\n","protected":false},"excerpt":{"rendered":"Die katholische Kirche r\u00fcstet sich f\u00fcr den Auftakt ihrer diesj\u00e4hrigen Fastenzeit-Spendenaktion. Am Sonntag, den 22. Februar, wird die&hellip;\n","protected":false},"author":2,"featured_media":22099,"comment_status":"","ping_status":"","sticky":false,"template":"","format":"standard","meta":{"footnotes":"","_share_on_mastodon":"0"},"categories":[27],"tags":[9868,1179,9866,9865,222,9864,9869,2545,9867,163,4778],"class_list":["post-22098","post","type-post","status-publish","format-standard","has-post-thumbnail","category-kamerun","tag-ard-gottesdienst","tag-berufliche-bildung","tag-bischof-georg-baetzing","tag-bistum-limburg","tag-cameroon","tag-fastenaktion-2026","tag-fastenzeit","tag-hilfe-zur-selbsthilfe","tag-hofheim","tag-kamerun","tag-misereor"],"share_on_mastodon":{"url":"https:\/\/pubeurope.com\/@afrika\/116644982489911027","error":""},"_links":{"self":[{"href":"https:\/\/www.europesays.com\/afrika\/wp-json\/wp\/v2\/posts\/22098","targetHints":{"allow":["GET"]}}],"collection":[{"href":"https:\/\/www.europesays.com\/afrika\/wp-json\/wp\/v2\/posts"}],"about":[{"href":"https:\/\/www.europesays.com\/afrika\/wp-json\/wp\/v2\/types\/post"}],"author":[{"embeddable":true,"href":"https:\/\/www.europesays.com\/afrika\/wp-json\/wp\/v2\/users\/2"}],"replies":[{"embeddable":true,"href":"https:\/\/www.europesays.com\/afrika\/wp-json\/wp\/v2\/comments?post=22098"}],"version-history":[{"count":0,"href":"https:\/\/www.europesays.com\/afrika\/wp-json\/wp\/v2\/posts\/22098\/revisions"}],"wp:featuredmedia":[{"embeddable":true,"href":"https:\/\/www.europesays.com\/afrika\/wp-json\/wp\/v2\/media\/22099"}],"wp:attachment":[{"href":"https:\/\/www.europesays.com\/afrika\/wp-json\/wp\/v2\/media?parent=22098"}],"wp:term":[{"taxonomy":"category","embeddable":true,"href":"https:\/\/www.europesays.com\/afrika\/wp-json\/wp\/v2\/categories?post=22098"},{"taxonomy":"post_tag","embeddable":true,"href":"https:\/\/www.europesays.com\/afrika\/wp-json\/wp\/v2\/tags?post=22098"}],"curies":[{"name":"wp","href":"https:\/\/api.w.org\/{rel}","templated":true}]}}