{"id":24095,"date":"2026-06-01T12:06:21","date_gmt":"2026-06-01T12:06:21","guid":{"rendered":"https:\/\/www.europesays.com\/afrika\/24095\/"},"modified":"2026-06-01T12:06:21","modified_gmt":"2026-06-01T12:06:21","slug":"so-wuerden-die-sky-user-das-oefb-team-gegen-tunesien-aufstellen","status":"publish","type":"post","link":"https:\/\/www.europesays.com\/afrika\/24095\/","title":{"rendered":"So w\u00fcrden die Sky-User das \u00d6FB-Team gegen Tunesien aufstellen"},"content":{"rendered":"<p data-start=\"86\" data-end=\"314\">Am heutigen Montag trifft das <a href=\"https:\/\/www.skysportaustria.at\/fussball\/nationalteam\/\" rel=\"nofollow noopener\" target=\"_blank\">\u00d6FB-Team<\/a> im letzten Testspiel vor der <a href=\"https:\/\/www.skysportaustria.at\/fussball\/wm-2026\/\" rel=\"nofollow noopener\" target=\"_blank\">Fu\u00dfball-WM 2026<\/a> im Wiener Ernst-Happel-Stadion auf Tunesien. Wir haben die Sky-User erneut gefragt, wen sie in dieser Partie gerne in der Startelf sehen w\u00fcrden.<\/p>\n<p data-start=\"316\" data-end=\"653\">Im Tor w\u00fcnschen sich die User Florian Wiegele. F\u00fcr den Keeper w\u00e4re es erst sein zweiter Einsatz im \u00d6FB-Dress. Wer bei der WM in den USA als Nummer eins ins Turnier gehen wird, ist derzeit noch offen. In der Viererkette gibt es hingegen kaum \u00dcberraschungen: Den polyvalenten Konrad Laimer sehen die Fans auf der Rechtsverteidigerposition.<\/p>\n<p data-start=\"655\" data-end=\"1040\">Auf der Doppelsechs setzen die User auf das bew\u00e4hrte Duo Xaver Schlager und Nicolas Seiwald. Auch davor gibt es keine gro\u00dfen \u00dcberraschungen: Marcel Sabitzer, Christoph Baumgartner und Romano Schmid sollen im offensiven Mittelfeld f\u00fcr die n\u00f6tigen Akzente sorgen. Im Sturm w\u00fcnschen sich die Fans Sasa Kalajdzic, der mit dem LASK in dieser Saison das Double in \u00d6sterreich gewinnen konnte.<\/p>\n<p>Die \u00d6FB-Startelf der Sky-User<\/p>\n<p data-start=\"655\" data-end=\"1040\"><img loading=\"lazy\" decoding=\"async\" class=\"alignnone size-full wp-image-4684387\" src=\"https:\/\/www.europesays.com\/afrika\/wp-content\/uploads\/2026\/06\/User-Startelf-OEFB-TUN.png\" alt=\"\" width=\"1080\" height=\"1350\"  \/><\/p>\n<p data-start=\"1042\" data-end=\"1223\">Teamchef Ralf Rangnick betonte auf der gestrigen Pressekonferenz, dass es durchaus m\u00f6glich sei, dass die heutige Startelf auch im ersten WM-Spiel gegen Jordanien auflaufen wird.<\/p>\n<p>Rangnick \u00fcber Aufstellung gegen Tunesien: \u201eDiese Elf k\u00f6nnte auch gegen Jordanien spielen\u201c<\/p>\n<p><a class=\"ad-msg\" href=\"https:\/\/www.skysportaustria.at\/tippliga\/login\/\" target=\"_blank\" rel=\"nofollow noopener\"><img loading=\"lazy\" decoding=\"async\" width=\"3751\" height=\"1250\" src=\"https:\/\/www.europesays.com\/afrika\/wp-content\/uploads\/2026\/06\/Tippliga_Banner_900x300.png\" class=\"ad-msg__image ad-msg__image--desktop\" alt=\"Werbung\"  \/><\/a><\/p>\n<p data-start=\"1042\" data-end=\"1223\">(Red.) \/ Bild: GEPA<\/p>\n","protected":false},"excerpt":{"rendered":"Am heutigen Montag trifft das \u00d6FB-Team im letzten Testspiel vor der Fu\u00dfball-WM 2026 im Wiener Ernst-Happel-Stadion auf Tunesien.&hellip;\n","protected":false},"author":2,"featured_media":24096,"comment_status":"","ping_status":"","sticky":false,"template":"","format":"standard","meta":{"footnotes":"","_share_on_mastodon":"0"},"categories":[20],"tags":[1147,10610,397,900,211,212],"class_list":["post-24095","post","type-post","status-publish","format-standard","has-post-thumbnail","category-tunesien","tag-fussball-wm-2026","tag-oefb","tag-oesterreich","tag-testspiel","tag-tunesien","tag-tunisia"],"share_on_mastodon":{"url":"https:\/\/pubeurope.com\/@afrika\/116674768794587218","error":""},"_links":{"self":[{"href":"https:\/\/www.europesays.com\/afrika\/wp-json\/wp\/v2\/posts\/24095","targetHints":{"allow":["GET"]}}],"collection":[{"href":"https:\/\/www.europesays.com\/afrika\/wp-json\/wp\/v2\/posts"}],"about":[{"href":"https:\/\/www.europesays.com\/afrika\/wp-json\/wp\/v2\/types\/post"}],"author":[{"embeddable":true,"href":"https:\/\/www.europesays.com\/afrika\/wp-json\/wp\/v2\/users\/2"}],"replies":[{"embeddable":true,"href":"https:\/\/www.europesays.com\/afrika\/wp-json\/wp\/v2\/comments?post=24095"}],"version-history":[{"count":0,"href":"https:\/\/www.europesays.com\/afrika\/wp-json\/wp\/v2\/posts\/24095\/revisions"}],"wp:featuredmedia":[{"embeddable":true,"href":"https:\/\/www.europesays.com\/afrika\/wp-json\/wp\/v2\/media\/24096"}],"wp:attachment":[{"href":"https:\/\/www.europesays.com\/afrika\/wp-json\/wp\/v2\/media?parent=24095"}],"wp:term":[{"taxonomy":"category","embeddable":true,"href":"https:\/\/www.europesays.com\/afrika\/wp-json\/wp\/v2\/categories?post=24095"},{"taxonomy":"post_tag","embeddable":true,"href":"https:\/\/www.europesays.com\/afrika\/wp-json\/wp\/v2\/tags?post=24095"}],"curies":[{"name":"wp","href":"https:\/\/api.w.org\/{rel}","templated":true}]}}