{"id":27803,"date":"2026-06-10T23:01:12","date_gmt":"2026-06-10T23:01:12","guid":{"rendered":"https:\/\/www.europesays.com\/afrika\/27803\/"},"modified":"2026-06-10T23:01:12","modified_gmt":"2026-06-10T23:01:12","slug":"cristiano-ronaldo-gewinnt-mit-portugal-letzten-wm-test-gegen-nigeria","status":"publish","type":"post","link":"https:\/\/www.europesays.com\/afrika\/27803\/","title":{"rendered":"Cristiano Ronaldo gewinnt mit Portugal letzten WM-Test gegen Nigeria"},"content":{"rendered":"<p>Letzter Test vor WM-Start <\/p>\n<p>Ronaldo geht leer aus &#8211; aber Portugal gl\u00fcckt Generalprobe<\/p>\n<p>10.06.2026 &#8211; 23:53 UhrLesedauer: 1 Min.<\/p>\n<p><a href=\"#focus-0\" class=\"transition-colors duration-200 block text-current relative\" data-sctrack=\"FocusGalleryImage.Reference\"><img fetchpriority=\"high\" data-testid=\"Opener.Image\"   loading=\"eager\" src=\"https:\/\/www.europesays.com\/afrika\/wp-content\/uploads\/2026\/06\/cristiano-ronaldo-l-jubelt-mit-pedro-neto-und-diogo-dalot-im-test-gegen-nigeria.jpg\" alt=\"Portugal Nigeria Soccer\" title=\"Portugal Nigeria Soccer\" width=\"1257\" height=\"707\" class=\"bg-[url:var(--lqipURL)] bg-cover bg-center flex h-full w-full max-w-full\" style=\"--lqipURL:url('https:\/\/images.t-online.de\/2026\/06\/lnziTFYuoLXZ\/274x0:1257x707\/fit-in\/150x0\/filters:blur(25)\/cristiano-ronaldo-l-jubelt-mit-pedro-neto-und-diogo-dalot-im-test-gegen-nigeria.jpg')\" decoding=\"async\"\/><img loading=\"lazy\" src=\"https:\/\/www.t-online.de\/s\/paper\/_next\/static\/media\/zoom-in.f7dae02f.svg\" alt=\"Vergr\u00f6\u00dfern des Bildes\" title=\"Vergr\u00f6\u00dfern des Bildes\" class=\"block h-[calc(var(--height)_\/_16_*_1rem)] w-[calc(var(--width)_\/_16_*_1rem)] max-w-none absolute bottom-8 right-8 rounded-4 bg-snow p-8\" style=\"--width:32;--height:32\" decoding=\"async\"\/><\/a><\/p>\n<p>Cristiano Ronaldo (l.) jubelt mit Pedro Neto und Diogo Dalot im Test gegen Nigeria. (Quelle: Armando Franca)<\/p>\n<p><img loading=\"lazy\" src=\"https:\/\/www.t-online.de\/s\/paper\/_next\/static\/media\/audio-volume.6689034c.svg\" alt=\"\" title=\"\" class=\"block h-[calc(var(--height)_\/_16_*_1rem)] w-[calc(var(--width)_\/_16_*_1rem)] max-w-none group-hover:brightness-0 group-hover:invert\" style=\"--width:16;--height:16\" decoding=\"async\"\/>Vorlesen<\/p>\n<p>Aktuelle Zeit:0:00Gesamtdauer:0:00<\/p>\n<p>1x<\/p>\n<p class=\"text-center\">Jetzt neu bei t-online:<\/p>\n<p class=\"text-center\">Schriftgr\u00f6\u00dfe anpassen!<\/p>\n<p><img loading=\"lazy\" src=\"https:\/\/www.t-online.de\/s\/paper\/_next\/static\/media\/font-sizes.32942e33.svg\" alt=\"\" title=\"\" class=\"block h-[calc(var(--height)_\/_16_*_1rem)] w-[calc(var(--width)_\/_16_*_1rem)] max-w-none group-hover:hidden group-aria-expanded:hidden\" style=\"--width:16;--height:16\" decoding=\"async\"\/><img loading=\"lazy\" src=\"https:\/\/www.t-online.de\/s\/paper\/_next\/static\/media\/font-sizes-dark-mode.e382645c.svg\" alt=\"\" title=\"\" class=\"block h-[calc(var(--height)_\/_16_*_1rem)] w-[calc(var(--width)_\/_16_*_1rem)] max-w-none hidden group-hover:block group-aria-expanded:block\" style=\"--width:16;--height:16\" decoding=\"async\"\/><img loading=\"lazy\" src=\"https:\/\/www.t-online.de\/s\/paper\/_next\/static\/media\/sharing-menu-icon.1eb71368.svg\" alt=\"\" title=\"\" class=\"block h-[calc(var(--height)_\/_16_*_1rem)] w-[calc(var(--width)_\/_16_*_1rem)] max-w-none group-hover:brightness-0 group-hover:invert\" style=\"--width:16;--height:16\" decoding=\"async\"\/>Artikel teilen<\/p>\n<p class=\"font-bold text-18 leading-17 user-text-lg:text-22 user-text-xl:text-24\">Beim Nations-League-Sieger sticht Cristiano Ronaldo mal wieder in einer besonderen Hinsicht heraus. Die Tore gegen Nigeria erzielen aber andere.<\/p>\n<p class=\"text-18 leading-17 user-text-lg:text-22 user-text-xl:text-24\">Mitfavorit Portugal hat zum Abschluss der WM-Vorbereitung ein Erfolgserlebnis gefeiert. Gegen Nigeria gewann das Team um <a class=\"transition-colors duration-200 cursor-pointer text-inherit no-underline text-salemsfur md:hover:text-magenta md:hover:border-magenta md:focus:text-magenta border-current border-b border-solid break-words\" data-tracking=\"{&quot;action&quot;:&quot;click&quot;,&quot;category&quot;:&quot;intextLink&quot;,&quot;label&quot;:&quot;\/themen\/cristiano-ronaldo\/&quot;}\" href=\"https:\/\/www.t-online.de\/themen\/cristiano-ronaldo\/\" data-sctrack=\"BodyAnchor\" rel=\"nofollow noopener\" target=\"_blank\">Cristiano Ronaldo<\/a>, <a class=\"transition-colors duration-200 cursor-pointer text-inherit no-underline text-salemsfur md:hover:text-magenta md:hover:border-magenta md:focus:text-magenta border-current border-b border-solid break-words\" data-tracking=\"{&quot;action&quot;:&quot;click&quot;,&quot;category&quot;:&quot;intextLink&quot;,&quot;label&quot;:&quot;\/themen\/vitinha\/&quot;}\" href=\"https:\/\/www.t-online.de\/themen\/vitinha\/\" data-sctrack=\"BodyAnchor\" rel=\"nofollow noopener\" target=\"_blank\">Vitinha<\/a> und Bruno Fernandes am Mittwochabend in Leiria mit 2:1 (1:1).<\/p>\n<p>WM 2026:<a class=\"transition-colors duration-200 cursor-pointer text-inherit no-underline text-salemsfur md:hover:text-magenta md:hover:border-magenta md:focus:text-magenta border-current border-b border-solid break-words\" data-tracking=\"{&quot;action&quot;:&quot;click&quot;,&quot;category&quot;:&quot;intextLink&quot;,&quot;label&quot;:&quot;\/sport\/fussball\/wm\/id_101291228\/fussball-wm-2026-guillermo-ochoa-teilt-sich-rekord-mit-messi-und-ronaldo.html&quot;}\" href=\"https:\/\/www.t-online.de\/sport\/fussball\/wm\/id_101291228\/fussball-wm-2026-guillermo-ochoa-teilt-sich-rekord-mit-messi-und-ronaldo.html\" data-sctrack=\"BodyAnchor\" rel=\"nofollow noopener\" target=\"_blank\"> Mexikos Torwart teilt sich Rekord mit Messi und Ronaldo<\/a><\/p>\n<p class=\"text-18 leading-17 user-text-lg:text-22 user-text-xl:text-24\">Der fr\u00fchere Weltfu\u00dfballer Ronaldo, der als einziger Feldspieler aus der Startelf auch nach dem Seitenwechsel noch auf dem Rasen stand und seine sechste WM-Endrunde (Rekord) bestreiten will, vergab mehrere gute Gelegenheiten. In der 65. Minute r\u00e4umte dann auch der 41-J\u00e4hrige seinen Platz, auf sein 144. L\u00e4nderspieltor muss er noch etwas warten.<\/p>\n<p>Juve-Star trifft zum Sieg<\/p>\n<p class=\"text-18 leading-17 user-text-lg:text-22 user-text-xl:text-24\">Pedro Neto vom Klub-Weltmeister <a class=\"transition-colors duration-200 cursor-pointer text-inherit no-underline text-salemsfur md:hover:text-magenta md:hover:border-magenta md:focus:text-magenta border-current border-b border-solid break-words\" data-tracking=\"{&quot;action&quot;:&quot;click&quot;,&quot;category&quot;:&quot;intextLink&quot;,&quot;label&quot;:&quot;\/themen\/fc-chelsea\/&quot;}\" href=\"https:\/\/www.t-online.de\/themen\/fc-chelsea\/\" data-sctrack=\"BodyAnchor\" rel=\"nofollow noopener\" target=\"_blank\">FC Chelsea<\/a> brachte Portugal in der 23. Minute in F\u00fchrung, noch vor dem Seitenwechsel kamen die nicht f\u00fcr die <a class=\"transition-colors duration-200 cursor-pointer text-inherit no-underline text-salemsfur md:hover:text-magenta md:hover:border-magenta md:focus:text-magenta border-current border-b border-solid break-words\" data-tracking=\"{&quot;action&quot;:&quot;click&quot;,&quot;category&quot;:&quot;intextLink&quot;,&quot;label&quot;:&quot;\/themen\/fussball-wm-2026\/&quot;}\" href=\"https:\/\/www.t-online.de\/themen\/fussball-wm-2026\/\" data-sctrack=\"BodyAnchor\" rel=\"nofollow noopener\" target=\"_blank\">WM<\/a> in den USA, Mexiko und Kanada (11. Juni bis 19. Juli) qualifizierten Nigerianer durch Akor Adams (37.) zum Ausgleich. Juve-St\u00fcrmer Francisco Conceicao (75.) erzielte das Siegtor f\u00fcr die Gastgeber im Estadio Dr. Magalhaes Pessoa.<\/p>\n<p class=\"text-18 leading-17 user-text-lg:text-22 user-text-xl:text-24\">Die Portugiesen standen noch nie in einem WM-Endspiel, gelten aber aufgrund ihres mit Stars gespickten Kaders als Anw\u00e4rter auf ein langes Turnier in Nordamerika. Der Europameister von 2016 trifft in Gruppe K auf die DR Kongo (17. Juni\/Houston), WM-Neuling Usbekistan (23. Juni\/Houston) und Kolumbien (28. Juni\/Miami).<\/p>\n","protected":false},"excerpt":{"rendered":"Letzter Test vor WM-Start Ronaldo geht leer aus &#8211; aber Portugal gl\u00fcckt Generalprobe 10.06.2026 &#8211; 23:53 UhrLesedauer: 1&hellip;\n","protected":false},"author":2,"featured_media":27804,"comment_status":"","ping_status":"","sticky":false,"template":"","format":"standard","meta":{"footnotes":"","_share_on_mastodon":"0"},"categories":[8],"tags":[11873,9085,10746,11981,1933,77,11980,11915,154],"class_list":["post-27803","post","type-post","status-publish","format-standard","has-post-thumbnail","category-nigeria","tag-bruno-fernandes","tag-cristiano-ronaldo","tag-generalprobe","tag-leiria","tag-mexiko","tag-nigeria","tag-pedro-neto","tag-vitinha","tag-wm-2026"],"share_on_mastodon":{"url":"https:\/\/pubeurope.com\/@afrika\/116728305223311385","error":""},"_links":{"self":[{"href":"https:\/\/www.europesays.com\/afrika\/wp-json\/wp\/v2\/posts\/27803","targetHints":{"allow":["GET"]}}],"collection":[{"href":"https:\/\/www.europesays.com\/afrika\/wp-json\/wp\/v2\/posts"}],"about":[{"href":"https:\/\/www.europesays.com\/afrika\/wp-json\/wp\/v2\/types\/post"}],"author":[{"embeddable":true,"href":"https:\/\/www.europesays.com\/afrika\/wp-json\/wp\/v2\/users\/2"}],"replies":[{"embeddable":true,"href":"https:\/\/www.europesays.com\/afrika\/wp-json\/wp\/v2\/comments?post=27803"}],"version-history":[{"count":0,"href":"https:\/\/www.europesays.com\/afrika\/wp-json\/wp\/v2\/posts\/27803\/revisions"}],"wp:featuredmedia":[{"embeddable":true,"href":"https:\/\/www.europesays.com\/afrika\/wp-json\/wp\/v2\/media\/27804"}],"wp:attachment":[{"href":"https:\/\/www.europesays.com\/afrika\/wp-json\/wp\/v2\/media?parent=27803"}],"wp:term":[{"taxonomy":"category","embeddable":true,"href":"https:\/\/www.europesays.com\/afrika\/wp-json\/wp\/v2\/categories?post=27803"},{"taxonomy":"post_tag","embeddable":true,"href":"https:\/\/www.europesays.com\/afrika\/wp-json\/wp\/v2\/tags?post=27803"}],"curies":[{"name":"wp","href":"https:\/\/api.w.org\/{rel}","templated":true}]}}