{"id":28110,"date":"2026-06-11T15:21:59","date_gmt":"2026-06-11T15:21:59","guid":{"rendered":"https:\/\/www.europesays.com\/afrika\/28110\/"},"modified":"2026-06-11T15:21:59","modified_gmt":"2026-06-11T15:21:59","slug":"portugal-glueckt-wm-generalprobe-gegen-nigeria","status":"publish","type":"post","link":"https:\/\/www.europesays.com\/afrika\/28110\/","title":{"rendered":"Portugal gl\u00fcckt WM-Generalprobe gegen Nigeria"},"content":{"rendered":"<p>Portugal ist die WM-Generalprobe gegen Nigeria gegl\u00fcckt.<\/p>\n<p>Im letzten Spiel vor dem Abflug in die USA gewinnt die Elf um Superstar <a href=\"https:\/\/www.laola1.at\/de\/daten\/news\/fussball\/cristiano-ronaldo\/\" class=\"tag\" rel=\"nofollow noopener\" target=\"_blank\">Cristiano Ronaldo<\/a>, der sein Team als Kapit\u00e4n aufs Feld f\u00fchrt, in Leiria mit 2:1. Den Goldtreffer beschert Juve-Legion\u00e4r Francisco Conceicao (76.).<\/p>\n<p>Portugal ist in der Partie \u00fcber weite Strecken das bessere Team, der 41-j\u00e4hrige Ronaldo tritt schon nach neun Minuten erstmals in Erscheinung: Nach einem Zuspiel von Nelson Semedo vergibt Ronaldo die erste Gro\u00dfchance der Partie. Alleine vor dem Tor setzt er den Ball wenige Zentimeter neben den Kasten.<\/p>\n<p>Neto trifft zur F\u00fchrung<\/p>\n<p>Nigeria, das nach der gescheiterten Qualifikation nicht bei der WM dabei ist, kann Portugal immer wieder fordern und sich vor allem in Umschaltsituationen mit viel Tempo Chancen erspielen.<\/p>\n<p>Portugal bleibt aber die \u00fcberlegene Mannschaft und verzeichnet mehr Ballbesitzanteile. In der 23. Minute belohnt sich das Team von Roberto Martinez: <\/p>\n<p>Nach einem Ball hinter die Kette kann der aufger\u00fcckte Diogo Dalot den Ball festmachen und in den R\u00fcckraum zu Pedro Neto legen. Der Chelsea-Fl\u00fcgelspieler erh\u00e4lt am Strafraumrand den Ball und trifft mit links flach ins lange Eck zum 1:0.<\/p>\n<p>Nigeria antwortet<\/p>\n<p>Vom Gegentor l\u00e4sst sich Nigeria aber nicht beeindrucken und spielt weiter mutig nach vorne.<\/p>\n<p>Nach einem langen Abschlag von Schlussmann Okoye auf die hoch stehende portugiesische Defensive gewinnt Adams das Duell gegen In\u00e1cio, sch\u00fcttelt anschlie\u00dfend zwei weitere portugiesische Verteidiger ab und trifft zum 1:1-Ausgleich (37.).<\/p>\n<p>Damit geht es schlie\u00dflich in die Kabinen.<\/p>\n<p>Felix scheitert an der Latte<\/p>\n<p>Zur zweiten Halbzeit schickt Martinez eine auf neun Positionen ver\u00e4nderte Mannschaft auf den Platz, unter anderem sind Joao Felix, Nuno Mendes und <a href=\"https:\/\/www.laola1.at\/de\/daten\/news\/fussball\/bernardo\/\" class=\"tag\" rel=\"nofollow noopener\" target=\"_blank\">Bernardo<\/a> Silva neu dabei. Von den Feldspielern bleibt lediglich Ronaldo auf dem Platz.<\/p>\n<p>Portugal, das bei der kommenden WM zu den Mitfavoriten z\u00e4hlt, startet temporeich in die zweite Halbzeit. Zun\u00e4chst scheitert Felix mit einem Lattenschuss (47.), anschlie\u00dfend setzt Ronaldo eine flache Hereingabe deutlich \u00fcber das Tor (50.).<\/p>\n<p>Danach flacht die Partie etwas ab. Viele Duelle im Mittelfeld, Ballverluste auf beiden Seiten und erfolglose Vorst\u00f6\u00dfe pr\u00e4gen das Spiel. Nach 64 Minuten ist auch f\u00fcr Ronaldo Schluss, er wird von Paris-St\u00fcrmer Ramos ersetzt.<\/p>\n<p>F\u00fcr die Erl\u00f6sung sorgt schlie\u00dflich Joker Francisco Conceicao. Der Fl\u00fcgelspieler von <a href=\"https:\/\/www.laola1.at\/de\/daten\/news\/fussball\/juventus-turin\/\" class=\"tag\" rel=\"nofollow noopener\" target=\"_blank\">Juventus Turin<\/a> kommt auf der rechten Seite an den Ball und versenkt seinen strammen Abschluss im Tor (76.). Der Treffer zum 2:1 markiert zugleich auch den Endstand.<\/p>\n<p>WM-Auftakt gegen DR Kongo<\/p>\n<p>Nun gilt es f\u00fcr Portugal den Schalter schnell umzulegen. Am 17. Juni starten Ronaldo &amp; Co. schlie\u00dflich in ihre WM-Kampagne.<\/p>\n<p>Zum Auftakt wartet DR Kongo (<a target=\"_self\" rel=\"noopener noreferrer nofollow\" href=\"https:\/\/www.laola1.at\/de\/sportdaten\/matchcenter\/Fussball\/International\/WorldCup\/match\/66457030\/liveticker\">ab 19 Uhr im LIVE-Ticker&gt;&gt;&gt;<\/a>), anschlie\u00dfend trifft Portugal in Gruppe K noch auf Usbekistan (23. Juni) und Kolumbien (28. Juni).<\/p>\n","protected":false},"excerpt":{"rendered":"Portugal ist die WM-Generalprobe gegen Nigeria gegl\u00fcckt. Im letzten Spiel vor dem Abflug in die USA gewinnt die&hellip;\n","protected":false},"author":2,"featured_media":28111,"comment_status":"","ping_status":"","sticky":false,"template":"","format":"standard","meta":{"footnotes":"","_share_on_mastodon":"0"},"categories":[8],"tags":[9085,12053,2083,152,12052,77,12051,11984,11915,1192],"class_list":["post-28110","post","type-post","status-publish","format-standard","has-post-thumbnail","category-nigeria","tag-cristiano-ronaldo","tag-diogo-dalot","tag-fifa-wm-2026","tag-fussball","tag-joao-neves","tag-nigeria","tag-portugal-team","tag-roberto-martinez","tag-vitinha","tag-weltmeisterschaft"],"share_on_mastodon":{"url":"https:\/\/pubeurope.com\/@afrika\/116732162473131837","error":""},"_links":{"self":[{"href":"https:\/\/www.europesays.com\/afrika\/wp-json\/wp\/v2\/posts\/28110","targetHints":{"allow":["GET"]}}],"collection":[{"href":"https:\/\/www.europesays.com\/afrika\/wp-json\/wp\/v2\/posts"}],"about":[{"href":"https:\/\/www.europesays.com\/afrika\/wp-json\/wp\/v2\/types\/post"}],"author":[{"embeddable":true,"href":"https:\/\/www.europesays.com\/afrika\/wp-json\/wp\/v2\/users\/2"}],"replies":[{"embeddable":true,"href":"https:\/\/www.europesays.com\/afrika\/wp-json\/wp\/v2\/comments?post=28110"}],"version-history":[{"count":0,"href":"https:\/\/www.europesays.com\/afrika\/wp-json\/wp\/v2\/posts\/28110\/revisions"}],"wp:featuredmedia":[{"embeddable":true,"href":"https:\/\/www.europesays.com\/afrika\/wp-json\/wp\/v2\/media\/28111"}],"wp:attachment":[{"href":"https:\/\/www.europesays.com\/afrika\/wp-json\/wp\/v2\/media?parent=28110"}],"wp:term":[{"taxonomy":"category","embeddable":true,"href":"https:\/\/www.europesays.com\/afrika\/wp-json\/wp\/v2\/categories?post=28110"},{"taxonomy":"post_tag","embeddable":true,"href":"https:\/\/www.europesays.com\/afrika\/wp-json\/wp\/v2\/tags?post=28110"}],"curies":[{"name":"wp","href":"https:\/\/api.w.org\/{rel}","templated":true}]}}