{"id":28339,"date":"2026-06-12T06:43:15","date_gmt":"2026-06-12T06:43:15","guid":{"rendered":"https:\/\/www.europesays.com\/afrika\/28339\/"},"modified":"2026-06-12T06:43:15","modified_gmt":"2026-06-12T06:43:15","slug":"zahl-der-ebola-toten-im-kongo-steigt-weiter-an","status":"publish","type":"post","link":"https:\/\/www.europesays.com\/afrika\/28339\/","title":{"rendered":"Zahl der Ebola-Toten im Kongo steigt weiter an"},"content":{"rendered":"<p>Die Zahl der best\u00e4tigten Ebola-Todesf\u00e4lle in der Demokratischen Republik Kongo ist der Regierung zufolge auf 115 gestiegen. Im Osten des Landes, wo der Ausbruch im April begann, g\u00e4be es mittlerweile 598 best\u00e4tigte F\u00e4lle, teilte das kongolesische Informationsministerium mit. Im benachbarten Uganda, das ebenfalls von dem Ausbruch der t\u00f6dlichen Viruserkrankung betroffen ist, wurden bislang 19 best\u00e4tigte Infektionen und zwei Todesf\u00e4lle verzeichnet.<\/p>\n<p>Ebola wird durch K\u00f6rperkontakt und Kontakt mit K\u00f6rperfl\u00fcssigkeiten \u00fcbertragen. Der aktuelle Ausbruch ist besonders schwer einzud\u00e4mmen, weil es f\u00fcr den Ebola-Erreger vom Typ Bundibugyo bislang weder einen Impfstoff noch eine spezielle Therapie gibt. Zudem sorgen in der Region seit vielen Jahren zahlreiche Milizen f\u00fcr Konflikte, was unter anderem zu hohen Zahlen von Vertriebenen und einem schwachen Gesundheitssystem gef\u00fchrt hat. Die Sterblichkeit liege bei 19,2 Prozent der F\u00e4lle, teilte das Ministerium weiter mit.<\/p>\n<p>Um die Ausbreitung der Krankheit zu stoppen, ist es nach Angaben der Weltgesundheitsorganisation (WHO) n\u00f6tig, 90 Prozent aller Menschen, die mit einer infizierten Person in Kontakt waren, zu ermitteln und zu beobachten. Derzeit liegt die Kontaktverfolgung nach Angaben des Informationsministeriums in Kinshasa bei rund 56,3 Prozent.<\/p>\n<p class=\"nfy-dpa-autopublishnotice\">\u00a9 dpa-infocom, dpa:260610-930-201913\/1<\/p>\n","protected":false},"excerpt":{"rendered":"Die Zahl der best\u00e4tigten Ebola-Todesf\u00e4lle in der Demokratischen Republik Kongo ist der Regierung zufolge auf 115 gestiegen. Im&hellip;\n","protected":false},"author":2,"featured_media":28340,"comment_status":"","ping_status":"","sticky":false,"template":"","format":"standard","meta":{"footnotes":"","_share_on_mastodon":"0"},"categories":[17],"tags":[9797,5710,9796,192,194,190,188,193,191,462,461,9792,9800,9798,9794,2405,700,1907,189,9795,9793,3530,9799,2850],"class_list":["post-28339","post","type-post","status-publish","format-standard","has-post-thumbnail","category-demokratische-republik-kongo","tag-altertum","tag-biologie","tag-chemie","tag-dem-rep-kongo","tag-democratic-republic-of-the-congo","tag-demokratische-republik","tag-demokratische-republik-kongo","tag-dr-congo","tag-dr-kongo","tag-drc","tag-drk","tag-entdeckungen","tag-errungenschaften","tag-formeln","tag-forscher","tag-forschung","tag-fortschritte","tag-geschichte","tag-kongo","tag-mathematik","tag-menschheit","tag-natur","tag-philosophie","tag-wissenschaft"],"share_on_mastodon":{"url":"https:\/\/pubeurope.com\/@afrika\/116735783925637898","error":""},"_links":{"self":[{"href":"https:\/\/www.europesays.com\/afrika\/wp-json\/wp\/v2\/posts\/28339","targetHints":{"allow":["GET"]}}],"collection":[{"href":"https:\/\/www.europesays.com\/afrika\/wp-json\/wp\/v2\/posts"}],"about":[{"href":"https:\/\/www.europesays.com\/afrika\/wp-json\/wp\/v2\/types\/post"}],"author":[{"embeddable":true,"href":"https:\/\/www.europesays.com\/afrika\/wp-json\/wp\/v2\/users\/2"}],"replies":[{"embeddable":true,"href":"https:\/\/www.europesays.com\/afrika\/wp-json\/wp\/v2\/comments?post=28339"}],"version-history":[{"count":0,"href":"https:\/\/www.europesays.com\/afrika\/wp-json\/wp\/v2\/posts\/28339\/revisions"}],"wp:featuredmedia":[{"embeddable":true,"href":"https:\/\/www.europesays.com\/afrika\/wp-json\/wp\/v2\/media\/28340"}],"wp:attachment":[{"href":"https:\/\/www.europesays.com\/afrika\/wp-json\/wp\/v2\/media?parent=28339"}],"wp:term":[{"taxonomy":"category","embeddable":true,"href":"https:\/\/www.europesays.com\/afrika\/wp-json\/wp\/v2\/categories?post=28339"},{"taxonomy":"post_tag","embeddable":true,"href":"https:\/\/www.europesays.com\/afrika\/wp-json\/wp\/v2\/tags?post=28339"}],"curies":[{"name":"wp","href":"https:\/\/api.w.org\/{rel}","templated":true}]}}