{"id":28485,"date":"2026-06-12T15:15:33","date_gmt":"2026-06-12T15:15:33","guid":{"rendered":"https:\/\/www.europesays.com\/afrika\/28485\/"},"modified":"2026-06-12T15:15:33","modified_gmt":"2026-06-12T15:15:33","slug":"sahara-49-menschen-verdursten-nach-lkw-panne-in-der-wueste","status":"publish","type":"post","link":"https:\/\/www.europesays.com\/afrika\/28485\/","title":{"rendered":"Sahara: 49 Menschen verdursten nach Lkw-Panne in der W\u00fcste"},"content":{"rendered":"<p>Ohne Wasser gestrandet <\/p>\n<p>Nach Lkw-Panne: 49 Menschen verdursten in W\u00fcste<\/p>\n<p>05.06.2026Lesedauer: 1 Min.<\/p>\n<p><a href=\"#focus-0\" class=\"transition-colors block text-current relative\" data-sctrack=\"FocusGalleryImage.Reference\"><img fetchpriority=\"high\" data-testid=\"Opener.Image\"   loading=\"eager\" src=\"https:\/\/www.europesays.com\/afrika\/wp-content\/uploads\/2026\/06\/a-view-of-desert-dunes-in-tunisia-xkwx-africa-travel-desert-tourism-sand-sahara-adventure-yellow-sun.jpeg\" alt=\"A view of desert dunes in Tunisia\" title=\"A view of desert dunes in Tunisia\" width=\"4000\" height=\"2250\" class=\"bg-[url:var(--lqipURL)] bg-cover bg-center flex h-full w-full max-w-full\" style=\"--lqipURL:url('https:\/\/images.t-online.de\/2026\/06\/aInBGUs4LKdA\/0x209:4000x2250\/fit-in\/150x0\/filters:blur(25)\/a-view-of-desert-dunes-in-tunisia-xkwx-africa-travel-desert-tourism-sand-sahara-adventure-yellow-sun-outdoor-sunset-landscape-nature-blue-orange-dunes-background-desert-sunset-desert-landscape-sky-scenic-dry-dune-qudra-summer-niger-rock-nomad-outside-park-red-sahara-desert-tuareg-shape-signs-smooth-the-berbers-time-valley-mountain-shadow-lines-abstraction-horizon-perspective-wanderlust-sunrise-tunisia.jpg')\" decoding=\"async\"\/><img loading=\"lazy\" src=\"https:\/\/www.t-online.de\/s\/paper\/_next\/static\/media\/zoom-in.f7dae02f.svg\" alt=\"Vergr\u00f6\u00dfern des Bildes\" title=\"Vergr\u00f6\u00dfern des Bildes\" class=\"block h-[calc(var(--height)_\/_16_*_1rem)] w-[calc(var(--width)_\/_16_*_1rem)] max-w-none absolute right-8 bottom-8 rounded-4 bg-snow p-8\" style=\"--width:32;--height:32\" decoding=\"async\"\/><\/a><\/p>\n<p>Der Blick in die Sahara (Symbolbild): Nach einer Fahrzeugpanne sind in Niger fast 50 Menschen verdurstet. (Quelle: xStivallix via imago-images.de\/imago)<\/p>\n<p><img loading=\"lazy\" src=\"https:\/\/www.t-online.de\/s\/paper\/_next\/static\/media\/audio-volume.6689034c.svg\" alt=\"\" title=\"\" class=\"block h-[calc(var(--height)_\/_16_*_1rem)] w-[calc(var(--width)_\/_16_*_1rem)] max-w-none group-hover:brightness-0 group-hover:invert\" style=\"--width:16;--height:16\" decoding=\"async\"\/>Vorlesen<\/p>\n<p>Aktuelle Zeit:0:00Gesamtdauer:0:00<\/p>\n<p>1x<\/p>\n<p class=\"text-center\">Jetzt neu bei t-online:<\/p>\n<p class=\"text-center\">Schriftgr\u00f6\u00dfe anpassen!<\/p>\n<p><img loading=\"lazy\" src=\"https:\/\/www.t-online.de\/s\/paper\/_next\/static\/media\/font-sizes.32942e33.svg\" alt=\"\" title=\"\" class=\"block h-[calc(var(--height)_\/_16_*_1rem)] w-[calc(var(--width)_\/_16_*_1rem)] max-w-none group-hover:hidden group-aria-expanded:hidden\" style=\"--width:16;--height:16\" decoding=\"async\"\/><img loading=\"lazy\" src=\"https:\/\/www.t-online.de\/s\/paper\/_next\/static\/media\/font-sizes-dark-mode.e382645c.svg\" alt=\"\" title=\"\" class=\"block h-[calc(var(--height)_\/_16_*_1rem)] w-[calc(var(--width)_\/_16_*_1rem)] max-w-none hidden group-hover:block group-aria-expanded:block\" style=\"--width:16;--height:16\" decoding=\"async\"\/><img loading=\"lazy\" src=\"https:\/\/www.t-online.de\/s\/paper\/_next\/static\/media\/sharing-menu-icon.1eb71368.svg\" alt=\"\" title=\"\" class=\"block h-[calc(var(--height)_\/_16_*_1rem)] w-[calc(var(--width)_\/_16_*_1rem)] max-w-none group-hover:brightness-0 group-hover:invert\" style=\"--width:16;--height:16\" decoding=\"async\"\/>Artikel teilen<\/p>\n<p class=\"font-bold text-18 leading-17 user-text-lg:text-22 user-text-xl:text-24\">Mitten in der Sahara hat eine Reisegruppe eine Fahrzeugpanne. Ohne Wasser k\u00f6nnen die meisten von ihnen nicht \u00fcberleben.<\/p>\n<p class=\"text-18 leading-17 user-text-lg:text-22 user-text-xl:text-24\">Nach der Panne eines Lastwagens sind im Norden Nigers 49 Menschen verdurstet. Wie die Regionalregierung von Agadez am Donnerstag mitteilte, waren die Reisenden auf dem R\u00fcckweg aus dem Nachbarland <a class=\"transition-colors cursor-pointer text-inherit no-underline text-salemsfur md:hover:text-magenta md:hover:border-magenta md:focus:text-magenta border-current border-b border-solid break-words\" data-tracking=\"{&quot;action&quot;:&quot;click&quot;,&quot;category&quot;:&quot;intextLink&quot;,&quot;label&quot;:&quot;\/themen\/mali\/&quot;}\" href=\"https:\/\/www.t-online.de\/themen\/mali\/\" data-sctrack=\"BodyAnchor\" rel=\"nofollow noopener\" target=\"_blank\">Mali<\/a>, als ihr Fahrzeug in einer abgelegenen Region der Sahara stecken blieb.<\/p>\n<p class=\"text-18 leading-17 user-text-lg:text-22 user-text-xl:text-24\">Das Fahrzeug blieb mehr als 80 Kilometer entfernt von der Grenzstadt Assamaka stecken. Fahrer, Helfer und Passagiere h\u00e4tten versucht, das Fahrzeug zu reparieren \u2013 allerdings ohne Erfolg. Laut den Beh\u00f6rden sei den Reisenden schnell das Wasser ausgegangen.<\/p>\n<p>Geschlecht gekl\u00e4rt: <a class=\"transition-colors cursor-pointer text-inherit no-underline text-salemsfur md:hover:text-magenta md:hover:border-magenta md:focus:text-magenta border-current border-b border-solid break-words\" data-tracking=\"{&quot;action&quot;:&quot;click&quot;,&quot;category&quot;:&quot;intextLink&quot;,&quot;label&quot;:&quot;\/nachrichten\/panorama\/buntes-kurioses\/id_101283584\/wal-timmy-experten-beenden-obduktion.html&quot;}\" href=\"https:\/\/www.t-online.de\/nachrichten\/panorama\/buntes-kurioses\/id_101283584\/wal-timmy-experten-beenden-obduktion.html\" data-sctrack=\"BodyAnchor\" rel=\"nofollow noopener\" target=\"_blank\">Obduktion von Wal Timmy ist beendet<\/a>Bet\u00e4ubungspfeil abgewehrt: <a class=\"transition-colors cursor-pointer text-inherit no-underline text-salemsfur md:hover:text-magenta md:hover:border-magenta md:focus:text-magenta border-current border-b border-solid break-words\" data-tracking=\"{&quot;action&quot;:&quot;click&quot;,&quot;category&quot;:&quot;intextLink&quot;,&quot;label&quot;:&quot;\/nachrichten\/panorama\/tiere\/id_101285156\/japan-baer-in-fukushima-entkommt-jaegern-betaeubungspfeil-wirkt-nicht.html&quot;}\" href=\"https:\/\/www.t-online.de\/nachrichten\/panorama\/tiere\/id_101285156\/japan-baer-in-fukushima-entkommt-jaegern-betaeubungspfeil-wirkt-nicht.html\" data-sctrack=\"BodyAnchor\" rel=\"nofollow noopener\" target=\"_blank\">B\u00e4r gelingt filmreife Flucht<\/a><\/p>\n<p>Helfer finden weiteren Lastwagen<\/p>\n<p class=\"text-18 leading-17 user-text-lg:text-22 user-text-xl:text-24\">Zwei Menschen \u00fcberlebten laut Regierungsangaben. Sie seien mehr als 50 Kilometer zu einer Wasserstelle gelaufen. Als sie Assamaka erreichten, h\u00e4tten sie die Beh\u00f6rden alarmiert.<\/p>\n<p class=\"text-18 leading-17 user-text-lg:text-22 user-text-xl:text-24\">Die Toten seien in einem Massengrab beigesetzt worden. In der Mitteilung hie\u00df es: &#8222;Vor Ort bot sich ein besonders ersch\u00fctternder Anblick. Unter dem festgefahrenen Lastwagen und in dessen Umgebung wurden Dutzende Leichen gefunden.&#8220;<\/p>\n<p class=\"text-18 leading-17 user-text-lg:text-22 user-text-xl:text-24\">Auf dem R\u00fcckweg von dem Einsatz fanden die Helfer laut \u00f6ffentlichen Angaben einen weiteren, liegengebliebenen Lastwagen mit mehr als 60 Menschen an Bord. Die Reisenden h\u00e4tten bereits seit drei Tagen festgesetzt.<\/p>\n<p class=\"text-18 leading-17 user-text-lg:text-22 user-text-xl:text-24\">Assamaka liegt nahe den Grenzen zu <a class=\"transition-colors cursor-pointer text-inherit no-underline text-salemsfur md:hover:text-magenta md:hover:border-magenta md:focus:text-magenta border-current border-b border-solid break-words\" data-tracking=\"{&quot;action&quot;:&quot;click&quot;,&quot;category&quot;:&quot;intextLink&quot;,&quot;label&quot;:&quot;\/themen\/algerien\/&quot;}\" href=\"https:\/\/www.t-online.de\/themen\/algerien\/\" data-sctrack=\"BodyAnchor\" rel=\"nofollow noopener\" target=\"_blank\">Algerien<\/a> und Mali und ist ein wichtiger Knotenpunkt auf den Reiserouten durch die Sahara. Laut Polizeiregierung waren die Verungl\u00fcckten auf dem Weg in das Land, um das islamische <a class=\"transition-colors cursor-pointer text-inherit no-underline text-salemsfur md:hover:text-magenta md:hover:border-magenta md:focus:text-magenta border-current border-b border-solid break-words\" data-tracking=\"{&quot;action&quot;:&quot;click&quot;,&quot;category&quot;:&quot;intextLink&quot;,&quot;label&quot;:&quot;\/leben\/familie\/familie-und-beruf\/id_74166732\/opferfest-darum-feiern-muslime-eid-ul-adha-und-ehren-abraham.html&quot;}\" href=\"https:\/\/www.t-online.de\/leben\/familie\/familie-und-beruf\/id_74166732\/opferfest-darum-feiern-muslime-eid-ul-adha-und-ehren-abraham.html\" data-sctrack=\"BodyAnchor\" rel=\"nofollow noopener\" target=\"_blank\">Opferfest<\/a> mit ihren Familien zu begehen.<\/p>\n","protected":false},"excerpt":{"rendered":"Ohne Wasser gestrandet Nach Lkw-Panne: 49 Menschen verdursten in W\u00fcste 05.06.2026Lesedauer: 1 Min. Der Blick in die Sahara&hellip;\n","protected":false},"author":2,"featured_media":28486,"comment_status":"","ping_status":"","sticky":false,"template":"","format":"standard","meta":{"footnotes":"","_share_on_mastodon":"0"},"categories":[243],"tags":[810,11424,4636,12208,309,366,5233,2052,3381],"class_list":["post-28485","post","type-post","status-publish","format-standard","has-post-thumbnail","category-niger","tag-810","tag-assamaka","tag-fahrzeug","tag-fahrzeugpanne","tag-mali","tag-niger","tag-reisegruppe","tag-sahara","tag-wueste"],"share_on_mastodon":{"url":"https:\/\/pubeurope.com\/@afrika\/116737797682366042","error":""},"_links":{"self":[{"href":"https:\/\/www.europesays.com\/afrika\/wp-json\/wp\/v2\/posts\/28485","targetHints":{"allow":["GET"]}}],"collection":[{"href":"https:\/\/www.europesays.com\/afrika\/wp-json\/wp\/v2\/posts"}],"about":[{"href":"https:\/\/www.europesays.com\/afrika\/wp-json\/wp\/v2\/types\/post"}],"author":[{"embeddable":true,"href":"https:\/\/www.europesays.com\/afrika\/wp-json\/wp\/v2\/users\/2"}],"replies":[{"embeddable":true,"href":"https:\/\/www.europesays.com\/afrika\/wp-json\/wp\/v2\/comments?post=28485"}],"version-history":[{"count":0,"href":"https:\/\/www.europesays.com\/afrika\/wp-json\/wp\/v2\/posts\/28485\/revisions"}],"wp:featuredmedia":[{"embeddable":true,"href":"https:\/\/www.europesays.com\/afrika\/wp-json\/wp\/v2\/media\/28486"}],"wp:attachment":[{"href":"https:\/\/www.europesays.com\/afrika\/wp-json\/wp\/v2\/media?parent=28485"}],"wp:term":[{"taxonomy":"category","embeddable":true,"href":"https:\/\/www.europesays.com\/afrika\/wp-json\/wp\/v2\/categories?post=28485"},{"taxonomy":"post_tag","embeddable":true,"href":"https:\/\/www.europesays.com\/afrika\/wp-json\/wp\/v2\/tags?post=28485"}],"curies":[{"name":"wp","href":"https:\/\/api.w.org\/{rel}","templated":true}]}}