{"id":28679,"date":"2026-06-13T03:28:11","date_gmt":"2026-06-13T03:28:11","guid":{"rendered":"https:\/\/www.europesays.com\/afrika\/28679\/"},"modified":"2026-06-13T03:28:11","modified_gmt":"2026-06-13T03:28:11","slug":"trainer-ancelotti-ueberbringt-vor-dem-spiel-brasilien-gegen-marokko-schlechte-nachrichten-ueber-neymar","status":"publish","type":"post","link":"https:\/\/www.europesays.com\/afrika\/28679\/","title":{"rendered":"Trainer Ancelotti \u00fcberbringt vor dem Spiel Brasilien gegen Marokko schlechte Nachrichten \u00fcber Neymar."},"content":{"rendered":"<p>\u201e Neymar hat hart daran gearbeitet, sich so schnell wie m\u00f6glich zu erholen. Wir hoffen, dass er n\u00e4chste Woche wieder vollst\u00e4ndig genesen und ins Training einsteigen kann \u201c, sagte der italienische Trainer vor Brasiliens Auftaktspiel bei der Weltmeisterschaft 2026 .<\/p>\n<p> Daher wird Neymar das Spiel Brasilien gegen Marokko am 14. Juni um 5 Uhr morgens definitiv verpassen.<\/p>\n<p> Der 34-j\u00e4hrige St\u00fcrmer wurde trotz seiner j\u00fcngsten Verletzungsserie von Trainer Ancelotti in den Kader der brasilianischen Nationalmannschaft f\u00fcr die Weltmeisterschaft 2026 berufen. <\/p>\n<p><img style=\"cursor:pointer\" data-original=\"https:\/\/static-images.vnncdn.net\/vps_images_publish\/000001\/000003\/2026\/6\/13\/neymar-sportytv-976.jpg?width=0&amp;s=SrLRH-BNtYK-sIriJAEDsw\" class=\"lazy \"  alt=\"Neymar SportyTV.jpg\" data-thumb-small-src=\"https:\/\/www.europesays.com\/afrika\/wp-content\/uploads\/2026\/06\/neymar-sportytv-976.jpg\"\/> Neymar hat seit 2023 nicht mehr f\u00fcr die brasilianische Nationalmannschaft gespielt, daher w\u00e4re seine Teilnahme an der Weltmeisterschaft 2026 bereits ein \u201eWunder\u201c. Foto: Sporty TV<\/p>\n<p> Und obwohl Neymar seit 2023 nicht mehr f\u00fcr Brasilien gespielt hat, entschied sich der Meisterstratege dennoch daf\u00fcr, ihm sein Vertrauen zu schenken.<\/p>\n<p> Neymar teilte einen Moment \u00fcberw\u00e4ltigender Freude und brach sogar in Tr\u00e4nen aus, als er erfuhr, dass er auf der Liste der 26 brasilianischen Spieler steht, die am gr\u00f6\u00dften Fu\u00dfballereignis der Welt teilnehmen werden.<\/p>\n<p> Kurz nach seiner Nominierung verletzte sich der ehemalige St\u00fcrmer von Barca und PSG jedoch erneut. Dies verz\u00f6gerte seine R\u00fcckkehr in die brasilianische Nationalmannschaft weiter. Trotzdem weigerte sich Trainer Ancelotti, einen Ersatzspieler zu berufen.<\/p>\n<p> Viele glauben, dass es sich um ein \u201ePrivileg\u201c handelte, das der Kapit\u00e4n der brasilianischen Nationalmannschaft Neymar gew\u00e4hrte, da nur wenige glaubten, dass er gesund genug sei, um bei einem Turnier wie der Weltmeisterschaft auf hohem Niveau zu spielen.<\/p>\n<p> Neymar ist Brasiliens Rekordtorsch\u00fctze mit 79 Toren in 128 Spielen und \u00fcbertraf damit Pel\u00e9 (77 Tore). <\/p>\n<p class=\"mb-0\"> Quelle: https:\/\/vietnamnet.vn\/neymar-truc-tran-brazil-vs-maroc-2525439.html<\/p>\n","protected":false},"excerpt":{"rendered":"\u201e Neymar hat hart daran gearbeitet, sich so schnell wie m\u00f6glich zu erholen. Wir hoffen, dass er n\u00e4chste&hellip;\n","protected":false},"author":2,"featured_media":28680,"comment_status":"","ping_status":"","sticky":false,"template":"","format":"standard","meta":{"footnotes":"","_share_on_mastodon":"0"},"categories":[10],"tags":[12273,9902,95,96],"class_list":["post-28679","post","type-post","status-publish","format-standard","has-post-thumbnail","category-marokko","tag-ata","tag-carlo-ancelotti","tag-marokko","tag-morocco"],"share_on_mastodon":{"url":"https:\/\/pubeurope.com\/@afrika\/116740679432281055","error":""},"_links":{"self":[{"href":"https:\/\/www.europesays.com\/afrika\/wp-json\/wp\/v2\/posts\/28679","targetHints":{"allow":["GET"]}}],"collection":[{"href":"https:\/\/www.europesays.com\/afrika\/wp-json\/wp\/v2\/posts"}],"about":[{"href":"https:\/\/www.europesays.com\/afrika\/wp-json\/wp\/v2\/types\/post"}],"author":[{"embeddable":true,"href":"https:\/\/www.europesays.com\/afrika\/wp-json\/wp\/v2\/users\/2"}],"replies":[{"embeddable":true,"href":"https:\/\/www.europesays.com\/afrika\/wp-json\/wp\/v2\/comments?post=28679"}],"version-history":[{"count":0,"href":"https:\/\/www.europesays.com\/afrika\/wp-json\/wp\/v2\/posts\/28679\/revisions"}],"wp:featuredmedia":[{"embeddable":true,"href":"https:\/\/www.europesays.com\/afrika\/wp-json\/wp\/v2\/media\/28680"}],"wp:attachment":[{"href":"https:\/\/www.europesays.com\/afrika\/wp-json\/wp\/v2\/media?parent=28679"}],"wp:term":[{"taxonomy":"category","embeddable":true,"href":"https:\/\/www.europesays.com\/afrika\/wp-json\/wp\/v2\/categories?post=28679"},{"taxonomy":"post_tag","embeddable":true,"href":"https:\/\/www.europesays.com\/afrika\/wp-json\/wp\/v2\/tags?post=28679"}],"curies":[{"name":"wp","href":"https:\/\/api.w.org\/{rel}","templated":true}]}}