{"id":29304,"date":"2026-06-14T18:54:20","date_gmt":"2026-06-14T18:54:20","guid":{"rendered":"https:\/\/www.europesays.com\/afrika\/29304\/"},"modified":"2026-06-14T18:54:20","modified_gmt":"2026-06-14T18:54:20","slug":"niger-49-menschen-nach-lkw-panne-in-der-wueste-nahe-agadez-verdurstet","status":"publish","type":"post","link":"https:\/\/www.europesays.com\/afrika\/29304\/","title":{"rendered":"Niger: 49 Menschen nach Lkw-Panne in der W\u00fcste nahe Agadez verdurstet"},"content":{"rendered":"<p><img fetchpriority=\"high\" decoding=\"async\" width=\"369\" height=\"246\" src=\"https:\/\/www.europesays.com\/afrika\/wp-content\/uploads\/2026\/06\/LKW-in-Wueste.png\" alt=\"\" class=\"wp-image-37749\"  \/><\/p>\n<p class=\"wp-block-paragraph\">Im Niger hat sich im Norden des Landes eine Trag\u00f6die ereignet. Dutzende nigrische Staatsangeh\u00f6rige sind verdurstet, nachdem der Lastwagen, mit dem sie aus dem benachbarten Mali unterwegs waren, eine Panne hatte. Dies gab die Provinzverwaltung von Agadez am Donnerstag, dem 4. Juni, in den sozialen Netzwerken bekannt. Alarm geschlagen wurde von zwei Passagieren, denen es gelang, nach einem Fu\u00dfmarsch von mehreren Dutzend Kilometern die Ortschaft Assamaka zu erreichen, berichtet <a href=\"https:\/\/www.rfi.fr\/fr\/afrique\/20260605-niger-49-personnes-mortes-de-soif-dans-le-d%C3%A9sert-pr%C3%A8s-d-agadez-apr%C3%A8s-la-panne-de-leur-camion?utm_medium=email&amp;utm_campaign=newsletter&amp;utm_source=rfi-nl-afrique-fr&amp;utm_email_send_date=%2020260605&amp;utm_email_recipient=215281&amp;utm_email_link=contenus&amp;_ope=eyJndWlkIjoiZTdiYzk0NzY4ZWQ2NGYzY2U1YTA3ZjRkOTM0NmMzNGMifQ%3D%3D\" target=\"_blank\" rel=\"noopener nofollow\" title=\"\">RFI<\/a>.<\/p>\n<p class=\"wp-block-paragraph\">Die Ver\u00f6ffentlichung der Provinzverwaltung von Agadez wurde von Bildern begleitet, die leblose K\u00f6rper inmitten der W\u00fcste unter brennender Sonne zeigen. Insgesamt kamen 49 Menschen in dieser Grenzregion des Niger zwischen Mali und Algerien durch Verdursten ums Leben. Die nigrischen Staatsb\u00fcrger waren aus Harouba im benachbarten Mali aufgebrochen, einem Ort, der f\u00fcr seine handwerklichen Goldabbaugebiete bekannt ist, um das Opferfest (Aid) mit ihren Familien zu feiern.<\/p>\n<p class=\"wp-block-paragraph\">Doch der Lastwagen, der sie transportierte, soll sich verirrt haben und nach mehreren Tagen Fahrt durch die W\u00fcste liegen geblieben sein. Die Passagiere waren damit \u201eim Herzen einer feindlichen Umgebung gefangen\u201c, die von extremen Temperaturen und dem v\u00f6lligen Fehlen von Versorgungsm\u00f6glichkeiten gepr\u00e4gt ist.<\/p>\n<p class=\"wp-block-paragraph\">Alarm durch mehrere Passagiere<\/p>\n<p class=\"wp-block-paragraph\">Der Notruf wurde von zwei Passagieren ausgel\u00f6st, die nach einem Fu\u00dfmarsch von mehreren Dutzend Kilometern Assamaka erreichen konnten. Die \u00f6rtlichen Beh\u00f6rden entsandten daraufhin ein Team, das die Trag\u00f6die entdeckte. Die 49 Verstorbenen wurden vor Ort beigesetzt.<\/p>\n<p class=\"wp-block-paragraph\">Auf dem R\u00fcckweg stie\u00df die Delegation auf ein weiteres Fahrzeug, das bereits seit drei Tagen liegen geblieben war. Die 60 Insassen dieses Fahrzeugs konnten diesmal gerettet werden. Nach Angaben der Provinzverwaltung verdeutlichen diese Ereignisse \u201eden menschlichen Preis von Reisen durch eine der lebensfeindlichsten Regionen der Erde\u201c.<\/p>\n<p class=\"wp-block-paragraph\">Die Region ist zugleich eine wichtige Transitroute f\u00fcr Migranten, die versuchen, Europa zu erreichen. Immer wieder kommt es dort zu \u00e4hnlichen Trag\u00f6dien.<\/p>\n","protected":false},"excerpt":{"rendered":"Im Niger hat sich im Norden des Landes eine Trag\u00f6die ereignet. Dutzende nigrische Staatsangeh\u00f6rige sind verdurstet, nachdem der&hellip;\n","protected":false},"author":2,"featured_media":29305,"comment_status":"","ping_status":"","sticky":false,"template":"","format":"standard","meta":{"footnotes":"","_share_on_mastodon":"0"},"categories":[243],"tags":[366,3381],"class_list":["post-29304","post","type-post","status-publish","format-standard","has-post-thumbnail","category-niger","tag-niger","tag-wueste"],"share_on_mastodon":{"url":"https:\/\/pubeurope.com\/@afrika\/116749982986311299","error":""},"_links":{"self":[{"href":"https:\/\/www.europesays.com\/afrika\/wp-json\/wp\/v2\/posts\/29304","targetHints":{"allow":["GET"]}}],"collection":[{"href":"https:\/\/www.europesays.com\/afrika\/wp-json\/wp\/v2\/posts"}],"about":[{"href":"https:\/\/www.europesays.com\/afrika\/wp-json\/wp\/v2\/types\/post"}],"author":[{"embeddable":true,"href":"https:\/\/www.europesays.com\/afrika\/wp-json\/wp\/v2\/users\/2"}],"replies":[{"embeddable":true,"href":"https:\/\/www.europesays.com\/afrika\/wp-json\/wp\/v2\/comments?post=29304"}],"version-history":[{"count":0,"href":"https:\/\/www.europesays.com\/afrika\/wp-json\/wp\/v2\/posts\/29304\/revisions"}],"wp:featuredmedia":[{"embeddable":true,"href":"https:\/\/www.europesays.com\/afrika\/wp-json\/wp\/v2\/media\/29305"}],"wp:attachment":[{"href":"https:\/\/www.europesays.com\/afrika\/wp-json\/wp\/v2\/media?parent=29304"}],"wp:term":[{"taxonomy":"category","embeddable":true,"href":"https:\/\/www.europesays.com\/afrika\/wp-json\/wp\/v2\/categories?post=29304"},{"taxonomy":"post_tag","embeddable":true,"href":"https:\/\/www.europesays.com\/afrika\/wp-json\/wp\/v2\/tags?post=29304"}],"curies":[{"name":"wp","href":"https:\/\/api.w.org\/{rel}","templated":true}]}}