{"id":29927,"date":"2026-06-16T02:53:39","date_gmt":"2026-06-16T02:53:39","guid":{"rendered":"https:\/\/www.europesays.com\/afrika\/29927\/"},"modified":"2026-06-16T02:53:39","modified_gmt":"2026-06-16T02:53:39","slug":"fussball-wm-heute-pressestimmen-zu-elfenbeinkueste","status":"publish","type":"post","link":"https:\/\/www.europesays.com\/afrika\/29927\/","title":{"rendered":"Fu\u00dfball WM heute: Pressestimmen zu Elfenbeink\u00fcste"},"content":{"rendered":"<p class=\"toc_title\">Inhaltsverzeichnis &#8211; das findest du hier<\/p>\n<p>Die <a class=\"nr-pvl-link\" href=\"https:\/\/www.fussballnationalmannschaft.net\/team\/elfenbeinkueste\" rel=\"nofollow noopener\" target=\"_blank\">Elfenbeink\u00fcste<\/a> hat ihr <a href=\"https:\/\/www.fussballnationalmannschaft.net\/spiel\/elfenbeink%c3%bcste-ecuador-2026-06-15\" rel=\"nofollow noopener\" target=\"_blank\">erstes Gruppenspiel der WM 2026<\/a> mit 1:0 gegen <a class=\"nr-pvl-link\" href=\"https:\/\/www.fussballnationalmannschaft.net\/team\/ecuador\" rel=\"nofollow noopener\" target=\"_blank\">Ecuador<\/a> gewonnen. Erst in der 90. Minute traf <a class=\"nr-pvl-link\" href=\"https:\/\/www.fussballnationalmannschaft.net\/spieler\/a-diallo-2\" rel=\"nofollow noopener\" target=\"_blank\">Amad Diallo<\/a> im <a class=\"nr-pvl-link\" href=\"https:\/\/www.fussballnationalmannschaft.net\/fussballstadion\/philadelphia-lincoln-financial-field-wm-2026-stadion\" rel=\"nofollow noopener\" target=\"_blank\">Lincoln Financial Field<\/a> in Philadelphia und beendete mit diesem Tor zugleich Ecuadors lange Serie ohne Niederlage. Alle Tore und den Verlauf der Partie haben wir im <a href=\"https:\/\/www.fussballnationalmannschaft.net\/wm-2026-heute-dfb-gegner-elfenbeinkueste-zeigt-gegen-ecuador-seine-qualitaeten-2-123250757.html\" rel=\"nofollow noopener\" target=\"_blank\">Ergebnis-Artikel zum Spiel<\/a> aufgeschrieben, hier sammeln wir, wie die Medien diesen Abend in der <a class=\"nr-pvl-link\" href=\"https:\/\/www.fussballnationalmannschaft.net\/fussball-wm-2026\/wm-2026-gruppen\/wm-2026-gruppe-e-spielplan-tabelle\" rel=\"nofollow noopener\" target=\"_blank\">Gruppe E<\/a> eingeordnet haben.<\/p>\n<p><img fetchpriority=\"high\" decoding=\"async\" class=\"size-large wp-image-250739\" src=\"data:image\/svg+xml,%3Csvg%20xmlns=\" http:=\"\" alt=\"Philadelphia, Pennsylvania, USA, 14. Juni 2026: Jackson Porozo (Nr. 25) aus Ecuador setzt sich im Kopfballduell gegen Ange-Yoan Bonny (Nr. 9) von der Elfenbeink\u00fcste w\u00e4hrend des WM-Spiels der Gruppe E im Philadelphia Stadium durch. (Foto: Kevin C. Cox\/Getty Images)\" width=\"670\" height=\"447\" data-lazy- data-lazy- data-lazy-src=\"https:\/\/www.europesays.com\/afrika\/wp-content\/uploads\/2026\/06\/jackson-porozo-kopfballduell-ange-yoan-bonny-wm-2026-670x447.jpg\"\/>Philadelphia, Pennsylvania, USA, 14. Juni 2026: Jackson Porozo (Nr. 25) aus Ecuador setzt sich im Kopfballduell gegen Ange-Yoan Bonny (Nr. 9) von der Elfenbeink\u00fcste w\u00e4hrend des WM-Spiels der Gruppe E im Philadelphia Stadium durch. (Foto: Kevin C. Cox\/Getty Images)<\/p>\n<p>Der sp\u00e4te Treffer aus Sicht der DACH-Medien<\/p>\n<p>Die Sportschau lie\u00df vor allem den Mann des Abends zu Wort kommen. Amad Diallo betonte nach dem Sieg, seine Mannschaft sei zur Weltmeisterschaft gereist, um \u201eGeschichte zu schreiben\u201c, mit dem Auftaktsieg sei damit aber l\u00e4ngst nicht alles erledigt.<\/p>\n<p>Die Zeit beschrieb, wie die Ivorer Ecuador in der Schlussphase niederrangen und so mit einem sp\u00e4ten Erfolg ins Turnier starteten. Der Schweizer SRF wertete Diallos Treffer als H\u00f6hepunkt eines chancenreichen Duells, das sich eigentlich schon auf ein gerechtes Remis zubewegt hatte. Aus <a class=\"nr-pvl-link\" href=\"https:\/\/www.fussballnationalmannschaft.net\/team\/oesterreich\" rel=\"nofollow noopener\" target=\"_blank\">\u00d6sterreich<\/a> hob LAOLA1 die Chancenflut beider Teams hervor und z\u00e4hlte die zahlreichen Aluminiumtreffer auf, ehe Diallo die Elfenbeink\u00fcste erl\u00f6ste.<\/p>\n<p>Lob f\u00fcr das Tor und Klage \u00fcber das Ergebnis<\/p>\n<p>In den <a class=\"nr-pvl-link\" href=\"https:\/\/www.fussballnationalmannschaft.net\/team\/usa\" rel=\"nofollow noopener\" target=\"_blank\">USA<\/a> gab AP News dem Sieger das Wort. Trainer Emerse Fae lobte vor allem die Vorlage von Wilfried Singo auf Diallo und nannte den Treffer \u201eein fantastisches Tor\u201c, in dem er genau das umgesetzt sah, was die Mannschaft trainiert habe.<\/p>\n<p>Dieses Fu\u00dfball-Video k\u00f6nnte dich interessieren:<\/p>\n<p>Auf der Gegenseite fing Reuters die Entt\u00e4uschung des Verlierers ein. Ecuadors Trainer Sebastian Beccacece sprach von einer Niederlage, die sich \u201eungerecht\u201c anf\u00fchle, und f\u00fchrte gute Gr\u00fcnde f\u00fcr die Einsch\u00e4tzung an, seine Elf habe stark gespielt. Al Jazeera aus <a class=\"nr-pvl-link\" href=\"https:\/\/www.fussballnationalmannschaft.net\/team\/qatar\" rel=\"nofollow noopener\" target=\"_blank\">Katar<\/a> teilte diese Lesart in Teilen und sah \u00fcber weite Strecken eine starke ecuadorianische Mannschaft, bis Diallo in der 90. Minute mit einem platzierten Linksschuss durchbrach.<\/p>\n<p>Ein Geheimfavorit und das Ende einer Serie<\/p>\n<p>Die s\u00fcdkoreanische Chosun ordnete den knappen ivorischen Sieg als Erfolg eines Geheimfavoriten ein und verwies auf die fast identischen Pl\u00e4tze beider Teams in der Weltrangliste. Die indische Deccan Herald r\u00fcckte einen anderen Aspekt in den Vordergrund und betonte, dass Diallos sp\u00e4ter Treffer Ecuadors 19 Spiele w\u00e4hrende Serie ohne Niederlage beendete.<\/p>\n<p>(In den sozialen Netzwerken fanden wir zu dieser Partie nichts Zitierf\u00e4higes, weshalb dieser \u00dcberblick allein auf den genannten Medien beruht.)<\/p>\n<p>\u00dcbereinstimmung auf ganzer Breite<\/p>\n<p>Quer durch die Medien deckt sich der Eindruck, dass dieses Spiel lange offen war und Ecuador mehr als nur ein Statist blieb. SRF, LAOLA1 und Al Jazeera betonten die vielen Chancen und sahen die Partie auf ein knappes Ergebnis zulaufen, bevor Diallo entschied. Bei der Bewertung des Resultats gehen die Lager auseinander. W\u00e4hrend AP News mit Emerse Fae das Tor feierte, hielt Reuters mit Sebastian Beccacece dagegen, der die Niederlage als ungerecht empfand. Chosun und Deccan Herald l\u00f6sten sich vom Spielverlauf und betteten den Abend in einen gr\u00f6\u00dferen Rahmen ein, der eine \u00fcber die Weltrangliste, die andere \u00fcber das Ende von Ecuadors langer Ungeschlagen-Serie.<\/p>\n<p>WM 2026 Tabelle der Gruppe E<\/p>\n<p>Nach dem ersten Spieltag liegt die Elfenbeink\u00fcste in der Gruppe E auf Platz zwei hinter <a class=\"nr-pvl-link\" href=\"https:\/\/www.fussballnationalmannschaft.net\/team\/deutschland\" rel=\"nofollow noopener\" target=\"_blank\">Deutschland<\/a>, Ecuador steht nach der Auftaktniederlage auf dem letzten Platz.<\/p>\n<p>\n\t\t\t\t\t#\n\t\t\t\t<\/p>\n<p>\n\t\t\t\t\tTeam\t\t\t\t<\/p>\n<p>\n\t\t\t\t\t\tB\t\t\t\t\t<\/p>\n<p>\n\t\t\t\t\t\tS\t\t\t\t\t<\/p>\n<p>\n\t\t\t\t\t\tU\t\t\t\t\t<\/p>\n<p>\n\t\t\t\t\t\tN\t\t\t\t\t<\/p>\n<p>\n\t\t\t\t\t\tTore\t\t\t\t\t<\/p>\n<p>\n\t\t\t\t\t\tGT\t\t\t\t\t<\/p>\n<p>\n\t\t\t\t\t\tTD\t\t\t\t\t<\/p>\n<p>\n\t\t\t\t\t\tPkt.\t\t\t\t\t<\/p>\n<p>\n\t\t\t\t\t\t1\t\t\t\t\t\t\t\t\t\t\t<\/p>\n<p>\t\t\t\t\t\t\t\t\t\t\t\t\t<img loading=\"lazy\" decoding=\"async\" width=\"25\" height=\"25\" class=\"anwp-object-contain mr-2 anwp-w-25 anwp-h-25\" src=\"data:image\/svg+xml,%3Csvg%20xmlns=\" http:=\"\" alt=\"Deutschland\" data-lazy-src=\"https:\/\/www.europesays.com\/afrika\/wp-content\/uploads\/2026\/06\/25.png\"\/><\/p>\n<p>\n\t\t\t\t\t\t\t\t\t\t\t\t\t\t\t1\t\t\t\t\t\t\t\t\t\t\t\t\t<\/p>\n<p>\n\t\t\t\t\t\t\t\t\t\t\t\t\t\t\t0\t\t\t\t\t\t\t\t\t\t\t\t\t<\/p>\n<p>\n\t\t\t\t\t\t\t\t\t\t\t\t\t\t\t0\t\t\t\t\t\t\t\t\t\t\t\t\t<\/p>\n<p>\n\t\t\t\t\t\t\t\t\t\t\t\t\t\t\t7\t\t\t\t\t\t\t\t\t\t\t\t\t<\/p>\n<p>\n\t\t\t\t\t\t\t\t\t\t\t\t\t\t\t1\t\t\t\t\t\t\t\t\t\t\t\t\t<\/p>\n<p>\n\t\t\t\t\t\t\t\t\t\t\t\t\t\t\t6\t\t\t\t\t\t\t\t\t\t\t\t\t<\/p>\n<p>\n\t\t\t\t\t\t\t\t\t\t\t\t\t\t\t3\t\t\t\t\t\t\t\t\t\t\t\t\t<\/p>\n<p>\n\t\t\t\t\t\t2\t\t\t\t\t\t\t\t\t\t\t<\/p>\n<p>\t\t\t\t\t\t\t\t\t\t\t\t\t<img loading=\"lazy\" decoding=\"async\" width=\"25\" height=\"25\" class=\"anwp-object-contain mr-2 anwp-w-25 anwp-h-25\" src=\"data:image\/svg+xml,%3Csvg%20xmlns=\" http:=\"\" alt=\"Elfenbeink\u00fcste\" data-lazy-src=\"https:\/\/www.europesays.com\/afrika\/wp-content\/uploads\/2026\/04\/1501-1.png\"\/><\/p>\n<p>\n\t\t\t\t\t\t\t\t\t\t\t\t\t\t\t1\t\t\t\t\t\t\t\t\t\t\t\t\t<\/p>\n<p>\n\t\t\t\t\t\t\t\t\t\t\t\t\t\t\t0\t\t\t\t\t\t\t\t\t\t\t\t\t<\/p>\n<p>\n\t\t\t\t\t\t\t\t\t\t\t\t\t\t\t0\t\t\t\t\t\t\t\t\t\t\t\t\t<\/p>\n<p>\n\t\t\t\t\t\t\t\t\t\t\t\t\t\t\t1\t\t\t\t\t\t\t\t\t\t\t\t\t<\/p>\n<p>\n\t\t\t\t\t\t\t\t\t\t\t\t\t\t\t0\t\t\t\t\t\t\t\t\t\t\t\t\t<\/p>\n<p>\n\t\t\t\t\t\t\t\t\t\t\t\t\t\t\t1\t\t\t\t\t\t\t\t\t\t\t\t\t<\/p>\n<p>\n\t\t\t\t\t\t\t\t\t\t\t\t\t\t\t3\t\t\t\t\t\t\t\t\t\t\t\t\t<\/p>\n<p>\n\t\t\t\t\t\t3\t\t\t\t\t\t\t\t\t\t\t<\/p>\n<p>\t\t\t\t\t\t\t\t\t\t\t\t\t<img loading=\"lazy\" decoding=\"async\" width=\"25\" height=\"25\" class=\"anwp-object-contain mr-2 anwp-w-25 anwp-h-25\" src=\"data:image\/svg+xml,%3Csvg%20xmlns=\" http:=\"\" alt=\"Cura\u00e7ao\" data-lazy-src=\"https:\/\/www.europesays.com\/afrika\/wp-content\/uploads\/2026\/06\/5530.png\"\/><\/p>\n<p>\n\t\t\t\t\t\t\t\t\t\t\t\t\t\t\t0\t\t\t\t\t\t\t\t\t\t\t\t\t<\/p>\n<p>\n\t\t\t\t\t\t\t\t\t\t\t\t\t\t\t0\t\t\t\t\t\t\t\t\t\t\t\t\t<\/p>\n<p>\n\t\t\t\t\t\t\t\t\t\t\t\t\t\t\t1\t\t\t\t\t\t\t\t\t\t\t\t\t<\/p>\n<p>\n\t\t\t\t\t\t\t\t\t\t\t\t\t\t\t1\t\t\t\t\t\t\t\t\t\t\t\t\t<\/p>\n<p>\n\t\t\t\t\t\t\t\t\t\t\t\t\t\t\t7\t\t\t\t\t\t\t\t\t\t\t\t\t<\/p>\n<p>\n\t\t\t\t\t\t\t\t\t\t\t\t\t\t\t-6\t\t\t\t\t\t\t\t\t\t\t\t\t<\/p>\n<p>\n\t\t\t\t\t\t\t\t\t\t\t\t\t\t\t0\t\t\t\t\t\t\t\t\t\t\t\t\t<\/p>\n<p>\n\t\t\t\t\t\t4\t\t\t\t\t\t\t\t\t\t\t<\/p>\n<p>\t\t\t\t\t\t\t\t\t\t\t\t\t<img loading=\"lazy\" decoding=\"async\" width=\"25\" height=\"25\" class=\"anwp-object-contain mr-2 anwp-w-25 anwp-h-25\" src=\"data:image\/svg+xml,%3Csvg%20xmlns=\" http:=\"\" alt=\"Ecuador\" data-lazy-src=\"https:\/\/www.europesays.com\/afrika\/wp-content\/uploads\/2026\/06\/2382-6.png\"\/><\/p>\n<p>\n\t\t\t\t\t\t\t\t\t\t\t\t\t\t\t0\t\t\t\t\t\t\t\t\t\t\t\t\t<\/p>\n<p>\n\t\t\t\t\t\t\t\t\t\t\t\t\t\t\t0\t\t\t\t\t\t\t\t\t\t\t\t\t<\/p>\n<p>\n\t\t\t\t\t\t\t\t\t\t\t\t\t\t\t1\t\t\t\t\t\t\t\t\t\t\t\t\t<\/p>\n<p>\n\t\t\t\t\t\t\t\t\t\t\t\t\t\t\t0\t\t\t\t\t\t\t\t\t\t\t\t\t<\/p>\n<p>\n\t\t\t\t\t\t\t\t\t\t\t\t\t\t\t1\t\t\t\t\t\t\t\t\t\t\t\t\t<\/p>\n<p>\n\t\t\t\t\t\t\t\t\t\t\t\t\t\t\t-1\t\t\t\t\t\t\t\t\t\t\t\t\t<\/p>\n<p>\n\t\t\t\t\t\t\t\t\t\t\t\t\t\t\t0\t\t\t\t\t\t\t\t\t\t\t\t\t<\/p>\n<p>Ausblick auf den 2. Spieltag<\/p>\n<p>F\u00fcr die Elfenbeink\u00fcste wartet am 20. Juni 2026 das Duell mit Deutschland, ebenfalls am 2. Spieltag der Gruppe E. Ecuador trifft einen Tag sp\u00e4ter, am 21. Juni 2026, auf Cura\u00e7ao.<\/p>\n<p>Diese Artikel k\u00f6nnten dich auch interessieren:<\/p>\n","protected":false},"excerpt":{"rendered":"Inhaltsverzeichnis &#8211; das findest du hier Die Elfenbeink\u00fcste hat ihr erstes Gruppenspiel der WM 2026 mit 1:0 gegen&hellip;\n","protected":false},"author":2,"featured_media":29928,"comment_status":"","ping_status":"","sticky":false,"template":"","format":"standard","meta":{"footnotes":"","_share_on_mastodon":"0"},"categories":[14],"tags":[4563,125,124,12687,12688,1515,12689,12570,126,12690,12691,12692,12693,12652],"class_list":["post-29927","post","type-post","status-publish","format-standard","has-post-thumbnail","category-elfenbeinkueste","tag-amad-diallo","tag-cote-divoire","tag-elfenbeinkueste","tag-elfenbeinkueste-ecuador","tag-elfenbeinkueste-ecuador-wm-2026","tag-emerse-fae","tag-fussball-heute","tag-fussball-wm-heute","tag-ivory-coast","tag-pressestimmen","tag-sebastian-beccacece","tag-wm-2026-auftakt","tag-wm-2026-gruppe-e","tag-wm-2026-heute"],"share_on_mastodon":{"url":"https:\/\/pubeurope.com\/@afrika\/116757528997477026","error":""},"_links":{"self":[{"href":"https:\/\/www.europesays.com\/afrika\/wp-json\/wp\/v2\/posts\/29927","targetHints":{"allow":["GET"]}}],"collection":[{"href":"https:\/\/www.europesays.com\/afrika\/wp-json\/wp\/v2\/posts"}],"about":[{"href":"https:\/\/www.europesays.com\/afrika\/wp-json\/wp\/v2\/types\/post"}],"author":[{"embeddable":true,"href":"https:\/\/www.europesays.com\/afrika\/wp-json\/wp\/v2\/users\/2"}],"replies":[{"embeddable":true,"href":"https:\/\/www.europesays.com\/afrika\/wp-json\/wp\/v2\/comments?post=29927"}],"version-history":[{"count":0,"href":"https:\/\/www.europesays.com\/afrika\/wp-json\/wp\/v2\/posts\/29927\/revisions"}],"wp:featuredmedia":[{"embeddable":true,"href":"https:\/\/www.europesays.com\/afrika\/wp-json\/wp\/v2\/media\/29928"}],"wp:attachment":[{"href":"https:\/\/www.europesays.com\/afrika\/wp-json\/wp\/v2\/media?parent=29927"}],"wp:term":[{"taxonomy":"category","embeddable":true,"href":"https:\/\/www.europesays.com\/afrika\/wp-json\/wp\/v2\/categories?post=29927"},{"taxonomy":"post_tag","embeddable":true,"href":"https:\/\/www.europesays.com\/afrika\/wp-json\/wp\/v2\/tags?post=29927"}],"curies":[{"name":"wp","href":"https:\/\/api.w.org\/{rel}","templated":true}]}}