{"id":30178,"date":"2026-06-16T13:00:37","date_gmt":"2026-06-16T13:00:37","guid":{"rendered":"https:\/\/www.europesays.com\/afrika\/30178\/"},"modified":"2026-06-16T13:00:37","modified_gmt":"2026-06-16T13:00:37","slug":"fussball-heute-ergebnis-aegypten-verpasst-ersten-wm-sieg","status":"publish","type":"post","link":"https:\/\/www.europesays.com\/afrika\/30178\/","title":{"rendered":"Fu\u00dfball heute Ergebnis: \u00c4gypten verpasst ersten WM-Sieg"},"content":{"rendered":"<p class=\"toc_title\">Inhaltsverzeichnis &#8211; das findest du hier<\/p>\n<p style=\"text-align: left;\">Ausgerechnet am 34. <a href=\"https:\/\/www.fussballnationalmannschaft.net\/welcher-fussballer-hat-heute-geburtstag\" rel=\"nofollow noopener\" target=\"_blank\">Geburtstag<\/a> von <a class=\"nr-pvl-link\" href=\"https:\/\/www.fussballnationalmannschaft.net\/spieler\/mohamed-salah\" rel=\"nofollow noopener\" target=\"_blank\">Mohamed Salah<\/a> hat <a class=\"nr-pvl-link\" href=\"https:\/\/www.fussballnationalmannschaft.net\/team\/egypt\" rel=\"nofollow noopener\" target=\"_blank\">\u00c4gypten<\/a> den ersten WM-Sieg seiner Geschichte knapp verfehlt. In <a class=\"nr-pvl-link\" href=\"https:\/\/www.fussballnationalmannschaft.net\/fussballstadion\/lumen-field\" rel=\"nofollow noopener\" target=\"_blank\">Seattle<\/a> erk\u00e4mpften sich die Pharaonen bei ihrer vierten Endrunden-Teilnahme <a href=\"https:\/\/www.fussballnationalmannschaft.net\/spiel\/belgien-%c3%a4gypten-2026-06-15\" rel=\"nofollow noopener\" target=\"_blank\">ein 1:1 gegen ein lange \u00fcberlegene<\/a> <a class=\"nr-pvl-link\" href=\"https:\/\/www.fussballnationalmannschaft.net\/team\/belgien\" rel=\"nofollow noopener\" target=\"_blank\">Belgien<\/a>, das nach der Pause deutlich mehr Druck entfaltete. Die entscheidende Szene spielte sich in der 66. Minute ab, als <a class=\"nr-pvl-link\" href=\"https:\/\/www.fussballnationalmannschaft.net\/spieler\/mohamed-hany\" rel=\"nofollow noopener\" target=\"_blank\">Mohamed Hany<\/a> unter h\u00f6chster Bedr\u00e4ngnis ein Eigentor unterlief.<\/p>\n<p><img fetchpriority=\"high\" decoding=\"async\" class=\"size-large wp-image-251235\" src=\"data:image\/svg+xml,%3Csvg%20xmlns=\" http:=\"\" alt=\"Die Spieler beider Mannschaften reihen sich vor dem WM-Gruppenspiel zwischen Belgien und \u00c4gypten auf. Die Partie der Gruppe G fand am 15. Juni 2026 im Seattle Stadium in Seattle, Washington, statt. Emilee Chinn \/ Getty Images North America via Getty Images\" width=\"670\" height=\"446\" data-lazy- data-lazy- data-lazy-src=\"https:\/\/www.europesays.com\/afrika\/wp-content\/uploads\/2026\/06\/aufstellung-spieler-belgien-aegypten-wm-2026-670x446.jpg\"\/>Die Spieler beider Mannschaften reihen sich vor dem WM-Gruppenspiel zwischen Belgien und \u00c4gypten auf. Die Partie der Gruppe G fand am 15. Juni 2026 im Seattle Stadium in Seattle, Washington, statt. Emilee Chinn \/ Getty Images North America via Getty Images<\/p>\n<p>\u00c4gypten startet clever und geht in F\u00fchrung<\/p>\n<p>Die Mannschaft um Rekordnationalspieler Salah trat in der Mittagshitze von Seattle zun\u00e4chst sehr abgekl\u00e4rt auf. \u00c4gypten lie\u00df den Belgiern mit deren zahlreichen \u00dc30-Akteuren, darunter <a class=\"nr-pvl-link\" href=\"https:\/\/www.fussballnationalmannschaft.net\/spieler\/kevin-de-bruyne\" rel=\"nofollow noopener\" target=\"_blank\">Kevin De Bruyne<\/a> mit 34 Jahren, bewusst viel Raum f\u00fcr das Spiel, verteidigte aber aggressiv und setzte immer wieder auf schnelle Umschaltmomente.<\/p>\n<p>Die fr\u00fche Belohnung folgte in der 20. Minute. Emam Ashour vom \u00e4gyptischen Rekordmeister Al-Ahly aus Kairo brachte die Auswahl \u00fcberraschend in Front. Salah war an der Entstehung des Treffers beteiligt. F\u00fcr den Superstar endete die Partie allerdings rund eine Viertelstunde vor dem Schluss, als er ausgewechselt wurde. Bis dahin hatten die \u00c4gypter zwar nur wenige, aber durchaus gef\u00e4hrliche Abschl\u00fcsse verzeichnet. Omar Marmoush, der fr\u00fchere Frankfurter, h\u00e4tte die F\u00fchrung sogar ausbauen k\u00f6nnen.<\/p>\n<p>Belgien erh\u00f6ht nach der Pause den Druck<\/p>\n<p>Belgien fand lange kein Mittel gegen das stabile Abwehrbollwerk. Die von Rudi Garcia, dem franz\u00f6sischen Coach und Nachfolger von Domenico Tedesco seit Januar 2025, betreute Mannschaft tat sich zun\u00e4chst schwer, obwohl der \u00dcbungsleiter sein Team vorab als Au\u00dfenseiter bezeichnet hatte. Dennoch wollte Garcia nicht an ein Vorrunden-Aus wie 2022 glauben und sagte: \u201eWir brauchen uns vor niemandem zu f\u00fcrchten.\u201c<\/p>\n<p>Dieses Fu\u00dfball-Video k\u00f6nnte dich interessieren:<\/p>\n<p>Vor der Pause blieben auch die Strategen De Bruyne und Youri Tielemans vom Europa-League-Sieger <a class=\"nr-pvl-link\" href=\"https:\/\/www.fussballnationalmannschaft.net\/team\/aston-villa\" rel=\"nofollow noopener\" target=\"_blank\">Aston Villa<\/a> blass. Erst nach dem Seitenwechsel kam mehr Zug ins belgische Angriffsspiel. Die Roten Teufel fanden mit klareren Aktionen zunehmend L\u00fccken und schn\u00fcrten \u00c4gypten phasenweise ein.<\/p>\n<p><img loading=\"lazy\" decoding=\"async\" class=\"size-large wp-image-251234\" src=\"data:image\/svg+xml,%3Csvg%20xmlns=\" http:=\"\" alt=\"Die Spieler Belgiens stellen sich vor dem WM-Gruppenspiel gegen \u00c4gypten zum Mannschaftsfoto auf. Die Partie der Gruppe G fand am 15. Juni 2026 im Seattle Stadium in Seattle, Washington, statt. Alex Grimm \/ Getty Images North America via Getty Images\" width=\"670\" height=\"428\" data-lazy- data-lazy- data-lazy-src=\"https:\/\/www.europesays.com\/afrika\/wp-content\/uploads\/2026\/06\/belgien-mannschaftsfoto-belgien-aegypten-wm-2026-670x428.jpg\"\/>Die Spieler Belgiens stellen sich vor dem WM-Gruppenspiel gegen \u00c4gypten zum Mannschaftsfoto auf. Die Partie der Gruppe G fand am 15. Juni 2026 im Seattle Stadium in Seattle, Washington, statt. Alex Grimm \/ Getty Images North America via Getty Images<br \/>\n<img loading=\"lazy\" decoding=\"async\" class=\"size-large wp-image-251233\" src=\"data:image\/svg+xml,%3Csvg%20xmlns=\" http:=\"\" alt=\"Die Spieler \u00c4gyptens stellen sich vor dem WM-Gruppenspiel gegen Belgien zum Mannschaftsfoto auf. Die Partie der Gruppe G fand am 15. Juni 2026 im Seattle Stadium in Seattle, Washington, statt. Alex Grimm \/ Getty Images North America via Getty Images\" width=\"670\" height=\"434\" data-lazy- data-lazy- data-lazy-src=\"https:\/\/www.europesays.com\/afrika\/wp-content\/uploads\/2026\/06\/aegypten-mannschaftsfoto-belgien-aegypten-wm-2026-670x434.jpg\"\/>Die Spieler \u00c4gyptens stellen sich vor dem WM-Gruppenspiel gegen Belgien zum Mannschaftsfoto auf. Die Partie der Gruppe G fand am 15. Juni 2026 im Seattle Stadium in Seattle, Washington, statt. Alex Grimm \/ Getty Images North America via Getty Images<br \/>\nPfosten, Ausgleich und ein bitteres Ende f\u00fcr die Pharaonen<\/p>\n<p>Die beste Chance auf den Ausgleich vergab zun\u00e4chst De Bruyne selbst. Sein Freisto\u00df klatschte in der 52. Minute an den Pfosten. Danach h\u00e4uften sich die M\u00f6glichkeiten f\u00fcr Belgien, das immer entschlossener anrannte.<\/p>\n<p>In der 66. Minute fiel schlie\u00dflich der Ausgleich durch ein ungl\u00fcckliches Eigentor von Mohamed Hany. Besonders bitter f\u00fcr \u00c4gypten war dabei, dass Romelu Lukaku erst 23 Sekunden zuvor eingewechselt worden war und in h\u00f6chster Bedr\u00e4ngnis auf die Szene einwirkte. Damit blieb den Pharaonen auch bei ihrer vierten WM-Teilnahme der erste Sieg auf der gr\u00f6\u00dften Fu\u00dfballb\u00fchne verwehrt. Belgien dagegen kam trotz der klaren \u00dcberlegenheit nur zu einem Punkt. Die Goldene Generation der Belgier r\u00fcckt mit ihren vielen erfahrenen Kr\u00e4ften immer n\u00e4her an den Ruhestand heran und gilt l\u00e4ngst nicht mehr als unangefochtener Favorit. Trotzdem war f\u00fcr Garcia vor diesem Duell klar, dass ein fr\u00fches Vorrunden-Aus nicht automatisch drohen m\u00fcsse.<\/p>\n<p><img loading=\"lazy\" decoding=\"async\" class=\"size-large wp-image-251254\" src=\"data:image\/svg+xml,%3Csvg%20xmlns=\" http:=\"\" alt=\"\u00c4gyptische Fans treffen vor dem WM-Gruppenspiel gegen Belgien am Stadion ein. Die Partie der Gruppe G fand am 15. Juni 2026 im Seattle Stadium in Seattle, Washington, statt. Alex Grimm \/ Getty Images North America via Getty Images\" width=\"670\" height=\"446\" data-lazy- data-lazy- data-lazy-src=\"https:\/\/www.europesays.com\/afrika\/wp-content\/uploads\/2026\/06\/aegypten-fans-ankunft-belgien-aegypten-wm-2026-670x446.jpg\"\/>\u00c4gyptische Fans treffen vor dem WM-Gruppenspiel gegen Belgien am Stadion ein. Die Partie der Gruppe G fand am 15. Juni 2026 im Seattle Stadium in Seattle, Washington, statt. Alex Grimm \/ Getty Images North America via Getty Images<\/p>\n<p>Diese Artikel k\u00f6nnten dich auch interessieren:<\/p>\n","protected":false},"excerpt":{"rendered":"Inhaltsverzeichnis &#8211; das findest du hier Ausgerechnet am 34. Geburtstag von Mohamed Salah hat \u00c4gypten den ersten WM-Sieg&hellip;\n","protected":false},"author":2,"featured_media":30179,"comment_status":"","ping_status":"","sticky":false,"template":"","format":"standard","meta":{"footnotes":"","_share_on_mastodon":"0"},"categories":[7],"tags":[918,54,2658,9269,55,91,152,12761,5058,2299,6193,12762,6753,12619,12763,10816,10864],"class_list":["post-30178","post","type-post","status-publish","format-standard","has-post-thumbnail","category-aegypten","tag-918","tag-aegypten","tag-belgien","tag-beste","tag-egypt","tag-europa","tag-fussball","tag-geburtstag","tag-gruppe-g","tag-heute","tag-league","tag-raum","tag-salah","tag-stadium","tag-teilnahme","tag-text","tag-worden"],"share_on_mastodon":{"url":"https:\/\/pubeurope.com\/@afrika\/116759915563315339","error":""},"_links":{"self":[{"href":"https:\/\/www.europesays.com\/afrika\/wp-json\/wp\/v2\/posts\/30178","targetHints":{"allow":["GET"]}}],"collection":[{"href":"https:\/\/www.europesays.com\/afrika\/wp-json\/wp\/v2\/posts"}],"about":[{"href":"https:\/\/www.europesays.com\/afrika\/wp-json\/wp\/v2\/types\/post"}],"author":[{"embeddable":true,"href":"https:\/\/www.europesays.com\/afrika\/wp-json\/wp\/v2\/users\/2"}],"replies":[{"embeddable":true,"href":"https:\/\/www.europesays.com\/afrika\/wp-json\/wp\/v2\/comments?post=30178"}],"version-history":[{"count":0,"href":"https:\/\/www.europesays.com\/afrika\/wp-json\/wp\/v2\/posts\/30178\/revisions"}],"wp:featuredmedia":[{"embeddable":true,"href":"https:\/\/www.europesays.com\/afrika\/wp-json\/wp\/v2\/media\/30179"}],"wp:attachment":[{"href":"https:\/\/www.europesays.com\/afrika\/wp-json\/wp\/v2\/media?parent=30178"}],"wp:term":[{"taxonomy":"category","embeddable":true,"href":"https:\/\/www.europesays.com\/afrika\/wp-json\/wp\/v2\/categories?post=30178"},{"taxonomy":"post_tag","embeddable":true,"href":"https:\/\/www.europesays.com\/afrika\/wp-json\/wp\/v2\/tags?post=30178"}],"curies":[{"name":"wp","href":"https:\/\/api.w.org\/{rel}","templated":true}]}}