{"id":30314,"date":"2026-06-16T17:16:15","date_gmt":"2026-06-16T17:16:15","guid":{"rendered":"https:\/\/www.europesays.com\/afrika\/30314\/"},"modified":"2026-06-16T17:16:15","modified_gmt":"2026-06-16T17:16:15","slug":"fussball-nationalmannschaft-kimmich-echte-wm-pruefsteine-kommen-jetzt","status":"publish","type":"post","link":"https:\/\/www.europesays.com\/afrika\/30314\/","title":{"rendered":"Fu\u00dfball-Nationalmannschaft: Kimmich: Echte WM-Pr\u00fcfsteine kommen jetzt"},"content":{"rendered":"<p class=\"mb-6 text-xs-varying md:text-m lg:text-l font-serif group-[.font-sans]:font-sans \">\n    Joshua Kimmich erwartet nach dem 7:1-Torfest gegen Cura\u00e7ao erst jetzt eine ernsthafte WM-Standortbestimmung f\u00fcr die Fu\u00dfball-Nationalmannschaft. \u201eWir haben das erste Spiel gemacht gegen einen Gegner, der nicht Weltklasse-Niveau hat. Es werden Pr\u00fcfsteine auf uns zukommen, an denen man erkennen kann, wo wir stehen\u201c, sagte der Kapit\u00e4n der DFB-Elf bei einer Pressekonferenz in Winston-Salem.\n  <\/p>\n<p class=\"mb-6 text-xs-varying md:text-m lg:text-l font-serif group-[.font-sans]:font-sans \">\n    Schon f\u00fcr das kommende WM-Gruppenspiel am Samstag (22.00 Uhr\/ZDF und MagentaTV) in Toronto gegen die Elfenbeink\u00fcste mahnte der 31-J\u00e4hrige defensive Aufmerksamkeit an. \u201eWir m\u00fcssen an der Stabilit\u00e4t arbeiten und weniger Gegentore bekommen\u201c, forderte Kimmich. Der Treffer von Turnier-Au\u00dfenseiter Cura\u00e7ao h\u00e4tte trotz des letztlich klaren Resultats nicht fallen d\u00fcrfen. Ein Thema bleibe die \u201eRestverteidigung\u201c.\n  <\/p>\n<p>            \u201eSpektakul\u00e4re\u201c Spieler der Elfenbeink\u00fcste<\/p>\n<p class=\"mb-6 text-xs-varying md:text-m lg:text-l font-serif group-[.font-sans]:font-sans \">\n    Die Elfenbeink\u00fcste um Yan Diomande von RB Leipzig habe \u201espektakul\u00e4re Spieler\u201c. Auch die physischen Herausforderungen w\u00fcrden sich in der Partie wie zum Gruppenabschluss gegen Ecuador am 25. Juni in East Rutherford ver\u00e4ndern. Dennoch geht Kimmich die Aufgaben positiv an. \u201eWir haben die Qualit\u00e4t, um beiden Gegner wehtun zu k\u00f6nnen\u201c, sagte der Bayern-Profi.\n  <\/p>\n<p class=\"mb-6 text-xs-varying md:text-m lg:text-l font-serif group-[.font-sans]:font-sans \">\n    Die DFB-Auswahl nimmt nach einem freien Tag mit Familienbesuch am Mittwoch wieder das Training in Winston-Salem auf. Am Freitag geht es zum Spielort nach Toronto in Kanada. Mit einem Sieg gegen die Elfenbeink\u00fcste w\u00e4re der Einzug in die K.o.-Runde bei der WM mit 48 Teams sicher.\n  <\/p>\n<p>    <img decoding=\"async\" src=\"https:\/\/www.europesays.com\/afrika\/wp-content\/uploads\/2026\/06\/wm-2026-deutschland-pressekonferenz.jpg\" alt=\"Joshua Kimmich spricht \u00fcber die kommenden WM-Aufgaben.\" title=\"Joshua Kimmich spricht \u00fcber die kommenden WM-Aufgaben.\" loading=\"lazy\" class=\"h-full w-full object-cover\"\/><\/p>\n<p>      Icon vergr\u00f6\u00dfern<\/p>\n<p>    Joshua Kimmich spricht \u00fcber die kommenden WM-Aufgaben.<br \/>\n    Foto: Federico Gambarini\/dpa<\/p>\n<p>        Schlie\u00dfen <\/p>\n<p>      Icon Schlie\u00dfen<\/p>\n<p>        Icon vergr\u00f6\u00dfern<\/p>\n<p>        Icon verkleinern<\/p>\n<p>      Icon Pfeil bewegen<\/p>\n<p>    Joshua Kimmich spricht \u00fcber die kommenden WM-Aufgaben.<br \/>\n    Foto: Federico Gambarini\/dpa<\/p>\n","protected":false},"excerpt":{"rendered":"Joshua Kimmich erwartet nach dem 7:1-Torfest gegen Cura\u00e7ao erst jetzt eine ernsthafte WM-Standortbestimmung f\u00fcr die Fu\u00dfball-Nationalmannschaft. \u201eWir haben&hellip;\n","protected":false},"author":2,"featured_media":30315,"comment_status":"","ping_status":"","sticky":false,"template":"","format":"standard","meta":{"footnotes":"","_share_on_mastodon":"0"},"categories":[14],"tags":[125,1513,1359,1512,124,3175,2711,126,1363,1520,12793,6504],"class_list":["post-30314","post","type-post","status-publish","format-standard","has-post-thumbnail","category-elfenbeinkueste","tag-cote-divoire","tag-curacao","tag-dfb","tag-ecuador","tag-elfenbeinkueste","tag-fussball-nationalmannschaft","tag-haertetest","tag-ivory-coast","tag-joshua-kimmich","tag-toronto","tag-winston-salem","tag-zdf"],"share_on_mastodon":{"url":"https:\/\/pubeurope.com\/@afrika\/116760922386829251","error":""},"_links":{"self":[{"href":"https:\/\/www.europesays.com\/afrika\/wp-json\/wp\/v2\/posts\/30314","targetHints":{"allow":["GET"]}}],"collection":[{"href":"https:\/\/www.europesays.com\/afrika\/wp-json\/wp\/v2\/posts"}],"about":[{"href":"https:\/\/www.europesays.com\/afrika\/wp-json\/wp\/v2\/types\/post"}],"author":[{"embeddable":true,"href":"https:\/\/www.europesays.com\/afrika\/wp-json\/wp\/v2\/users\/2"}],"replies":[{"embeddable":true,"href":"https:\/\/www.europesays.com\/afrika\/wp-json\/wp\/v2\/comments?post=30314"}],"version-history":[{"count":0,"href":"https:\/\/www.europesays.com\/afrika\/wp-json\/wp\/v2\/posts\/30314\/revisions"}],"wp:featuredmedia":[{"embeddable":true,"href":"https:\/\/www.europesays.com\/afrika\/wp-json\/wp\/v2\/media\/30315"}],"wp:attachment":[{"href":"https:\/\/www.europesays.com\/afrika\/wp-json\/wp\/v2\/media?parent=30314"}],"wp:term":[{"taxonomy":"category","embeddable":true,"href":"https:\/\/www.europesays.com\/afrika\/wp-json\/wp\/v2\/categories?post=30314"},{"taxonomy":"post_tag","embeddable":true,"href":"https:\/\/www.europesays.com\/afrika\/wp-json\/wp\/v2\/tags?post=30314"}],"curies":[{"name":"wp","href":"https:\/\/api.w.org\/{rel}","templated":true}]}}