{"id":31998,"date":"2026-06-19T17:23:10","date_gmt":"2026-06-19T17:23:10","guid":{"rendered":"https:\/\/www.europesays.com\/afrika\/31998\/"},"modified":"2026-06-19T17:23:10","modified_gmt":"2026-06-19T17:23:10","slug":"wm-2026-einreise-wirrwarr-um-wahi-unruhe-bei-dfb-gegner-elfenbeinkueste","status":"publish","type":"post","link":"https:\/\/www.europesays.com\/afrika\/31998\/","title":{"rendered":"WM 2026: Einreise-Wirrwarr um Wahi \u2013 Unruhe bei DFB-Gegner Elfenbeink\u00fcste"},"content":{"rendered":"<p class=\"text_ohne_einzug richtext text-em-55 !leading-serif mx-6 desktop:mx-0\">Elye Wahi schritt ohne Gnade zur Tat. Ein Einwurf an der Eckfahne, der gegnerische Verteidiger stoppt den Ball, f\u00fcnf Meter Anlauf &#8211; und bumm! Unten geht&#8217;s krachend gegen den Fu\u00df, oben rammt der Nationalspieler der Elfenbeink\u00fcste seinen Gegenspieler schonungslos um. Der Schiedsrichter z\u00f6gert nicht: Gelb! Abmarsch.<\/p>\n<p class=\"richtext text-em-55 !leading-serif mx-6 desktop:mx-0\">Einen Monat nach dieser Szene aus der 35. Minute des Ligue-1-Spiels mit dem OGC Nizza gegen den FC Metz am 17. Mai holt Wahi das Foul gleichsam brutal ein. Der Leihspieler von <a href=\"https:\/\/rp-online.de\/thema\/eintracht-frankfurt\/\" rel=\"nofollow noopener\" target=\"_blank\">Eintracht Frankfurt<\/a> soll die Karte provoziert haben, auf eine Verwarnung liefen hohe Wetten: Die franz\u00f6sische Staatsanwaltschaft geht dem Verdacht auf \u201eorganisierten Betrug, organisierte Korruption im Sport, Hehlerei und Geldw\u00e4sche\u201c nach. Um ein Haar w\u00e4re Wahi die Einreise nach <a href=\"https:\/\/rp-online.de\/thema\/kanada\/\" rel=\"nofollow noopener\" target=\"_blank\">Kanada<\/a> zum WM-Spiel gegen Deutschland in Toronto am Samstag (22.00 Uhr MESZ\/ZDF und MagentaTV) verweigert worden.<\/p>\n<p class=\"richtext text-em-55 !leading-serif mx-6 desktop:mx-0\">Sie wurde erst nach Verz\u00f6gerung genehmigt, zun\u00e4chst stellten sich die kanadischen Beh\u00f6rden quer. Am Donnerstagabend teilte der ivorische Verband auf X mit, dass sich \u201edie administrative Situation positiv entwickelt\u201c habe. Der 23-J\u00e4hrige k\u00f6nne \u201emit der Delegation nach Kanada reisen\u201c.<\/p>\n<p>Wahi derzeit nicht angeklagt      <\/p>\n<p class=\"richtext text-em-55 !leading-serif mx-6 desktop:mx-0\">Entscheidend im Wahi-Wirrwarr, das gro\u00dfe Unruhe in die Vorbereitung des deutschen Gegners bringt, war, dass bisher \u201enur\u201c Ermittlungen laufen. Korrekt, der Spieler sei im Mai \u201ef\u00fcr einige Stunden\u201c befragt worden, berichtete seine Anw\u00e4ltin Marie Dose, aber: \u201eElye Wahi ist derzeit nicht angeklagt und unterliegt keinen gerichtlichen Auflagen oder Einschr\u00e4nkungen.\u201c Letztlich also doch: freie Bahn.<\/p>\n<p class=\"richtext text-em-55 !leading-serif mx-6 desktop:mx-0\">Cote d&#8217;Ivoire ist in WM-Euphorie, <a href=\"https:\/\/rp-online.de\/thema\/didier-drogba\/\" rel=\"nofollow noopener\" target=\"_blank\">Didier Drogba<\/a> beispielsweise steht emotional in Flammen. Selbstverst\u00e4ndlich bewege ihn das Turnier zutiefst, sagt der gr\u00f6\u00dfte Fu\u00dfball-Star in der Geschichte der Elfenbeink\u00fcste: \u201eEs ist mein Land. Dort liegt meine Nabelschnur in der Erde.\u201c<\/p>\n<p class=\"richtext text-em-55 !leading-serif mx-6 desktop:mx-0\">Als er seine \u201eBr\u00fcder\u201c dann auch noch gegen <a href=\"https:\/\/rp-online.de\/thema\/ecuador\/\" rel=\"nofollow noopener\" target=\"_blank\">Ecuador<\/a> (1:0) siegen sah, da rief Drogba dem Torsch\u00fctzen Amad Diallo zu: \u201eIch bin stolz auf dich. Du bist nicht nur die Zukunft &#8211; du bist auch schon die Gegenwart!\u201c<\/p>\n<p>Die \u201edeutsche Mauer\u201c einrei\u00dfen      <\/p>\n<p class=\"richtext text-em-55 !leading-serif mx-6 desktop:mx-0\">Diese Gegenwart erscheint rosig. Die Elfenbeink\u00fcste hat eine erstaunliche sportliche Entwicklung vollzogen: Sie hat wie einst in der Drogba-Zeit spektakul\u00e4re Starspieler wie Yan Diomande von RB Leipzig, der 90 Millionen Euro wert sein soll, ist aber vor allem eine kompakte Einheit aus Profis, die in Europa Erfahrung gesammelt haben. Sie spielen bei <a href=\"https:\/\/rp-online.de\/thema\/inter-mailand\/\" rel=\"nofollow noopener\" target=\"_blank\">Inter Mailand<\/a>, Manchester United, Crystal Palace, dem <a href=\"https:\/\/rp-online.de\/thema\/fc-porto\/\" rel=\"nofollow noopener\" target=\"_blank\">FC Porto<\/a> &#8211; oder wie Bazoumana Tour\u00e9 (Marktwert: 40 Millionen Euro) in Hoffenheim.<\/p>\n<p class=\"richtext text-em-55 !leading-serif mx-6 desktop:mx-0\">Keinen Gegentreffer hat die Elfenbeink\u00fcste in zehn Spielen der afrikanischen WM-Qualifikation kassiert, keinen auch gegen Ecuador \u2013 obwohl der Anfang etwas wacklig war. Es spielte allerdings die Ersatz-Innenverteidigung, gegen Deutschland k\u00f6nnten die fr\u00fcheren Bundesligaprofis Odilon Kossounou und Evan Ndicka zur\u00fcckkehren. <\/p>\n<p class=\"richtext text-em-55 !leading-serif mx-6 desktop:mx-0\">Das st\u00e4rkt das Selbstvertrauen. \u201eWir werden versuchen, die deutsche Mauer einzurei\u00dfen\u201c, t\u00f6nte Trainer Emerse Fa\u00e9, Diomande sprach forsch von der \u201eMentalit\u00e4t, alles zu gewinnen\u201c. <\/p>\n<p class=\"richtext text-em-55 !leading-serif mx-6 desktop:mx-0\">Drogba, der zuletzt in New York beim Kicken auf der Stra\u00dfe gesehen wurde, ist bei ihnen. \u201eUnsere Br\u00fcder und S\u00f6hne\u201c, schrieb er bei Instagram, \u201ejeder eurer Schritte wird von unseren Gebeten und Segnungen begleitet sein. Bleibt vereint, die Elfenbeink\u00fcste wird neue Erfolgsgeschichten schreiben.\u201c Am besten schon am Samstag gegen Deutschland. Mit Elye Wahi.<\/p>\n","protected":false},"excerpt":{"rendered":"Elye Wahi schritt ohne Gnade zur Tat. Ein Einwurf an der Eckfahne, der gegnerische Verteidiger stoppt den Ball,&hellip;\n","protected":false},"author":2,"featured_media":31999,"comment_status":"","ping_status":"","sticky":false,"template":"","format":"standard","meta":{"footnotes":"","_share_on_mastodon":"0"},"categories":[14],"tags":[13229,125,158,1511,3955,1512,124,13227,126,2859,13226,13228],"class_list":["post-31998","post","type-post","status-publish","format-standard","has-post-thumbnail","category-elfenbeinkueste","tag-brueder","tag-cote-divoire","tag-deutschland","tag-didier-drogba","tag-diomande","tag-ecuador","tag-elfenbeinkueste","tag-elye","tag-ivory-coast","tag-land","tag-wahi","tag-wirrwarr"],"share_on_mastodon":{"url":"https:\/\/pubeurope.com\/@afrika\/116777936676600713","error":""},"_links":{"self":[{"href":"https:\/\/www.europesays.com\/afrika\/wp-json\/wp\/v2\/posts\/31998","targetHints":{"allow":["GET"]}}],"collection":[{"href":"https:\/\/www.europesays.com\/afrika\/wp-json\/wp\/v2\/posts"}],"about":[{"href":"https:\/\/www.europesays.com\/afrika\/wp-json\/wp\/v2\/types\/post"}],"author":[{"embeddable":true,"href":"https:\/\/www.europesays.com\/afrika\/wp-json\/wp\/v2\/users\/2"}],"replies":[{"embeddable":true,"href":"https:\/\/www.europesays.com\/afrika\/wp-json\/wp\/v2\/comments?post=31998"}],"version-history":[{"count":0,"href":"https:\/\/www.europesays.com\/afrika\/wp-json\/wp\/v2\/posts\/31998\/revisions"}],"wp:featuredmedia":[{"embeddable":true,"href":"https:\/\/www.europesays.com\/afrika\/wp-json\/wp\/v2\/media\/31999"}],"wp:attachment":[{"href":"https:\/\/www.europesays.com\/afrika\/wp-json\/wp\/v2\/media?parent=31998"}],"wp:term":[{"taxonomy":"category","embeddable":true,"href":"https:\/\/www.europesays.com\/afrika\/wp-json\/wp\/v2\/categories?post=31998"},{"taxonomy":"post_tag","embeddable":true,"href":"https:\/\/www.europesays.com\/afrika\/wp-json\/wp\/v2\/tags?post=31998"}],"curies":[{"name":"wp","href":"https:\/\/api.w.org\/{rel}","templated":true}]}}