{"id":32514,"date":"2026-06-21T00:44:14","date_gmt":"2026-06-21T00:44:14","guid":{"rendered":"https:\/\/www.europesays.com\/afrika\/32514\/"},"modified":"2026-06-21T00:44:14","modified_gmt":"2026-06-21T00:44:14","slug":"einzelkritik-zu-deutschland-gegen-die-elfenbeinkueste-bestnote-fuer-matchwinner-undav-glatte-vier-fuer-drei-bayern-stars","status":"publish","type":"post","link":"https:\/\/www.europesays.com\/afrika\/32514\/","title":{"rendered":"Einzelkritik zu Deutschland gegen die Elfenbeink\u00fcste: Bestnote f\u00fcr Matchwinner Undav, glatte Vier f\u00fcr drei Bayern-Stars"},"content":{"rendered":"<p>\u00a0Zweites Spiel, zweiter Sieg: Die deutsche Mannschaft dreht das Spiel gegen die Elfenbeink\u00fcste und gewinnt mit 2:1. Im DFB-Team \u00fcberzeugen besonders zwei Einwechselspieler. Deniz Undav ist der Mann des Spiels.\u00a0<\/p>\n<p>Die Einzelkritik der AZ<\/p>\n<p>MANUEL NEUER- NOTE 3: &#8222;Im Prinzip&#8220; soll diese WM Neuers letztes Turnier mit dem Nationalteam sein \u2013 aber beim j\u00fcngsten 40-J\u00e4hrigen Deutschlands kann man nie sicher sein. Neuer ist jetzt mit 21 WM-Spielen Rekordhalter bei den Torh\u00fctern vor Frankreichs Hugo Lloris. Hatte zun\u00e4chst so wenig zu tun, dass er sich in der Trinkpause ein paar B\u00e4lle draufschie\u00dfen lie\u00df. Dann musste er hinter sich greifen: Beim 0:1 durch Franck Kessie war er chancenlos (30.), der Ivorer traf im Nachschuss aus kurzer Distanz.\u00a0<\/p>\n<p>JOSHUA KIMMICH &#8211; NOTE 4: Rechts hinten in der Viererkette bekam es der Kapit\u00e4n mit dem schnellen Yan Diomande zu tun. Hatte gro\u00dfe Schwierigkeiten \u2013 etwa vor dem 0:1, als er den Ivorer nicht stoppen konnte.\u00a0<\/p>\n<p>JONATHAN TAH &#8211; NOTE 3: Eine emotionale Partie f\u00fcr den Abwehrchef, der gegen das Heimatland seines Vaters spielte. Agierte wie gewohnt souver\u00e4n von hinten heraus, im Zweikampf stabil. Blockte den Schuss von Kessie (50.).\u00a0<\/p>\n<p>  <img decoding=\"async\" loading=\"lazy\" src=\"https:\/\/www.europesays.com\/afrika\/wp-content\/uploads\/2026\/06\/1704081_jonathan-tah_artikelbild_1GdLPf_mA13q7.jpg\" alt=\"Nach dem 0:1 der Elfenbeink\u00fcste ratlos: Die DFB-Verteidigung um Jonathan Tah und Nico Schlotterbeck.\" title=\"Nach dem 0:1 der Elfenbeink\u00fcste ratlos: Die DFB-Verteidigung um Jonathan Tah und Nico Schlotterbeck.\" width=\"812\" height=\"459\"\/><\/p>\n<p>      Nach dem 0:1 der Elfenbeink\u00fcste ratlos: Die DFB-Verteidigung um Jonathan Tah und Nico Schlotterbeck.<br \/>\n      \u00a9 IMAGO<\/p>\n<p>    Nach dem 0:1 der Elfenbeink\u00fcste ratlos: Die DFB-Verteidigung um Jonathan Tah und Nico Schlotterbeck.<\/p>\n<p>von IMAGO <\/p>\n<p>&#8222;}&#8220;&gt; <\/p>\n<p>Reihenweise Vierer f\u00fcr deutsche Kicker<\/p>\n<p>NICO SCHLOTTERBECK &#8211; NOTE 3: Torsch\u00fctze gegen Cura\u00e7ao, der Dortmunder sollte erneut seine Kopfballst\u00e4rke ausspielen. Hatte in der Anfangsphase k\u00f6rperliche Probleme, musste drau\u00dfen behandelt werden. Konnte erst weitermachen, blieb zur Halbzeit dann aber in der Kabine.\u00a0<\/p>\n<p>NATHANIEL BROWN &#8211; NOTE 4: Der Bald-Bayern-Profi spielte sehr offensiv als Linksverteidiger, ab und an fehlte es bei seinen P\u00e4ssen an Pr\u00e4zision. Vor dem 0:1 blockte er den Schuss von Amad noch stark, es half letztlich nichts. Viele Unkonzentriertheiten. Verpasste knapp das 2:1, sein Linksschuss wurde gehalten (89.).<\/p>\n<p>  <img decoding=\"async\" loading=\"lazy\" src=\"https:\/\/www.europesays.com\/afrika\/wp-content\/uploads\/2026\/06\/1704083_aleksandar-pavlovic_artikelbild_1GdLT5_l6My1O.jpg\" alt=\"Sein Tor in der ersten H\u00e4lfte wurde zur\u00fcckgenommen: Aleksandar Pavlovic.\" title=\"Sein Tor in der ersten H\u00e4lfte wurde zur\u00fcckgenommen: Aleksandar Pavlovic.\" width=\"812\" height=\"459\"\/><\/p>\n<p>      Sein Tor in der ersten H\u00e4lfte wurde zur\u00fcckgenommen: Aleksandar Pavlovic.<br \/>\n      \u00a9 IMAGO<\/p>\n<p>    Sein Tor in der ersten H\u00e4lfte wurde zur\u00fcckgenommen: Aleksandar Pavlovic.<\/p>\n<p>von IMAGO <\/p>\n<p>&#8222;}&#8220;&gt; <\/p>\n<p>ALEKSANDAR PAVLOVIC &#8211; NOTE 3: Harmonisches Duo mit Nmecha, leistete wichtige Arbeit im Spielaufbau. Die ganz gro\u00dfen Ideen im Spiel nach vorne fehlten.\u00a0<\/p>\n<p>    <a href=\"https:\/\/www.abendzeitung-muenchen.de\/muenchen\/voellig-losgeloest-abertausende-muenchner-feiern-deutschen-last-minute-sieg-beim-public-viewing-art-1138969\" data-mrf-recirculation=\"Artikel-Link\" rel=\"nofollow noopener\" target=\"_blank\"><img decoding=\"async\" loading=\"lazy\" src=\"https:\/\/www.europesays.com\/afrika\/wp-content\/uploads\/2026\/06\/1704094_public-viewing_mehrzumthema_1GdMO-_VyZguJ.jpg\" alt=\"Abertausende Fans haben das Deutschland-Spiel gegen die Elfenbeink\u00fcste beim Public Viewing in M\u00fcnchen verfolgt.\" title=\"Abertausende Fans haben das Deutschland-Spiel gegen die Elfenbeink\u00fcste beim Public Viewing in M\u00fcnchen verfolgt.\" width=\"696\" height=\"390\"\/><\/a><\/p>\n<p>        <a href=\"https:\/\/www.abendzeitung-muenchen.de\/muenchen\/voellig-losgeloest-abertausende-muenchner-feiern-deutschen-last-minute-sieg-beim-public-viewing-art-1138969\" data-mrf-recirculation=\"Artikel-Link\" rel=\"nofollow noopener\" target=\"_blank\">&#8222;V\u00f6llig losgel\u00f6st&#8220;: Abertausende M\u00fcnchner feiern deutschen Last-Minute-Sieg &#8230;        <\/a><\/p>\n<p>                X<\/p>\n<p>Sie haben den Artikel der Merkliste hinzugef\u00fcgt. <\/p>\n<p>                <a href=\"https:\/\/www.abendzeitung-muenchen.de\/meine-az\/merkliste\/\" title=\"Zur Merkliste\" rel=\"nofollow noopener\" target=\"_blank\"><br \/>\n                zur Merkliste<br \/>\n                <\/a>  <\/p>\n<p>FELIX NMECHA &#8211; NOTE 2: Einer der gro\u00dfen Gewinner des ersten Spiels. War erneut sehr pr\u00e4sent im Zentrum, stark in der Defensivarbeit. Im Anschluss diesmal gl\u00fccklos. Trotzdem neben Undav bester deutscher Spieler. Gab den Assist zum 2:1.\u00a0<\/p>\n<p>LEROY SAN\u00c9 &#8211; NOTE 4: Gegen Cura\u00e7ao nicht cool genug vor dem Tor, wollte das \u00e4ndern. Engagiert auf der rechten Seite, zog immer wieder nach innen. Ordentlicher Auftritt.<\/p>\n<p>Musiala l\u00e4sst sich zu leicht absch\u00fctteln<\/p>\n<p>JAMAL MUSIALA &#8211; NOTE 4: Mit aufsteigender Form gegen Cura\u00e7ao, konnte diesen Trend nicht best\u00e4tigen. Versuchte es mal aus der Distanz \u2013 knapp rechts vorbei (18.). Lie\u00df sich zu leicht absch\u00fctteln.\u00a0<\/p>\n<p>FLORIAN WIRTZ &#8211; NOTE 3: Hatte nach Musiala-Pass eine gute M\u00f6glichkeit, sein Schuss wurde zur Ecke abgeblockt (41.). Nach sch\u00f6ner K\u00f6rpert\u00e4uschung im Strafraum bekam er nicht mehr genug Wucht hinter den Ball (45.+7). In der zweiten Halbzeit etwas ungl\u00fccklich, trieb das Team aber immer wieder an.\u00a0<\/p>\n<p>  <img decoding=\"async\" loading=\"lazy\" src=\"https:\/\/www.europesays.com\/afrika\/wp-content\/uploads\/2026\/06\/1704082_kai-havertz_artikelbild_1GdLR4_mlxPfU.jpg\" alt=\"Fand nur schwer in die Partie: Kai Havertz.\" title=\"Fand nur schwer in die Partie: Kai Havertz.\" width=\"812\" height=\"459\"\/><\/p>\n<p>      Fand nur schwer in die Partie: Kai Havertz.<br \/>\n      \u00a9 IMAGO<\/p>\n<p>    Fand nur schwer in die Partie: Kai Havertz.<\/p>\n<p>von IMAGO <\/p>\n<p>&#8222;}&#8220;&gt; <\/p>\n<p>KAI HAVERTZ &#8211; NOTE 4: Einer der besten Torsch\u00fctzen des Turniers mit bislang zwei Treffern. War sofort wieder gef\u00e4hrlich: Nach Kimmichs Flanke holte Keeper Yahia Fofana den Havertz-Kopfball noch aus dem Eck (10.). Tauchte dann aber ab, mit einfachen Fehlp\u00e4ssen. K\u00f6pfte nach Kimmich-Ecke neben das Tor (63.).\u00a0<\/p>\n<p>ANTONIO R\u00dcDIGER &#8211; NOTE 3: Der Verteidiger von Real Madrid ersetzte nach dem Seitenwechsel den angeschlagenen Schlotterbeck (46.). L\u00f6ste seine Aufgabe routiniert, an ihm lag es nicht.<\/p>\n<p>    <img decoding=\"async\" src=\"https:\/\/www.europesays.com\/afrika\/wp-content\/uploads\/2026\/06\/loader_big_black.gif\" class=\"loader-wheel\" alt=\"Lade TED\" title=\"Lade TED\" border=\"0\"\/><\/p>\n<p>\u00a0<\/p>\n<p>Umfrage wird geladen, bitte warten&#8230;<\/p>\n<p>\u00a0<\/p>\n<p>Bestnote f\u00fcr Matchwinner Undav<\/p>\n<p>DENIZ UNDAV &#8211; NOTE 1: Der St\u00fcrmer kam f\u00fcr Musiala rein (60.) und spielte neben Havertz im Angriff. Die Fans hatten ihn lautstark gefordert. Und Undav machte das, was er am besten kann: Er knipste. Nach Amiris Traumflanke schoss er den Ball volley ins Tor zum 1:1 (68.). Herrlich. Noch besser: Sein Siegtreffer zum 2:1 in der Nachspielzeit aus der Drehung (90.+4).\u00a0<\/p>\n<p>JAMIE LEWELING &#8211; NOTE 4: L\u00f6ste San\u00e9 ab (60.) und schoss bei seinem ersten WM-Einsatz gleich mal deutlich \u00fcber das Tor (61.). Mit ungl\u00fccklichen Aktionen.\u00a0<\/p>\n<p>NADIEM AMIRI &#8211; NOTE 2: WM-Deb\u00fct f\u00fcr den Mainzer, der f\u00fcr Pavlovic eingewechselt wurde (61.). Es wurde offensiver. Super Flanke vor dem 1:1. Empfahl sich f\u00fcr weitere Eins\u00e4tze. Vergab in der Nachspielzeit die gro\u00dfe Chance zum 2:1, sein Schuss geriet zu zentral.\u00a0<\/p>\n<p>LEON GORETZKA kam zu sp\u00e4t f\u00fcr eine Bewertung.\u00a0<\/p>\n","protected":false},"excerpt":{"rendered":"\u00a0Zweites Spiel, zweiter Sieg: Die deutsche Mannschaft dreht das Spiel gegen die Elfenbeink\u00fcste und gewinnt mit 2:1. Im&hellip;\n","protected":false},"author":2,"featured_media":32515,"comment_status":"","ping_status":"","sticky":false,"template":"","format":"standard","meta":{"footnotes":"","_share_on_mastodon":"0"},"categories":[14],"tags":[125,1359,1357,124,126,2901,13397,854],"class_list":["post-32514","post","type-post","status-publish","format-standard","has-post-thumbnail","category-elfenbeinkueste","tag-cote-divoire","tag-dfb","tag-einzelkritik","tag-elfenbeinkueste","tag-ivory-coast","tag-nationalmannschaft","tag-noten","tag-wm"],"share_on_mastodon":{"url":"https:\/\/pubeurope.com\/@afrika\/116785333081895531","error":""},"_links":{"self":[{"href":"https:\/\/www.europesays.com\/afrika\/wp-json\/wp\/v2\/posts\/32514","targetHints":{"allow":["GET"]}}],"collection":[{"href":"https:\/\/www.europesays.com\/afrika\/wp-json\/wp\/v2\/posts"}],"about":[{"href":"https:\/\/www.europesays.com\/afrika\/wp-json\/wp\/v2\/types\/post"}],"author":[{"embeddable":true,"href":"https:\/\/www.europesays.com\/afrika\/wp-json\/wp\/v2\/users\/2"}],"replies":[{"embeddable":true,"href":"https:\/\/www.europesays.com\/afrika\/wp-json\/wp\/v2\/comments?post=32514"}],"version-history":[{"count":0,"href":"https:\/\/www.europesays.com\/afrika\/wp-json\/wp\/v2\/posts\/32514\/revisions"}],"wp:featuredmedia":[{"embeddable":true,"href":"https:\/\/www.europesays.com\/afrika\/wp-json\/wp\/v2\/media\/32515"}],"wp:attachment":[{"href":"https:\/\/www.europesays.com\/afrika\/wp-json\/wp\/v2\/media?parent=32514"}],"wp:term":[{"taxonomy":"category","embeddable":true,"href":"https:\/\/www.europesays.com\/afrika\/wp-json\/wp\/v2\/categories?post=32514"},{"taxonomy":"post_tag","embeddable":true,"href":"https:\/\/www.europesays.com\/afrika\/wp-json\/wp\/v2\/tags?post=32514"}],"curies":[{"name":"wp","href":"https:\/\/api.w.org\/{rel}","templated":true}]}}