{"id":32553,"date":"2026-06-21T04:05:09","date_gmt":"2026-06-21T04:05:09","guid":{"rendered":"https:\/\/www.europesays.com\/afrika\/32553\/"},"modified":"2026-06-21T04:05:09","modified_gmt":"2026-06-21T04:05:09","slug":"aufstellung-tunesien-japan-heute-die-voraussichtlichen-mannschaften-in-monterrey","status":"publish","type":"post","link":"https:\/\/www.europesays.com\/afrika\/32553\/","title":{"rendered":"Aufstellung Tunesien &#8211; Japan heute: Die voraussichtlichen Mannschaften in Monterrey"},"content":{"rendered":"<p class=\"toc_title\">Inhaltsverzeichnis &#8211; das findest du hier<\/p>\n<p>Tunesien \u2013 JapanF<\/p>\n<p>So 21.06. \u00b7 06:00 Uhr \u00b7 MagentaTV<\/p>\n<p>Im zweiten Gruppenspiel der <a class=\"nr-pvl-link\" href=\"https:\/\/www.fussballnationalmannschaft.net\/fussball-wm-2026\/wm-2026-gruppen\/wm-2026-gruppe-f-spielplan-tabelle\" rel=\"nofollow noopener\" target=\"_blank\">Gruppe F<\/a> trifft <a class=\"nr-pvl-link\" href=\"https:\/\/www.fussballnationalmannschaft.net\/team\/tunesien\" rel=\"nofollow noopener\" target=\"_blank\">Tunesien<\/a> am fr\u00fchen Sonntagmorgen auf <a class=\"nr-pvl-link\" href=\"https:\/\/www.fussballnationalmannschaft.net\/team\/japan\" rel=\"nofollow noopener\" target=\"_blank\">Japan<\/a>, Ansto\u00df im <a href=\"https:\/\/www.fussballnationalmannschaft.net\/fussballstadion\/estadio-monterrey\" rel=\"nofollow noopener\" target=\"_blank\">Estadio Monterrey<\/a> ist um 06:00 Uhr MESZ. Die gr\u00f6\u00dfte Personalfrage stellt sich bei Japan, wo Trainer Hajime Moriyasu nach dem Auftakt durchwechseln d\u00fcrfte und mit <a class=\"nr-pvl-link\" href=\"https:\/\/www.fussballnationalmannschaft.net\/spieler\/takefusa-kubo\" rel=\"nofollow noopener\" target=\"_blank\">Takefusa Kubo<\/a> einen seiner gr\u00f6\u00dften Namen zun\u00e4chst auf der Bank l\u00e4sst.<\/p>\n<p><a href=\"https:\/\/www.fussballnationalmannschaft.net\/wp-content\/uploads\/2026\/06\/japan-platzbegehung-tunesien-japan-scaled.jpg\" rel=\"nofollow noopener\" target=\"_blank\"><img fetchpriority=\"high\" decoding=\"async\" class=\"size-large wp-image-254541\" src=\"data:image\/svg+xml,%3Csvg%20xmlns=\" http:=\"\" alt=\"Drei japanische Nationalspieler in weiss-blauer Aufw\u00e4rmkleidung stehen vor dem Spiel auf dem Rasen des Stadions.\" width=\"670\" height=\"447\" data-lazy- data-lazy- data-lazy-src=\"https:\/\/www.europesays.com\/afrika\/wp-content\/uploads\/2026\/06\/japan-platzbegehung-tunesien-japan-670x447.jpg\"\/><\/a>Kou Itakura, Yukinari Sugawara und Ritsu Doan begutachten vor dem WM-Gruppenspiel gegen Tunesien den Rasen im Monterrey Stadium. Foto: David Ramos\/Getty Images<\/p>\n<p>So spielt Tunesien<\/p>\n<p>Sabri-Nachfolger Herv\u00e9 Renard schickt seine Mannschaft im 3-4-2-1 auf den Rasen, mit einer wuchtigen Dreierkette und zwei <a class=\"nr-pvl-link\" href=\"https:\/\/www.fussballnationalmannschaft.net\/turnier\/bundesliga-2025-2026\" rel=\"nofollow noopener\" target=\"_blank\">Bundesliga<\/a>-Profis im Aufgebot.<\/p>\n<p>Tor: Aymen Dahmen<br \/>\nAbwehr: Montassar Talbi, Omar Rekik, Dylan Bronn<br \/>\nMittelfeld: Yan Valery, Sebastian Tounekti, Ellyes Skhiri, Ali Abdi<br \/>\nOffensive: Elias Saad, Hannibal Mejbri<br \/>\nSturm: Anis Slimane<\/p>\n<p>Im Mittelfeld zieht Ellyes Skhiri von <a class=\"nr-pvl-link\" href=\"https:\/\/www.fussballnationalmannschaft.net\/team\/eintracht-frankfurt\" rel=\"nofollow noopener\" target=\"_blank\">Eintracht Frankfurt<\/a> die F\u00e4den, davor soll der in Hamburg geborene Elias Saad von <a class=\"nr-pvl-link\" href=\"https:\/\/www.fussballnationalmannschaft.net\/team\/hannover-96\" rel=\"nofollow noopener\" target=\"_blank\">Hannover 96<\/a> f\u00fcr Tempo sorgen. Beide kennen die Bundesliga aus dem Effeff, was diesem tunesischen Spiel eine vertraute deutsche Note gibt.<\/p>\n<p>So spielt Japan<\/p>\n<p>Hajime Moriyasu setzt auf ein spiegelbildliches 3-4-2-1. Auff\u00e4llig ist die Rotation, denn neben Kubo beginnt auch der Liverpooler Wataru Endo zun\u00e4chst nur auf der Bank.<\/p>\n<p>Dieses Fu\u00dfball-Video k\u00f6nnte dich interessieren:<\/p>\n<p>Tor: Zion Suzuki<br \/>\nAbwehr: Takehiro Tomiyasu, Kou Itakura, Hiroki Ito<br \/>\nMittelfeld: Ritsu Doan, Kaishu Sano, Daichi Kamada, Keito Nakamura<br \/>\nOffensive: Ao Tanaka, Junya Ito<br \/>\nSturm: Ayase Ueda<\/p>\n<p>Aufgepasst bei den beiden Namensvettern, denn in dieser Elf stehen zwei Spieler mit dem Nachnamen Ito. In der Abwehr verteidigt Hiroki Ito vom FC Bayern M\u00fcnchen, in der Offensive wirbelt Junya Ito vom KRC Genk. Dazu kommen mit Ritsu Doan von Eintracht Frankfurt und Kaishu Sano vom FSV Mainz 05 zwei weitere Bundesliga-Gesichter in der japanischen Startelf.<\/p>\n<p>Wer fehlt<\/p>\n<p>Verletzungen oder Sperren weist die WM-Datenbank f\u00fcr diese Partie keine aus. Beide Trainer k\u00f6nnen also aus dem vollen Kader w\u00e4hlen, und genau das macht die Personalfragen vor dem Anpfiff so reizvoll. Bei Tunesien warten unter anderem Rani Khedira von Union Berlin und Ismael Gharbi vom FC Augsburg auf ihre Chance, bei Japan sitzt mit Kubo von Real Sociedad ein Hochkar\u00e4ter zun\u00e4chst drau\u00dfen.<\/p>\n<p>Die personellen Entscheidungen<\/p>\n<p>Der spannendste Zweikampf l\u00e4uft im Mittelfeld, und er hat einen besonderen Beigeschmack. Ritsu Doan und Ellyes Skhiri sind bei Eintracht Frankfurt Vereinskollegen und stehen sich hier als Gegner gegen\u00fcber. Auf japanischer Seite ist die Rotation das Thema des Tages, denn Moriyasu schont mit Kubo und Endo gleich zwei Stammkr\u00e4fte und vertraut der j\u00fcngeren Achse um Sano und Tanaka. Bei Tunesien geht Renard mit der robusten Dreierkette das Risiko ein, die schnellen japanischen Fl\u00fcgel fr\u00fch stellen zu m\u00fcssen.<\/p>\n<p>Das Wetter zum Anpfiff<\/p>\n<p>In Monterrey ist es zur Ansto\u00dfzeit am sp\u00e4ten Abend mit rund 25 Grad zwar nicht hei\u00df, doch bei 89 Prozent Luftfeuchtigkeit f\u00fchlt es sich mit gut 28 Grad sp\u00fcrbar schw\u00fcler an. Bei einem Regenrisiko von etwa 27 Prozent und auflandigem Wind um 16 Kilometer pro Stunde sind sogar Gewitter m\u00f6glich, was beiden Mannschaften fr\u00fch in die Beine gehen und das hohe Pressing erschweren d\u00fcrfte.<\/p>\n<p>Diese Artikel k\u00f6nnten dich auch interessieren:<\/p>\n","protected":false},"excerpt":{"rendered":"Inhaltsverzeichnis &#8211; das findest du hier Tunesien \u2013 JapanF So 21.06. \u00b7 06:00 Uhr \u00b7 MagentaTV Im zweiten&hellip;\n","protected":false},"author":2,"featured_media":32554,"comment_status":"","ping_status":"","sticky":false,"template":"","format":"standard","meta":{"footnotes":"","_share_on_mastodon":"0"},"categories":[20],"tags":[12344,7205,13419,3901,2759,2299,13420,315,13421,12414,5144,12773,13422,13423,13424,13356,211,212,154],"class_list":["post-32553","post","type-post","status-publish","format-standard","has-post-thumbnail","category-tunesien","tag-aufstellungen","tag-eintracht-frankfurt","tag-elias","tag-frankfurt","tag-gruppe-f","tag-heute","tag-ito","tag-japan","tag-kubo","tag-monterrey","tag-rasen","tag-renard","tag-saad","tag-sano","tag-skhiri","tag-tun-jpn","tag-tunesien","tag-tunisia","tag-wm-2026"],"share_on_mastodon":{"url":"https:\/\/pubeurope.com\/@afrika\/116786123403667100","error":""},"_links":{"self":[{"href":"https:\/\/www.europesays.com\/afrika\/wp-json\/wp\/v2\/posts\/32553","targetHints":{"allow":["GET"]}}],"collection":[{"href":"https:\/\/www.europesays.com\/afrika\/wp-json\/wp\/v2\/posts"}],"about":[{"href":"https:\/\/www.europesays.com\/afrika\/wp-json\/wp\/v2\/types\/post"}],"author":[{"embeddable":true,"href":"https:\/\/www.europesays.com\/afrika\/wp-json\/wp\/v2\/users\/2"}],"replies":[{"embeddable":true,"href":"https:\/\/www.europesays.com\/afrika\/wp-json\/wp\/v2\/comments?post=32553"}],"version-history":[{"count":0,"href":"https:\/\/www.europesays.com\/afrika\/wp-json\/wp\/v2\/posts\/32553\/revisions"}],"wp:featuredmedia":[{"embeddable":true,"href":"https:\/\/www.europesays.com\/afrika\/wp-json\/wp\/v2\/media\/32554"}],"wp:attachment":[{"href":"https:\/\/www.europesays.com\/afrika\/wp-json\/wp\/v2\/media?parent=32553"}],"wp:term":[{"taxonomy":"category","embeddable":true,"href":"https:\/\/www.europesays.com\/afrika\/wp-json\/wp\/v2\/categories?post=32553"},{"taxonomy":"post_tag","embeddable":true,"href":"https:\/\/www.europesays.com\/afrika\/wp-json\/wp\/v2\/tags?post=32553"}],"curies":[{"name":"wp","href":"https:\/\/api.w.org\/{rel}","templated":true}]}}