{"id":32787,"date":"2026-06-21T17:22:33","date_gmt":"2026-06-21T17:22:33","guid":{"rendered":"https:\/\/www.europesays.com\/afrika\/32787\/"},"modified":"2026-06-21T17:22:33","modified_gmt":"2026-06-21T17:22:33","slug":"wm-2026-undav-gegen-die-elfenbeinkueste-war-das-unser-odonkor-moment","status":"publish","type":"post","link":"https:\/\/www.europesays.com\/afrika\/32787\/","title":{"rendered":"WM 2026: Undav gegen die Elfenbeink\u00fcste \u2013 War das unser \u201eOdonkor-Moment\u201c?"},"content":{"rendered":"<p>Benedikt H\u00f6wedes wurde 2014 in Rio Weltmeister. Gerade beschrieb er im WELT-Podcast die Bedeutung eines bestimmten Effektes, um ein erfolgreiches Turnier zu spielen. Gut m\u00f6glich, dass das DFB-Team ihn nun herbeigef\u00fchrt hat.<\/p>\n<p class=\"is-first-paragraph\" data-external=\"Article.FirstParagraph\">Fu\u00dfballfans sch\u00e4tzen seine Analysen. Benedikt H\u00f6wedes arbeitet seit dem Ende seiner aktiven Profikarriere als TV-Experte bei Amazon Prime und kommentiert dort regelm\u00e4\u00dfig die Champions League. Meinungsst\u00e4rke und Klarheit, die er zum WM-Start 2026 auch als Gast im WELT-Podcast WELTMeister nachweist.<\/p>\n<p>\u201eIch glaube pers\u00f6nlich nicht, dass wir Weltmeister werden k\u00f6nnen oder dass wir Weltmeister werden\u201c, sagte H\u00f6wedes: \u201eUnd trotzdem ist das Sch\u00f6ne im Fu\u00dfball, dass alles m\u00f6glich ist. Auch wenn wir vielleicht individuell nicht so gut aufgestellt sind wie viele andere Nationen, k\u00f6nnen wir uns trotzdem in etwas reinspielen, wo wir dann unberechenbar werden. Und dann halte ich es auch nicht f\u00fcr ausgeschlossen, dass wir weit kommen im Turnier.\u201c<\/p>\n<p>Ein Podcast, ein Champion, ein R\u00e4tsel \u2013 wer ist der Gast? Raten Sie mit: Abonnieren Sie WELTMeister bei <a class=\"is-link c-block-items__link is-external c-link--rich-text-renderer\" href=\"https:\/\/open.spotify.com\/show\/7CX3rSNRL11YEnW7IzkWIS?si=82f337b82c6b4e32&amp;nd=1&amp;dlsi=56417d9ce6fc406c\" target=\"_blank\" title=\"Link wird in einem neuen Tab ge\u00f6ffnet\" rel=\"nofollow noopener\" data-internal-tracking-enabled=\"true\" data-internal-tracking=\"{&quot;action&quot;:&quot;click&quot;,&quot;label&quot;:&quot;link&quot;,&quot;name&quot;:&quot;Inline Element&quot;,&quot;data&quot;:{&quot;source&quot;:&quot;&quot;,&quot;target&quot;:&quot;https:\/\/open.spotify.com\/show\/7CX3rSNRL11YEnW7IzkWIS?si=82f337b82c6b4e32&amp;nd=1&amp;dlsi=56417d9ce6fc406c&quot;,&quot;trackingName&quot;:&quot;&quot;,&quot;trackingLabel&quot;:&quot;&quot;}}\">Spotify<\/a>, <a class=\"is-link c-block-items__link is-external c-link--rich-text-renderer\" href=\"https:\/\/podcasts.apple.com\/de\/podcast\/weltmeister\/id1852960967\" target=\"_blank\" title=\"Link wird in einem neuen Tab ge\u00f6ffnet\" rel=\"nofollow noopener\" data-internal-tracking-enabled=\"true\" data-internal-tracking=\"{&quot;action&quot;:&quot;click&quot;,&quot;label&quot;:&quot;link&quot;,&quot;name&quot;:&quot;Inline Element&quot;,&quot;data&quot;:{&quot;source&quot;:&quot;&quot;,&quot;target&quot;:&quot;https:\/\/podcasts.apple.com\/de\/podcast\/weltmeister\/id1852960967&quot;,&quot;trackingName&quot;:&quot;&quot;,&quot;trackingLabel&quot;:&quot;&quot;}}\">Apple Podcasts<\/a> oder direkt per <a class=\"is-link c-block-items__link is-external c-link--rich-text-renderer\" href=\"https:\/\/weltmeister.podigee.io\/feed\/mp3\" target=\"_blank\" title=\"Link wird in einem neuen Tab ge\u00f6ffnet\" rel=\"nofollow noopener\" data-internal-tracking-enabled=\"true\" data-internal-tracking=\"{&quot;action&quot;:&quot;click&quot;,&quot;label&quot;:&quot;link&quot;,&quot;name&quot;:&quot;Inline Element&quot;,&quot;data&quot;:{&quot;source&quot;:&quot;&quot;,&quot;target&quot;:&quot;https:\/\/weltmeister.podigee.io\/feed\/mp3&quot;,&quot;trackingName&quot;:&quot;&quot;,&quot;trackingLabel&quot;:&quot;&quot;}}\">RSS-Feed<\/a>.<\/p>\n<p>Im Vergleich zu den anderen Top-Nationen mangele es im Kader von Bundestrainer Julian Nagelsmann laut H\u00f6wedes an herausragenden Ausnahmek\u00f6nnern. \u201eIch finde, wir sind auf jeder Position sehr ordentlich besetzt. Wir haben aber vielleicht nicht ganz so viele Weltklasse-Spieler wie alle anderen. Deshalb muss viel \u00fcber das Kollektiv \u2013 glaube ich \u2013 passieren.\u201c<\/p>\n<p>H\u00f6wedes erinnert an WM 2006 und WM 2014<\/p>\n<p>Um das zu erleichtern oder gar erst m\u00f6glich zu machen, bed\u00fcrfe es im Turnierverlauf eines gewissen Effektes, glaubt der Weltmeister von 2014. \u201eIch habe k\u00fcrzlich die Doku \u00fcber die <a class=\"is-link c-block-items__link c-link--rich-text-renderer\" href=\"https:\/\/www.welt.de\/sport\/fussball\/wm\/article6a16c606bd0d0e58e09d9530\/fussball-wm-2026-paraguays-torschuetze-spielte-mit-der-uhr-des-schiedsrichters-am-arm.html\" data-internal-tracking-enabled=\"true\" data-internal-tracking=\"{&quot;action&quot;:&quot;click&quot;,&quot;label&quot;:&quot;link&quot;,&quot;name&quot;:&quot;Inline Element&quot;,&quot;data&quot;:{&quot;source&quot;:&quot;&quot;,&quot;target&quot;:&quot;https:\/\/www.welt.de\/sport\/fussball\/wm\/article6a16c606bd0d0e58e09d9530\/fussball-wm-2026-paraguays-torschuetze-spielte-mit-der-uhr-des-schiedsrichters-am-arm.html&quot;,&quot;trackingName&quot;:&quot;&quot;,&quot;trackingLabel&quot;:&quot;&quot;}}\" rel=\"nofollow noopener\" target=\"_blank\">WM<\/a> 2006 gesehen. Mit dieser Mannschaft hat damals niemand gerechnet. Doch in einem Turnier gibt es immer den einen Moment, wo es kippen kann\u201c, so H\u00f6wedes.<\/p>\n<p>Er nennt ein weiteres Beispiel: \u201eWir hatten das 2014 zum Beispiel im Spiel gegen Algerien, wo wir danach geglaubt haben, wir k\u00f6nnen \u00fcber Wasser laufen. 2006 war es das Spiel gegen Polen, als Oliver Neuville mit seinem Tor eine Euphorie im Land erzeugt hat, die die ganze deutsche Mannschaft getragen hat. Und so einen Moment brauchst du, um Kr\u00e4fte freizusetzen. Ich hoffe und w\u00fcnsche der deutschen Mannschaft, dass sie diesen Punkt irgendwie erreicht, dass sie \u00fcber diesen schwierigen Punkt gehen k\u00f6nnen als Mannschaft \u2013 und dann ist irgendwie auch alles m\u00f6glich.\u201c<\/p>\n<p>Eine Beschreibung, die durchaus auf den j\u00fcngsten 2:1-Sieg der DFB-Elf gegen die <a class=\"is-link c-block-items__link c-link--rich-text-renderer\" href=\"https:\/\/www.welt.de\/sport\/fussball\/wm\/article6a37c866e6546062eaa73bb2\/wm-2026-deutschland-mangel-an-fairplay-vorwuerfe-der-elfenbeinkueste-ans-dfb-team.html\" data-internal-tracking-enabled=\"true\" data-internal-tracking=\"{&quot;action&quot;:&quot;click&quot;,&quot;label&quot;:&quot;link&quot;,&quot;name&quot;:&quot;Inline Element&quot;,&quot;data&quot;:{&quot;source&quot;:&quot;&quot;,&quot;target&quot;:&quot;https:\/\/www.welt.de\/sport\/fussball\/wm\/article6a37c866e6546062eaa73bb2\/wm-2026-deutschland-mangel-an-fairplay-vorwuerfe-der-elfenbeinkueste-ans-dfb-team.html&quot;,&quot;trackingName&quot;:&quot;&quot;,&quot;trackingLabel&quot;:&quot;&quot;}}\" rel=\"nofollow noopener\" target=\"_blank\">Elfenbeink\u00fcste<\/a> passt. Die Folgen werden erst in den kommenden Tagen und Wochen sichtbar, doch Deniz Undavs Siegtor in der Nachspielzeit glich einem Knall und setzte f\u00fcr jedermann sichtbar Energie frei.<\/p>\n<p>Zudem bediente das Ereignis vom Samstag gleich mehrere Analogien. Wie beim 1:0 gegen Polen 2006 handelte es sich um das zweite Gruppenspiel der DFB-Elf, wie Neuville (70.) wurde auch Undav (60.) eingewechselt und traf in der Nachspielzeit (90.+1 vs. 90.+4) zum knappen Sieg. Und selbst beim Blick nach vorn zeigt sich eine Parallele. Im abschlie\u00dfenden Gruppenspiel geht es wie 2006 gegen Ecuador.<\/p>\n<p>Wer nun vom ganz gro\u00dfen Wurf tr\u00e4umt, sollte allerdings nicht zu tief in den Turnierbaum blicken. \u201eWer will denn einen Polen-Moment?\u201c, fragte am Sonntag auch Experte J\u00fcrgen Klopp bei Magenta TV, \u201e2006 sind wir Dritter geworden.\u201c<\/p>\n","protected":false},"excerpt":{"rendered":"Benedikt H\u00f6wedes wurde 2014 in Rio Weltmeister. Gerade beschrieb er im WELT-Podcast die Bedeutung eines bestimmten Effektes, um&hellip;\n","protected":false},"author":2,"featured_media":32788,"comment_status":"","ping_status":"","sticky":false,"template":"","format":"standard","meta":{"footnotes":"","_share_on_mastodon":"0"},"categories":[14],"tags":[125,13442,972,124,126,13466,13465,74,13441,10992],"class_list":["post-32787","post","type-post","status-publish","format-standard","has-post-thumbnail","category-elfenbeinkueste","tag-cote-divoire","tag-deniz","tag-deutschland-fussballnationalmannschaft","tag-elfenbeinkueste","tag-ivory-coast","tag-joachim","tag-loew","tag-texttospeech","tag-undav","tag-wm-2026-ad"],"share_on_mastodon":{"url":"https:\/\/pubeurope.com\/@afrika\/116789257345404547","error":""},"_links":{"self":[{"href":"https:\/\/www.europesays.com\/afrika\/wp-json\/wp\/v2\/posts\/32787","targetHints":{"allow":["GET"]}}],"collection":[{"href":"https:\/\/www.europesays.com\/afrika\/wp-json\/wp\/v2\/posts"}],"about":[{"href":"https:\/\/www.europesays.com\/afrika\/wp-json\/wp\/v2\/types\/post"}],"author":[{"embeddable":true,"href":"https:\/\/www.europesays.com\/afrika\/wp-json\/wp\/v2\/users\/2"}],"replies":[{"embeddable":true,"href":"https:\/\/www.europesays.com\/afrika\/wp-json\/wp\/v2\/comments?post=32787"}],"version-history":[{"count":0,"href":"https:\/\/www.europesays.com\/afrika\/wp-json\/wp\/v2\/posts\/32787\/revisions"}],"wp:featuredmedia":[{"embeddable":true,"href":"https:\/\/www.europesays.com\/afrika\/wp-json\/wp\/v2\/media\/32788"}],"wp:attachment":[{"href":"https:\/\/www.europesays.com\/afrika\/wp-json\/wp\/v2\/media?parent=32787"}],"wp:term":[{"taxonomy":"category","embeddable":true,"href":"https:\/\/www.europesays.com\/afrika\/wp-json\/wp\/v2\/categories?post=32787"},{"taxonomy":"post_tag","embeddable":true,"href":"https:\/\/www.europesays.com\/afrika\/wp-json\/wp\/v2\/tags?post=32787"}],"curies":[{"name":"wp","href":"https:\/\/api.w.org\/{rel}","templated":true}]}}