{"id":32827,"date":"2026-06-21T20:10:10","date_gmt":"2026-06-21T20:10:10","guid":{"rendered":"https:\/\/www.europesays.com\/afrika\/32827\/"},"modified":"2026-06-21T20:10:10","modified_gmt":"2026-06-21T20:10:10","slug":"wm-news-aktuell-tunesien-star-abdi-attackiert-verband-nach-wm-aus","status":"publish","type":"post","link":"https:\/\/www.europesays.com\/afrika\/32827\/","title":{"rendered":"WM-News aktuell: Tunesien-Star Abdi attackiert Verband nach WM-Aus"},"content":{"rendered":"<p class=\"text-18 leading-17 user-text-lg:text-22 user-text-xl:text-24\">Nach dem 1:4 zum Auftakt gegen Norwegen brauchen die Iraker bei ihrer zweiten WM Teilnahme nach 1986 am Montag (17.00 Uhr MESZ\/ARD und MagentaTV) in Philadelphia etwas Z\u00e4hlbares. &#8222;Ich bin kein Trainer, der in ein Spiel geht, um es nicht zu verlieren&#8220;, betonte Arnold: &#8222;Ich will meinen Spielern den Glauben vermitteln, dass wir mit der Einstellung reingehen, dass wir das Spiel gewinnen k\u00f6nnen. Ich bin niemand, der auf Unentschieden spielen m\u00f6chte.&#8220;<\/p>\n<p>Extreme Hitze: Public Viewing in WM-Land abgesagt<\/p>\n<p class=\"text-18 leading-17 user-text-lg:text-22 user-text-xl:text-24\">Das in Madrid geplante Public Viewing des spanischen WM-Spiels gegen Saudi-Arabien (ab 18 Uhr im <a href=\"https:\/\/www.t-online.de\/sport\/live-ticker\/heute\/\" class=\"transition-colors cursor-pointer no-underline md:hover:text-magenta md:focus:text-magenta border-b border-solid border-current text-salemsfur md:hover:border-magenta\" data-tracking=\"{&quot;action&quot;:&quot;click&quot;,&quot;category&quot;:&quot;intextLink&quot;,&quot;label&quot;:&quot;\/sport\/live-ticker\/heute\/&quot;}\" data-sctrack=\"BodyAnchor\" rel=\"nofollow noopener\" target=\"_blank\">Liveticker<\/a> bei t-online) ist am Sonntag der extremen Hitze in der Hauptstadt zum Opfer gefallen. Der Madrider Stadtrat und der Fu\u00dfballverband (RFEF) sagten die Veranstaltung in der Fanzone auf der Plaza de Col\u00f3n im Zentrum der Metropole ab. Zuvor hatte die nationale Wetterbeh\u00f6rde AEMET vor Temperaturen von bis zu 40 Grad Celsius gewarnt.<\/p>\n<p><a href=\"#focus-1\" class=\"transition-colors block text-current relative\" data-sctrack=\"FocusGalleryImage.Reference\"><img   loading=\"lazy\" src=\"https:\/\/www.europesays.com\/afrika\/wp-content\/uploads\/2026\/06\/spanische-fans-beim-public-viewing-in-madrid-vor-zwei-jahren-beim-zweiten-wm-spiel-muessen-sie-aber-.jpeg\" alt=\"Spanische Fans beim Public Viewing in Madrid vor zwei Jahren: Beim zweiten WM-Spiel m\u00fcssen sie aber privat schauen.\" title=\"Spanische Fans beim Public Viewing in Madrid vor zwei Jahren: Beim zweiten WM-Spiel m\u00fcssen sie aber privat schauen.\" width=\"3500\" height=\"1969\" class=\"h-full w-full max-w-full rounded-8\" decoding=\"async\"\/><img loading=\"lazy\" src=\"https:\/\/www.t-online.de\/s\/paper\/_next\/static\/media\/zoom-in.f7dae02f.svg\" alt=\"Vergr\u00f6\u00dfern des Bildes\" title=\"Vergr\u00f6\u00dfern des Bildes\" class=\"block h-[calc(var(--height)_\/_16_*_1rem)] w-[calc(var(--width)_\/_16_*_1rem)] max-w-none absolute right-8 bottom-8 rounded-4 bg-snow p-8\" style=\"--width:32;--height:32\" decoding=\"async\"\/>Spanische Fans beim Public Viewing in Madrid vor zwei Jahren: Beim zweiten WM-Spiel m\u00fcssen sie aber privat schauen. (Quelle: IMAGO\/Gustavo Valiente)<\/a><\/p>\n<p class=\"text-18 leading-17 user-text-lg:text-22 user-text-xl:text-24\">&#8222;Die Entscheidung wurde getroffen, um die Gesundheit der Besucher, des Veranstaltungspersonals und der unterst\u00fctzenden Dienste, die an der Veranstaltung beteiligt sind, zu sch\u00fctzen&#8220;, hie\u00df es aus dem Madrider Rathaus, das sich f\u00fcr etwaige Unannehmlichkeiten entschuldigte. Die Beh\u00f6rden forderten die Fans auf, das Spiel des Europameisters in klimatisierten Innenr\u00e4umen zu verfolgen.<\/p>\n<p>TV-Quote gegen Elfenbeink\u00fcste: DFB-Elf feiert n\u00e4chsten Erfolg<\/p>\n<p class=\"text-18 leading-17 user-text-lg:text-22 user-text-xl:text-24\">Auch das zweite deutsche WM-Spiel wurde von vielen Millionen Menschen in Deutschland gesehen. Die ZDF-\u00dcbertragung aus <a href=\"https:\/\/www.t-online.de\/themen\/toronto\/\" class=\"transition-colors cursor-pointer no-underline md:hover:text-magenta md:focus:text-magenta border-b border-solid border-current text-salemsfur md:hover:border-magenta\" data-tracking=\"{&quot;action&quot;:&quot;click&quot;,&quot;category&quot;:&quot;intextLink&quot;,&quot;label&quot;:&quot;\/themen\/toronto\/&quot;}\" data-sctrack=\"BodyAnchor\" rel=\"nofollow noopener\" target=\"_blank\">Toronto<\/a> gegen die Elfenbeink\u00fcste sahen am Samstagabend (Ansto\u00df 22 Uhr) im Schnitt 18,264 Millionen Menschen. Zwar waren beim ersten Spiel gegen Cura\u00e7ao noch 23,427 Millionen Menschen gemessen worden, was rund f\u00fcnf Millionen mehr sind, doch der Marktanteil ist gestiegen.<\/p>\n<p class=\"text-18 leading-17 user-text-lg:text-22 user-text-xl:text-24\">Nach Angaben der AGF Videoforschung waren es 72,1 Prozent. Beim ersten Spiel lag der Wert noch bei 70,2 Prozent. Zudem ist es wahrscheinlich, dass das zweite Spiel in vermehrt gr\u00f6\u00dferen Gruppen geschaut wurde \u2013 das l\u00e4sst sich von der AGF aber nicht messen. Angesichts der wachsenden WM-Euphorie im Land wird auch Public Viewing beliebter.<\/p>\n<p>Loading&#8230;<\/p>\n<p>Loading&#8230;<\/p>\n<p>Loading&#8230;<\/p>\n","protected":false},"excerpt":{"rendered":"Nach dem 1:4 zum Auftakt gegen Norwegen brauchen die Iraker bei ihrer zweiten WM Teilnahme nach 1986 am&hellip;\n","protected":false},"author":2,"featured_media":32828,"comment_status":"","ping_status":"","sticky":false,"template":"","format":"standard","meta":{"footnotes":"","_share_on_mastodon":"0"},"categories":[20],"tags":[13482,54,13478,13479,1362,2658,1513,158,3304,124,2340,898,13480,1145,902,1932,13481,10883,13483,6139,1933,12639,4410,6299,9083,1518,3650,211,212,9901,287,154],"class_list":["post-32827","post","type-post","status-publish","format-standard","has-post-thumbnail","category-tunesien","tag-agf","tag-aegypten","tag-ali-abdi","tag-amir-ghalenoei","tag-ard","tag-belgien","tag-curacao","tag-deutschland","tag-dfb-elf","tag-elfenbeinkueste","tag-fc-bayern-muenchen","tag-fussball-wm","tag-graham-arnold","tag-irak","tag-julian-nagelsmann","tag-kanada","tag-lothar-matthaeus","tag-madrid","tag-mehdi-taremi","tag-mena","tag-mexiko","tag-nationalmannschaft-usa","tag-neuseeland","tag-newsblog","tag-norwegen","tag-philadelphia","tag-t-online","tag-tunesien","tag-tunisia","tag-turnier","tag-usa","tag-wm-2026"],"share_on_mastodon":{"url":"https:\/\/pubeurope.com\/@afrika\/116789917964601790","error":""},"_links":{"self":[{"href":"https:\/\/www.europesays.com\/afrika\/wp-json\/wp\/v2\/posts\/32827","targetHints":{"allow":["GET"]}}],"collection":[{"href":"https:\/\/www.europesays.com\/afrika\/wp-json\/wp\/v2\/posts"}],"about":[{"href":"https:\/\/www.europesays.com\/afrika\/wp-json\/wp\/v2\/types\/post"}],"author":[{"embeddable":true,"href":"https:\/\/www.europesays.com\/afrika\/wp-json\/wp\/v2\/users\/2"}],"replies":[{"embeddable":true,"href":"https:\/\/www.europesays.com\/afrika\/wp-json\/wp\/v2\/comments?post=32827"}],"version-history":[{"count":0,"href":"https:\/\/www.europesays.com\/afrika\/wp-json\/wp\/v2\/posts\/32827\/revisions"}],"wp:featuredmedia":[{"embeddable":true,"href":"https:\/\/www.europesays.com\/afrika\/wp-json\/wp\/v2\/media\/32828"}],"wp:attachment":[{"href":"https:\/\/www.europesays.com\/afrika\/wp-json\/wp\/v2\/media?parent=32827"}],"wp:term":[{"taxonomy":"category","embeddable":true,"href":"https:\/\/www.europesays.com\/afrika\/wp-json\/wp\/v2\/categories?post=32827"},{"taxonomy":"post_tag","embeddable":true,"href":"https:\/\/www.europesays.com\/afrika\/wp-json\/wp\/v2\/tags?post=32827"}],"curies":[{"name":"wp","href":"https:\/\/api.w.org\/{rel}","templated":true}]}}