{"id":33443,"date":"2026-06-23T03:19:04","date_gmt":"2026-06-23T03:19:04","guid":{"rendered":"https:\/\/www.europesays.com\/afrika\/33443\/"},"modified":"2026-06-23T03:19:04","modified_gmt":"2026-06-23T03:19:04","slug":"deutschland-elfenbeinkueste-21-noten-und-einzelkritik-nach-dem-sieg","status":"publish","type":"post","link":"https:\/\/www.europesays.com\/afrika\/33443\/","title":{"rendered":"Deutschland \u2013 Elfenbeink\u00fcste 2:1: Noten und Einzelkritik nach dem Sieg"},"content":{"rendered":"<p class=\"mb-6 text-xs-varying md:text-m lg:text-l font-serif group-[.font-sans]:font-sans \">\n    Manuel Neuer: <a href=\"https:\/\/www.augsburger-allgemeine.de\/sport\/wm-2026-manuel-neuer-und-seine-dfb-rueckkehr-es-bleiben-offene-fragen-114490126\" target=\"_self\" class=\"underline \" rel=\"nofollow noopener\">Bislang scheint sich das mit seiner Aura<\/a> noch nicht bis zu den Gegnern herumgesprochen zu haben. Nach den Curacaoanern schoss nun auch ein Ivorer den Ball \u00e4u\u00dferst respektlos ins Tor. Konnte Neuer nichts daf\u00fcr. Hatte wenig zu tun. Wartet weiter darauf, endlich tatkr\u00e4ftig zeigen zu k\u00f6nnen, weshalb ihn Julian Nagelsmann reaktiviert hat.  Note: 3\n  <\/p>\n<p class=\"mb-6 text-xs-varying md:text-m lg:text-l font-serif group-[.font-sans]:font-sans \">\n    Joshua Kimmich: Schlug eine wunderbare Flanke auf Kai Havertz. Wenig sp\u00e4ter folgte eine weitere auf den Kopf von Aleksandar Pavlovic. Dessen Treffer z\u00e4hlte allerdings nicht. Die Hauptaufgabe Kimmichs lag aber in der Defensive. <a href=\"https:\/\/www.augsburger-allgemeine.de\/sport\/so-geht-die-elfenbeinkueste-in-das-wm-duell-mit-deutschland-114483133\" target=\"_self\" class=\"underline \" rel=\"nofollow noopener\">Hatte dort erwartungsgem\u00e4\u00df Geschwindigkeitsnachteile<\/a> gegen\u00fcber Yan Diomande. Konnte das meist gut kaschieren \u2013 nicht aber beim Treffer zum 0:1, als er das Nachsehen hatte. Note: 3,5\n  <\/p>\n<p class=\"mb-6 text-xs-varying md:text-m lg:text-l font-serif group-[.font-sans]:font-sans \">\n    Jonathan Tah: Ist laut Antonio R\u00fcdiger der neue Chef der Abwehrkette. F\u00fchrte einige cheffige Zweik\u00e4mpfe mit Ange-Yoan\u00a0Bonny, der in der gleichen Gewichtsklasse t\u00e4tig ist. Am Ende stand ein Punktsieg Tahs &#8211; und der sp\u00e4te K.o. der Elfenbeink\u00fcste. Note: 3\n  <\/p>\n<p>      <a href=\"https:\/\/www.augsburger-allgemeine.de\/sport\/fussball-wm-in-philadelphia-geht-der-rocky-fluch-um-114490090\" class=\"hidden  &#010;                md:block md:mr-5 md:min-w-[140px]  aspect-photo md:aspect-tv lg:aspect-tv w-fullXXX relative self-start inline overflow-hidden\" rel=\"nofollow noopener\" target=\"_blank\"><\/p>\n<p>    <img decoding=\"async\" src=\"\" alt=\"Keine gute Idee: Vor dem Spiel gegen die Elfenbeink\u00fcste streiften die Ecuador-Fans der Rocky-Statue ein Trikot \u00fcber. Ihr Team verlor.\" title=\"Keine gute Idee: Vor dem Spiel gegen die Elfenbeink\u00fcste streiften die Ecuador-Fans der Rocky-Statue ein Trikot \u00fcber. Ihr Team verlor.\" loading=\"lazy\" class=\"h-full w-full object-cover\"\/><br \/>\n   <\/a><\/p>\n<p class=\"mb-6 text-xs-varying md:text-m lg:text-l font-serif group-[.font-sans]:font-sans \">\n    Nico Schlotterbeck: Sorgte f\u00fcr bange Minuten, als er in der Anfangsphase erst humpelte und sich dann behandeln lassen musste. Spielte weiter, musste dann aber doch in der Halbzeit ausgewechselt werden. Die Weltmeisterschaft k\u00f6nnte f\u00fcr ihn bereits vorbei sein. Note: 3\n  <\/p>\n<p class=\"mb-6 text-xs-varying md:text-m lg:text-l font-serif group-[.font-sans]:font-sans \">\n    Nathaniel Brown: <a href=\"https:\/\/www.augsburger-allgemeine.de\/sport\/fussball-wm-2026-nathaniel-brown-will-sich-in-der-nationalmannschaft-beweisen-114487180\" target=\"_self\" class=\"underline \" rel=\"nofollow noopener\">Konnte sich keine Sprintduelle mit dem flotten Yan Diomande leisten<\/a>, weil der \u00fcber die linke Seite der Ivorer sein Gl\u00fcck versuchte. L\u00f6ste zusammen mit Florian Wirtz das Spiel immer wieder gut nach vorne auf, leistete sich dann aber zu unpr\u00e4zise Abspiele. Verhinderte kurzzeitig mit einer beherzten Gr\u00e4tsche das 0:1, allerdings landete der Ball vor Franck Kessie, der nur noch einschieben musste. Note: 3\n  <\/p>\n<p>            Einzelkritik gegen Elfenbeink\u00fcste: Nmecha ist lange Zeit der Beste<\/p>\n<p class=\"mb-6 text-xs-varying md:text-m lg:text-l font-serif group-[.font-sans]:font-sans \">\n    Felix Nmecha: Stemmte sich vehement gegen die drohende Niederlage. Unterband mit Geschwindigkeit und Zweikampfh\u00e4rte sehenswert ivorische Konter. Trieb zudem das Offensivspiel an. Schloss an seine hervorragende Leistung des ersten Spiels an. Lange Zeit bester deutscher Akteur. Dann kam Undav. Note: 2\n  <\/p>\n<p class=\"mb-6 text-xs-varying md:text-m lg:text-l font-serif group-[.font-sans]:font-sans \">\n    Aleksandar Pavlovi\u0107: R\u00e4umte den robusten Bonny einmal cheffig ab. R\u00e4umte dann aber auch Keeper Yahia Fofana etwas zu vehement ab, weshalb sein Tor nicht z\u00e4hlte. Tauchte anschlie\u00dfend immer mehr ab. Note: 4\n  <\/p>\n<p class=\"mb-6 text-xs-varying md:text-m lg:text-l font-serif group-[.font-sans]:font-sans \">\n    Leroy San\u00e9: Hatte mit auf den Weg bekommen, Kimmich gegen Diomande zu helfen. Sprintete oft couragiert zur\u00fcck. Suchte nach vorne immer wieder das direkte Duell, meist aber ohne Ertrag. Initiierte aber immerhin kurz vor der Halbzeit den sch\u00f6nsten deutschen Angriff. Wurde nach einer Stunde von Leweling abgel\u00f6st, hatte sich aber nichts vorzuwerfen. Note: 4\n  <\/p>\n<p class=\"mb-6 text-xs-varying md:text-m lg:text-l font-serif group-[.font-sans]:font-sans \">\n    Jamal Musiala: War in der ersten Halbzeit der aktivste deutsche Offensivspieler, haderte allerdings h\u00e4ufiger mit Schiedsrichterentscheidungen. Hatte einmal Abschlusspech, fand auch immer wieder seine Mitspieler. Nach der Pause lief das Spiel allerdings komplett an ihm vorbei. Note: 4\n  <\/p>\n<p class=\"mb-6 text-xs-varying md:text-m lg:text-l font-serif group-[.font-sans]:font-sans \">\n    Florian Wirtz: Kombinierte phasenweise sch\u00f6n mit Brown. Im gegnerischen Strafraum allerdings gl\u00fccklos. Note: 4\n  <\/p>\n<p class=\"mb-6 text-xs-varying md:text-m lg:text-l font-serif group-[.font-sans]:font-sans \">\n    Kai Havertz: Tauchte am gef\u00e4hrlichsten auf, wenn die B\u00e4lle von Kimmich hoch in den Strafraum geschlagen wurden. Scheiterte einmal an Keeper Fofana, das andere Mal setzte er den Ball neben das Tor. Ansonsten: unauff\u00e4llig. Note: 4\n  <\/p>\n<p class=\"mb-6 text-xs-varying md:text-m lg:text-l font-serif group-[.font-sans]:font-sans \">\n    Antonio R\u00fcdiger (ab 46. f\u00fcr Schlotterbeck): Der alte Chef kam neben dem neuen Chef zum Einsatz. Die beiden Bosse hatten eine Viertelstunde erheblich damit zu tun, die Defensive zu stabilisieren. Das gelang auch dank R\u00fcdigers Erfahrung. Spielte seinen Part sehr solide. Note 3\n  <\/p>\n<p>            Deniz Undav entscheidet das Spiel Deutschland gegen die Elfenbeink\u00fcste<\/p>\n<p class=\"mb-6 text-xs-varying md:text-m lg:text-l font-serif group-[.font-sans]:font-sans \">\n    Deniz Undav (ab 60. f\u00fcr Musiala): Machte dort weiter, wo er gegen Curacao aufgeh\u00f6rt hat. Leitete das Tor zum 1:1 ein und erzielte es nach Sprint in die Spitze selbst. Schoss schlie\u00dflich das Siegtor nach einer sensationellen Ballannahme samt k\u00fchlem Abschluss. Spieler des Spiels. Nagelsmann d\u00fcrfte es schwerfallen, ihn im letzten Gruppenspiel gegen Ecuador auf der Bank zu lassen. Note: 1\n  <\/p>\n<p class=\"mb-6 text-xs-varying md:text-m lg:text-l font-serif group-[.font-sans]:font-sans \">\n    Nadiem Amiri (ab 60. f\u00fcr Pavlovic): Kam etwas \u00fcberraschend zu seinem WM-Deb\u00fct, rechtfertigte seinen Einsatz aber mit einer passgenauen Flanke auf Undav, die zum 1:1 f\u00fchrte. Animierte anschlie\u00dfend die deutschen Fans. Belebendes Element.  Note 2\n  <\/p>\n<p class=\"mb-6 text-xs-varying md:text-m lg:text-l font-serif group-[.font-sans]:font-sans \">\n    Jamie Leweling (60. f\u00fcr San\u00e9): F\u00fchrte sich bei seiner WM-Premiere nach wenigen Sekunden mit einem Schuss weit \u00fcber das Tor ein. Stabilisierte dann mit seiner K\u00f6rperlichkeit den rechten Fl\u00fcgel. Note 3\n  <\/p>\n<p class=\"mb-6 text-xs-varying md:text-m lg:text-l font-serif group-[.font-sans]:font-sans \">\n    Leon Goretzka (ab 85. f\u00fcr Havertz): Wichtig, dass er kurz vor Schluss nach hinten eilte, um Adingra den Ball vom Fu\u00df zu nehmen.\n  <\/p>\n<p class=\"mb-6 text-xs-varying md:text-m lg:text-l font-serif group-[.font-sans]:font-sans \">\n    Benotet werden Spieler, die mindestens 30 Minuten im Einsatz waren.\n  <\/p>\n","protected":false},"excerpt":{"rendered":"Manuel Neuer: Bislang scheint sich das mit seiner Aura noch nicht bis zu den Gegnern herumgesprochen zu haben.&hellip;\n","protected":false},"author":2,"featured_media":33444,"comment_status":"","ping_status":"","sticky":false,"template":"","format":"standard","meta":{"footnotes":"","_share_on_mastodon":"0"},"categories":[14],"tags":[13632,7952,125,1357,124,126,13631,1363,902,904,12717,13630],"class_list":["post-33443","post","type-post","status-publish","format-standard","has-post-thumbnail","category-elfenbeinkueste","tag-aleksandar-pavlovic","tag-ange-yoan-bonny","tag-cote-divoire","tag-einzelkritik","tag-elfenbeinkueste","tag-ivory-coast","tag-jonathan-tah","tag-joshua-kimmich","tag-julian-nagelsmann","tag-kai-havertz","tag-manuel-neuer","tag-spielernote"],"share_on_mastodon":{"url":"https:\/\/pubeurope.com\/@afrika\/116797267168123713","error":""},"_links":{"self":[{"href":"https:\/\/www.europesays.com\/afrika\/wp-json\/wp\/v2\/posts\/33443","targetHints":{"allow":["GET"]}}],"collection":[{"href":"https:\/\/www.europesays.com\/afrika\/wp-json\/wp\/v2\/posts"}],"about":[{"href":"https:\/\/www.europesays.com\/afrika\/wp-json\/wp\/v2\/types\/post"}],"author":[{"embeddable":true,"href":"https:\/\/www.europesays.com\/afrika\/wp-json\/wp\/v2\/users\/2"}],"replies":[{"embeddable":true,"href":"https:\/\/www.europesays.com\/afrika\/wp-json\/wp\/v2\/comments?post=33443"}],"version-history":[{"count":0,"href":"https:\/\/www.europesays.com\/afrika\/wp-json\/wp\/v2\/posts\/33443\/revisions"}],"wp:featuredmedia":[{"embeddable":true,"href":"https:\/\/www.europesays.com\/afrika\/wp-json\/wp\/v2\/media\/33444"}],"wp:attachment":[{"href":"https:\/\/www.europesays.com\/afrika\/wp-json\/wp\/v2\/media?parent=33443"}],"wp:term":[{"taxonomy":"category","embeddable":true,"href":"https:\/\/www.europesays.com\/afrika\/wp-json\/wp\/v2\/categories?post=33443"},{"taxonomy":"post_tag","embeddable":true,"href":"https:\/\/www.europesays.com\/afrika\/wp-json\/wp\/v2\/tags?post=33443"}],"curies":[{"name":"wp","href":"https:\/\/api.w.org\/{rel}","templated":true}]}}