{"id":34308,"date":"2026-06-24T14:54:26","date_gmt":"2026-06-24T14:54:26","guid":{"rendered":"https:\/\/www.europesays.com\/afrika\/34308\/"},"modified":"2026-06-24T14:54:26","modified_gmt":"2026-06-24T14:54:26","slug":"fussball-wm-heute-wann-spielen-curacao","status":"publish","type":"post","link":"https:\/\/www.europesays.com\/afrika\/34308\/","title":{"rendered":"Fu\u00dfball WM heute: Wann spielen Cura\u00e7ao"},"content":{"rendered":"<p class=\"toc_title\">Inhaltsverzeichnis &#8211; das findest du hier<\/p>\n<p><a href=\"https:\/\/www.fussballnationalmannschaft.net\/fussball-heute-wm-spielplan-25-6-123256184.html\" rel=\"nofollow noopener\" target=\"_blank\">Fu\u00dfball WM heute<\/a>: Wann spielen Cura\u00e7ao und Elfenbeink\u00fcste bei der WM 2026, wie sehen die voraussichtlichen Aufstellungen aus und wie steht es in der Tabelle? Am 3. und letzten Spieltag der Gruppe E trifft <a href=\"https:\/\/www.fussballnationalmannschaft.net\/spiel\/cura%c3%a7ao-elfenbeink%c3%bcste-2026-06-25\" rel=\"nofollow noopener\" target=\"_blank\">Cura\u00e7ao auf Elfenbeink\u00fcste<\/a>. Ansto\u00df im <a href=\"https:\/\/www.fussballnationalmannschaft.net\/fussballstadion\/philadelphia-lincoln-financial-field-wm-2026-stadion\" rel=\"nofollow noopener\" target=\"_blank\">Philadelphia Lincoln Financial Field<\/a> in Philadelphia ist am Donnerstag, 25. Juni 2026, um 22:00 Uhr MESZ (16:00 Uhr Ortszeit in Philadelphia). \u00dcbertragen wird das Spiel exklusiv bei <a href=\"https:\/\/www.fussballnationalmannschaft.net\/fussball-wm-2026\/fifa-wm-2026-bei-magentatv\" rel=\"nofollow noopener\" target=\"_blank\">MagentaTV<\/a> und damit nicht im Free-TV. Zeitgleich l\u00e4uft das Parallelspiel <a href=\"https:\/\/www.fussballnationalmannschaft.net\/spiel\/ecuador-deutschland-2026-06-25\" rel=\"nofollow noopener\" target=\"_blank\">Ecuador gegen Deutschland<\/a>, dessen Ausgang f\u00fcr die Tabelle der Gruppe E ebenso entscheidend ist.<\/p>\n<p><img fetchpriority=\"high\" decoding=\"async\" class=\"size-large wp-image-254567\" src=\"data:image\/svg+xml,%3Csvg%20xmlns=\" http:=\"\" alt=\"Die Spieler von Cura\u00e7ao, darunter der zum Spieler des Spiels gew\u00e4hlte Torwart Eloy Room, applaudieren nach dem 0:0 ihren Fans beim Gruppenspiel der Gruppe E zwischen Ecuador und Cura\u00e7ao bei der WM 2026 im Stadion von Kansas City am 20. Juni 2026 in Kansas City, Missouri. Michael Steele \/ Getty Images\" width=\"670\" height=\"446\" data-lazy- data-lazy- data-lazy-src=\"https:\/\/www.europesays.com\/afrika\/wp-content\/uploads\/2026\/06\/curacao-mannschaft-eloy-room-ecuador-wm-2026-670x446.jpg\"\/>Die Spieler von Cura\u00e7ao, darunter der zum Spieler des Spiels gew\u00e4hlte Torwart Eloy Room, applaudieren nach dem 0:0 ihren Fans beim Gruppenspiel der Gruppe E zwischen Ecuador und Cura\u00e7ao bei der WM 2026 im Stadion von Kansas City am 20. Juni 2026 in Kansas City, Missouri. Michael Steele \/ Getty Images<\/p>\n<p>Curacao \u2013 Elfenbeink\u00fcsteE<\/p>\n<p>Do 25.06. \u00b7 22:00 Uhr \u00b7 MagentaTV<\/p>\n<p>Weil am letzten Spieltag beide Partien der Gruppe E zeitgleich angepfiffen werden, lohnt stets der Blick aufs Parallelspiel. Hier kommen alle Infos zu Aufstellungen, Tabelle, Schl\u00fcsselspielern und \u00dcbertragung.<\/p>\n<p>Ausgangslage: Cura\u00e7ao gegen Elfenbeink\u00fcste am letzten Spieltag der Gruppe E<\/p>\n<p>Im Parallelspiel zu Ecuador gegen Deutschland k\u00e4mpfen Cura\u00e7ao und die Elfenbeink\u00fcste um den zweiten Sechzehntelfinalplatz der Gruppe E. Die Elfenbeink\u00fcste hat nach dem 1:0 gegen Ecuador und der knappen 1:2-Niederlage gegen Deutschland mit drei Punkten die besseren Karten und ist bei einem Sieg oder Remis sicher Gruppenzweiter. Cura\u00e7ao, mit rund 150.000 Einwohnern der kleinste WM-Teilnehmer der Geschichte, hat mit dem \u00fcberraschenden 0:0 gegen Ecuador bereits f\u00fcr eine Sensation gesorgt und mischt mit einem Punkt weiter mit, braucht f\u00fcr den Sprung in die K.o.-Runde aber wohl einen Sieg. Beide Gruppe-E-Spiele werden zeitgleich um 22:00 Uhr MESZ angepfiffen, weshalb der Blick stets auch dem Parallelspiel gilt.<\/p>\n<p>Cura\u00e7ao gegen Elfenbeink\u00fcste: Die voraussichtlichen Aufstellungen<\/p>\n<p>Cura\u00e7ao: Room \u2013 Gaari, Obispo, Floranus \u2013 Brenet, Fonville \u2013 Comenencia, L. Bacuna \u2013 Chong, J. Bacuna \u2013 Locadia. Trainer: Dick Advocaat.<\/p>\n<p>Dieses Fu\u00dfball-Video k\u00f6nnte dich interessieren:<\/p>\n<p>Ersatzbank Cura\u00e7ao: Bodak, Doornbusch, Bazoer, Noslin, Sambo, van Eijma, Felida, Martha, Roemeratoe, Antonisse, Gorr\u00e9, Hansen, Kastaneer, Kuwas, Margaritha.<\/p>\n<p>Zum Spiel: Nach dem 0:0 gegen Ecuador h\u00e4lt Trainer Dick Advocaat voraussichtlich an der F\u00fcnferkette mit Obispo im Zentrum fest.<\/p>\n<p>Elfenbeink\u00fcste: Y. Fofana \u2013 G. Dou\u00e9, Kossounou, Agbadou, Konan \u2013 I. Sangar\u00e9 \u2013 Kessi\u00e9, Inao Oulai \u2013 Amad, Y. Diomande \u2013 Bonny. Trainer: Emerse Fa\u00e9.<\/p>\n<p>Ersatzbank Elfenbeink\u00fcste: Kon\u00e9, Lafont, O. Diomande, Ndicka, Operi, S. Fofana, Guiagon, Seri, Adingra, Diakit\u00e9, Guessand, Pep\u00e9, Tour\u00e9, Wahi.<\/p>\n<p>Es fehlt: Singo (Oberschenkelverletzung). Zum Spiel: F\u00fcr den verletzten Singo r\u00fcckt Dou\u00e9 rechts in die Viererabwehrkette, ist Ndicka fit, k\u00f6nnte er statt Agbadou zentral verteidigen.<\/p>\n<p>WM 2026 Tabelle der Gruppe E<\/p>\n<p>So steht es vor dem letzten Spieltag in der <a href=\"https:\/\/www.fussballnationalmannschaft.net\/fussball-wm-2026\/wm-2026-gruppen\/wm-2026-gruppe-e-spielplan-tabelle\" rel=\"nofollow noopener\" target=\"_blank\">WM 2026 Gruppe E<\/a>. Alle aktuellen WM-Tabellen und die Antwort auf die Frage, wer ins <a href=\"https:\/\/www.fussballnationalmannschaft.net\/fussball-wm-2026\/wm-2026-sechzehntelfinale-spielplan-termine-anstosszeiten\" rel=\"nofollow noopener\" target=\"_blank\">Sechzehntelfinale<\/a> weiterkommt, findest du in unserer \u00dcbersicht <a href=\"https:\/\/www.fussballnationalmannschaft.net\/fifa-wm-2026-wm-tabellen-4-123254089.html\" rel=\"nofollow noopener\" target=\"_blank\">FIFA WM 2026: aktuelle Tabellen<\/a>:<\/p>\n<p>\n\t\t\t\t\t#\n\t\t\t\t<\/p>\n<p>\n\t\t\t\t\tTeam\t\t\t\t<\/p>\n<p>\n\t\t\t\t\t\tB\t\t\t\t\t<\/p>\n<p>\n\t\t\t\t\t\tS\t\t\t\t\t<\/p>\n<p>\n\t\t\t\t\t\tU\t\t\t\t\t<\/p>\n<p>\n\t\t\t\t\t\tN\t\t\t\t\t<\/p>\n<p>\n\t\t\t\t\t\tTore\t\t\t\t\t<\/p>\n<p>\n\t\t\t\t\t\tGT\t\t\t\t\t<\/p>\n<p>\n\t\t\t\t\t\tTD\t\t\t\t\t<\/p>\n<p>\n\t\t\t\t\t\tPkt.\t\t\t\t\t<\/p>\n<p>\n\t\t\t\t\t\t1\t\t\t\t\t\t\t\t\t\t\t<\/p>\n<p>\t\t\t\t\t\t\t\t\t\t\t\t\t<img loading=\"lazy\" decoding=\"async\" width=\"25\" height=\"25\" class=\"anwp-object-contain mr-2 anwp-w-25 anwp-h-25\" src=\"data:image\/svg+xml,%3Csvg%20xmlns=\" http:=\"\" alt=\"Deutschland\" data-lazy-src=\"https:\/\/www.europesays.com\/afrika\/wp-content\/uploads\/2026\/06\/25.png\"\/><\/p>\n<p>\n\t\t\t\t\t\t\t\t\t\t\t\t\t\t\t2\t\t\t\t\t\t\t\t\t\t\t\t\t<\/p>\n<p>\n\t\t\t\t\t\t\t\t\t\t\t\t\t\t\t0\t\t\t\t\t\t\t\t\t\t\t\t\t<\/p>\n<p>\n\t\t\t\t\t\t\t\t\t\t\t\t\t\t\t0\t\t\t\t\t\t\t\t\t\t\t\t\t<\/p>\n<p>\n\t\t\t\t\t\t\t\t\t\t\t\t\t\t\t9\t\t\t\t\t\t\t\t\t\t\t\t\t<\/p>\n<p>\n\t\t\t\t\t\t\t\t\t\t\t\t\t\t\t2\t\t\t\t\t\t\t\t\t\t\t\t\t<\/p>\n<p>\n\t\t\t\t\t\t\t\t\t\t\t\t\t\t\t7\t\t\t\t\t\t\t\t\t\t\t\t\t<\/p>\n<p>\n\t\t\t\t\t\t\t\t\t\t\t\t\t\t\t6\t\t\t\t\t\t\t\t\t\t\t\t\t<\/p>\n<p>\n\t\t\t\t\t\t2\t\t\t\t\t\t\t\t\t\t\t<\/p>\n<p>\t\t\t\t\t\t\t\t\t\t\t\t\t<img loading=\"lazy\" decoding=\"async\" width=\"25\" height=\"25\" class=\"anwp-object-contain mr-2 anwp-w-25 anwp-h-25\" src=\"data:image\/svg+xml,%3Csvg%20xmlns=\" http:=\"\" alt=\"Elfenbeink\u00fcste\" data-lazy-src=\"https:\/\/www.europesays.com\/afrika\/wp-content\/uploads\/2026\/04\/1501-1.png\"\/><\/p>\n<p>\n\t\t\t\t\t\t\t\t\t\t\t\t\t\t\t1\t\t\t\t\t\t\t\t\t\t\t\t\t<\/p>\n<p>\n\t\t\t\t\t\t\t\t\t\t\t\t\t\t\t0\t\t\t\t\t\t\t\t\t\t\t\t\t<\/p>\n<p>\n\t\t\t\t\t\t\t\t\t\t\t\t\t\t\t1\t\t\t\t\t\t\t\t\t\t\t\t\t<\/p>\n<p>\n\t\t\t\t\t\t\t\t\t\t\t\t\t\t\t2\t\t\t\t\t\t\t\t\t\t\t\t\t<\/p>\n<p>\n\t\t\t\t\t\t\t\t\t\t\t\t\t\t\t2\t\t\t\t\t\t\t\t\t\t\t\t\t<\/p>\n<p>\n\t\t\t\t\t\t\t\t\t\t\t\t\t\t\t0\t\t\t\t\t\t\t\t\t\t\t\t\t<\/p>\n<p>\n\t\t\t\t\t\t\t\t\t\t\t\t\t\t\t3\t\t\t\t\t\t\t\t\t\t\t\t\t<\/p>\n<p>\n\t\t\t\t\t\t3<br \/>\n\t\t\t\t\t\t\t\u25b2\n\t\t\t\t\t\t\t\t\t\t\t<\/p>\n<p>\t\t\t\t\t\t\t\t\t\t\t\t\t<img loading=\"lazy\" decoding=\"async\" width=\"25\" height=\"25\" class=\"anwp-object-contain mr-2 anwp-w-25 anwp-h-25\" src=\"data:image\/svg+xml,%3Csvg%20xmlns=\" http:=\"\" alt=\"Ecuador\" data-lazy-src=\"https:\/\/www.europesays.com\/afrika\/wp-content\/uploads\/2026\/06\/2382-6.png\"\/><\/p>\n<p>\n\t\t\t\t\t\t\t\t\t\t\t\t\t\t\t0\t\t\t\t\t\t\t\t\t\t\t\t\t<\/p>\n<p>\n\t\t\t\t\t\t\t\t\t\t\t\t\t\t\t1\t\t\t\t\t\t\t\t\t\t\t\t\t<\/p>\n<p>\n\t\t\t\t\t\t\t\t\t\t\t\t\t\t\t1\t\t\t\t\t\t\t\t\t\t\t\t\t<\/p>\n<p>\n\t\t\t\t\t\t\t\t\t\t\t\t\t\t\t0\t\t\t\t\t\t\t\t\t\t\t\t\t<\/p>\n<p>\n\t\t\t\t\t\t\t\t\t\t\t\t\t\t\t1\t\t\t\t\t\t\t\t\t\t\t\t\t<\/p>\n<p>\n\t\t\t\t\t\t\t\t\t\t\t\t\t\t\t-1\t\t\t\t\t\t\t\t\t\t\t\t\t<\/p>\n<p>\n\t\t\t\t\t\t\t\t\t\t\t\t\t\t\t1\t\t\t\t\t\t\t\t\t\t\t\t\t<\/p>\n<p>\n\t\t\t\t\t\t4<br \/>\n\t\t\t\t\t\t\t\u25bc\n\t\t\t\t\t\t\t\t\t\t\t<\/p>\n<p>\t\t\t\t\t\t\t\t\t\t\t\t\t<img loading=\"lazy\" decoding=\"async\" width=\"25\" height=\"25\" class=\"anwp-object-contain mr-2 anwp-w-25 anwp-h-25\" src=\"data:image\/svg+xml,%3Csvg%20xmlns=\" http:=\"\" alt=\"Cura\u00e7ao\" data-lazy-src=\"https:\/\/www.europesays.com\/afrika\/wp-content\/uploads\/2026\/06\/5530.png\"\/><\/p>\n<p>\n\t\t\t\t\t\t\t\t\t\t\t\t\t\t\t0\t\t\t\t\t\t\t\t\t\t\t\t\t<\/p>\n<p>\n\t\t\t\t\t\t\t\t\t\t\t\t\t\t\t1\t\t\t\t\t\t\t\t\t\t\t\t\t<\/p>\n<p>\n\t\t\t\t\t\t\t\t\t\t\t\t\t\t\t1\t\t\t\t\t\t\t\t\t\t\t\t\t<\/p>\n<p>\n\t\t\t\t\t\t\t\t\t\t\t\t\t\t\t1\t\t\t\t\t\t\t\t\t\t\t\t\t<\/p>\n<p>\n\t\t\t\t\t\t\t\t\t\t\t\t\t\t\t7\t\t\t\t\t\t\t\t\t\t\t\t\t<\/p>\n<p>\n\t\t\t\t\t\t\t\t\t\t\t\t\t\t\t-6\t\t\t\t\t\t\t\t\t\t\t\t\t<\/p>\n<p>\n\t\t\t\t\t\t\t\t\t\t\t\t\t\t\t1\t\t\t\t\t\t\t\t\t\t\t\t\t<\/p>\n<p>Cura\u00e7ao gegen Elfenbeink\u00fcste: Worum es geht<\/p>\n<p>Es ist ein Duell der Gegens\u00e4tze: Hier der Karibik-Inselstaat Cura\u00e7ao, der unter dem 78-j\u00e4hrigen Routinier Dick Advocaat als Sensationsteam des Turniers gefeiert wird und voraussichtlich an seiner kompakten F\u00fcnferkette mit Cuco Martina und Co. festh\u00e4lt. Dort die Elfenbeink\u00fcste, der Afrika-Experte Gernot Rohr bei dieser WM \u201egro\u00dfe \u00dcberraschungen\u201c zutraut und die unter Afrika-Cup-Sieger Emerse Fa\u00e9 in die Runde der besten 32 will. F\u00fcr den verletzten Wilfried Singo (Oberschenkel) r\u00fcckt Gu\u00e9la Dou\u00e9 in die Abwehr, bei Fitness k\u00f6nnte Evan Ndicka zentral verteidigen.<\/p>\n<p><img loading=\"lazy\" decoding=\"async\" class=\"size-large wp-image-254391\" src=\"data:image\/svg+xml,%3Csvg%20xmlns=\" http:=\"\" alt=\"Joshua Kimmich (r.) behauptet den Ball gegen Yan Diomande (Elfenbeink\u00fcste) im WM-2026-Gruppenspiel der Gruppe E zwischen Deutschland und der Elfenbeink\u00fcste am 20. Juni 2026 im Toronto Stadium. (Alexander Hassenstein \/ Getty Images)\" width=\"670\" height=\"465\" data-lazy- data-lazy- data-lazy-src=\"https:\/\/www.europesays.com\/afrika\/wp-content\/uploads\/2026\/06\/joshua-kimmich-deutschland-yan-diomande-elfenbeinkueste-toronto-wm-2026-670x465.jpg\"\/>Joshua Kimmich (r.) behauptet den Ball gegen Yan Diomande (Elfenbeink\u00fcste) im WM-2026-Gruppenspiel der Gruppe E zwischen Deutschland und der Elfenbeink\u00fcste am 20. Juni 2026 im Toronto Stadium. (Alexander Hassenstein \/ Getty Images)<br \/>\nDie Schl\u00fcsselspieler bei Cura\u00e7ao gegen Elfenbeink\u00fcste<\/p>\n<p>Die Elfenbeink\u00fcste (FIFA-Platz 33) unter Trainer Emerse Fa\u00e9 hat die individuell st\u00e4rkere Mannschaft. Im Mittelfeld f\u00fchrt <a href=\"https:\/\/www.fussballnationalmannschaft.net\/spieler\/f-kessie-4\" rel=\"nofollow noopener\" target=\"_blank\">Franck Kessi\u00e9<\/a> Regie, \u00fcber die Fl\u00fcgel kommen <a href=\"https:\/\/www.fussballnationalmannschaft.net\/spieler\/n-pepe-4\" rel=\"nofollow noopener\" target=\"_blank\">Nicolas P\u00e9p\u00e9<\/a> und <a href=\"https:\/\/www.fussballnationalmannschaft.net\/spieler\/simon-adingra\" rel=\"nofollow noopener\" target=\"_blank\">Simon Adingra<\/a>, in der Abwehr ist <a href=\"https:\/\/www.fussballnationalmannschaft.net\/spieler\/evan-ndicka\" rel=\"nofollow noopener\" target=\"_blank\">Evan Ndicka<\/a> der R\u00fcckhalt.<\/p>\n<p>Cura\u00e7ao (FIFA-Platz 82) unter Trainer Dick Advocaat lebt vom Kollektiv und von Spielern mit niederl\u00e4ndischer Ausbildung. Torh\u00fcter Eloy Room hielt sein Team gegen Ecuador mit starken Paraden im Spiel, davor sorgen die Bacuna-Br\u00fcder und St\u00fcrmer J\u00fcrgen Locadia f\u00fcr die Offensive des Au\u00dfenseiters.<\/p>\n<p>Wo wird Cura\u00e7ao gegen Elfenbeink\u00fcste gespielt?<\/p>\n<p>Gespielt wird im <a href=\"https:\/\/www.fussballnationalmannschaft.net\/fussballstadion\/philadelphia-lincoln-financial-field-wm-2026-stadion\" rel=\"nofollow noopener\" target=\"_blank\">Lincoln Financial Field<\/a> in Philadelphia, der Heimat der Philadelphia Eagles. Die rund 69.000 Zuschauer fassende Arena ist eine der stimmungsvollsten der NFL und bietet f\u00fcr das Gruppenfinale der Gruppe E die passende B\u00fchne.<\/p>\n<p>Wer \u00fcbertr\u00e4gt Cura\u00e7ao gegen Elfenbeink\u00fcste live im TV und Stream?<\/p>\n<p>Cura\u00e7ao gegen Elfenbeink\u00fcste l\u00e4uft exklusiv bei <a href=\"https:\/\/www.fussballnationalmannschaft.net\/fussball-wm-2026\/fifa-wm-2026-bei-magentatv\" rel=\"nofollow noopener\" target=\"_blank\">MagentaTV<\/a> und ist nicht im Free-TV zu sehen. MagentaTV \u00fcbertr\u00e4gt alle 104 Spiele der WM 2026 live und in UHD\/4K, 44 davon exklusiv. Den Livestream gibt es in der MagentaTV App, wer Cura\u00e7ao gegen Elfenbeink\u00fcste sehen will, kommt an MagentaTV also nicht vorbei.<\/p>\n<p>MagentaTV Flex gibt es ab 11 Euro im Monat und ist monatlich k\u00fcndbar, alle WM-Spiele sind in jedem Tarif enthalten. Rechtzeitig vor Anpfiff einfach hier <a href=\"https:\/\/www.fussballnationalmannschaft.net\/MagentaTV2026\" rel=\"nofollow noopener\" target=\"_blank\">MagentaTV zur WM 2026 buchen<\/a>.<\/p>\n<p>FAQ zum Spiel Cura\u00e7ao gegen Elfenbeink\u00fcste<br \/>\nWann spielen Cura\u00e7ao und Elfenbeink\u00fcste bei der WM 2026?<\/p>\n<p>Ansto\u00df ist am Donnerstag, 25. Juni 2026, um 22:00 Uhr MESZ (16:00 Uhr Ortszeit in Philadelphia), im Philadelphia Lincoln Financial Field in Philadelphia.<\/p>\n<p>Wer \u00fcbertr\u00e4gt Cura\u00e7ao gegen Elfenbeink\u00fcste live im TV?<\/p>\n<p>Cura\u00e7ao gegen Elfenbeink\u00fcste l\u00e4uft exklusiv bei <a href=\"https:\/\/www.fussballnationalmannschaft.net\/fussball-wm-2026\/fifa-wm-2026-bei-magentatv\" rel=\"nofollow noopener\" target=\"_blank\">MagentaTV<\/a> und damit nicht im Free-TV.<\/p>\n<p>Worum geht es im Spiel Cura\u00e7ao gegen Elfenbeink\u00fcste?<\/p>\n<p>Es ist der dritte und letzte Spieltag der Gruppe E, beide Spiele der Gruppe laufen parallel. Auf dem Papier ist Elfenbeink\u00fcste favorisiert.<\/p>\n<p>Diese Artikel k\u00f6nnten dich auch interessieren:<\/p>\n","protected":false},"excerpt":{"rendered":"Inhaltsverzeichnis &#8211; das findest du hier Fu\u00dfball WM heute: Wann spielen Cura\u00e7ao und Elfenbeink\u00fcste bei der WM 2026,&hellip;\n","protected":false},"author":2,"featured_media":34309,"comment_status":"","ping_status":"","sticky":false,"template":"","format":"standard","meta":{"footnotes":"","_share_on_mastodon":"0"},"categories":[14],"tags":[12344,125,13900,1513,13901,158,1512,124,2911,12570,2299,126,6502,154,2301],"class_list":["post-34308","post","type-post","status-publish","format-standard","has-post-thumbnail","category-elfenbeinkueste","tag-aufstellungen","tag-cote-divoire","tag-cur-civ","tag-curacao","tag-cuw-civ","tag-deutschland","tag-ecuador","tag-elfenbeinkueste","tag-fifa","tag-fussball-wm-heute","tag-heute","tag-ivory-coast","tag-magentatv","tag-wm-2026","tag-wm-gruppe-e"],"share_on_mastodon":{"url":"https:\/\/pubeurope.com\/@afrika\/116805662296834643","error":""},"_links":{"self":[{"href":"https:\/\/www.europesays.com\/afrika\/wp-json\/wp\/v2\/posts\/34308","targetHints":{"allow":["GET"]}}],"collection":[{"href":"https:\/\/www.europesays.com\/afrika\/wp-json\/wp\/v2\/posts"}],"about":[{"href":"https:\/\/www.europesays.com\/afrika\/wp-json\/wp\/v2\/types\/post"}],"author":[{"embeddable":true,"href":"https:\/\/www.europesays.com\/afrika\/wp-json\/wp\/v2\/users\/2"}],"replies":[{"embeddable":true,"href":"https:\/\/www.europesays.com\/afrika\/wp-json\/wp\/v2\/comments?post=34308"}],"version-history":[{"count":0,"href":"https:\/\/www.europesays.com\/afrika\/wp-json\/wp\/v2\/posts\/34308\/revisions"}],"wp:featuredmedia":[{"embeddable":true,"href":"https:\/\/www.europesays.com\/afrika\/wp-json\/wp\/v2\/media\/34309"}],"wp:attachment":[{"href":"https:\/\/www.europesays.com\/afrika\/wp-json\/wp\/v2\/media?parent=34308"}],"wp:term":[{"taxonomy":"category","embeddable":true,"href":"https:\/\/www.europesays.com\/afrika\/wp-json\/wp\/v2\/categories?post=34308"},{"taxonomy":"post_tag","embeddable":true,"href":"https:\/\/www.europesays.com\/afrika\/wp-json\/wp\/v2\/tags?post=34308"}],"curies":[{"name":"wp","href":"https:\/\/api.w.org\/{rel}","templated":true}]}}