{"id":34537,"date":"2026-06-25T02:56:29","date_gmt":"2026-06-25T02:56:29","guid":{"rendered":"https:\/\/www.europesays.com\/afrika\/34537\/"},"modified":"2026-06-25T02:56:29","modified_gmt":"2026-06-25T02:56:29","slug":"fussball-wm-munoz-ueberwindet-mpasi-doch-noch-kolumbien-steht-vorzeitig-im-sechzehntelfinale-sport","status":"publish","type":"post","link":"https:\/\/www.europesays.com\/afrika\/34537\/","title":{"rendered":"Fu\u00dfball-WM &#8211; Munoz \u00fcberwindet Mpasi doch noch: Kolumbien steht vorzeitig im Sechzehntelfinale &#8211; Sport"},"content":{"rendered":"<p>DR Kongo offensiv harmlos<\/p>\n<p data-manual=\"paragraph\" data-schema-org-speakable=\"true\" class=\"css-1eosz7k\">Mit zwei Erfolgserlebnissen begann f\u00fcr <a href=\"https:\/\/www.sueddeutsche.de\/thema\/Kolumbien\" rel=\"nofollow noopener\" target=\"_blank\">Kolumbien<\/a> und die <a href=\"https:\/\/www.sueddeutsche.de\/thema\/DR_Kongo\" rel=\"nofollow noopener\" target=\"_blank\">DR Kongo<\/a> die WM: W\u00e4hrend die S\u00fcdamerikaner allen voran dank Torsch\u00fctze und Vorbereiter Luis Diaz mit einem 3:1 gegen Usbekistan ins Gro\u00dfereignis starteten, setzten die Leoparden ein Ausrufezeichen gegen einen Mitfavoriten. Cristiano Ronaldo und Portugal trotzen die Zentralafrikaner ein 1:1 ab &#8211; der erste eigene Treffer und Punkt bei der zweiten WM-Teilnahme.<\/p>\n<p data-manual=\"paragraph\" data-schema-org-speakable=\"true\" class=\"css-1eosz7k\">Dementsprechend verzichteten sowohl Kolumbiens Trainer Nestor Lorenzo als auch sein Kollege an der Seitenlinie der Kongolesen, Sebastien Desabre, auf Ver\u00e4nderungen in ihren Startformationen. In Guadalajara, das fest in der Hand der zahlreich mitgereisten kolumbianischen Fans war, spielten zu Beginn nur die Kolumbianer. In den ersten 20 Minuten lieferten sich La Tricolor allen voran ein Privatduell mit Keeper Mpasi.<\/p>\n<p data-manual=\"paragraph\" data-schema-org-speakable=\"true\" class=\"css-1eosz7k\">Bereits nach vier Minuten setzte <a href=\"https:\/\/www.sueddeutsche.de\/thema\/Munoz\" rel=\"nofollow noopener\" target=\"_blank\">Munoz<\/a> nach einer starken Parade des 31-J\u00e4hrigen den Abpraller nur ans Au\u00dfennetz (4.), ehe der Au\u00dfenverteidiger dann bei seinem vermeintlichen Treffer im Abseits stand (6.). Und auch in der Folge wurde Mpasi flei\u00dfig warmgeschossen: Auch James (11.), der mit seinem zehnten Einsatz zum geteilten WM-Rekordspieler wurde, Luis Diaz (16.) und Puerta verzweifelten am Keeper (19.).<\/p>\n<p data-manual=\"paragraph\" data-schema-org-speakable=\"true\" class=\"css-1eosz7k\">Die F\u00fchrung f\u00fcr La Tricolor schien nur eine Frage der Zeit &#8211; nach der Trinkpause sollten die bis dato dominanten Kolumbianer allerdings ihren Faden verlieren. Die DR Kongo verteidigte nun engmaschig mit einer Vierer- vor einer F\u00fcnferkette und traute sich mit laufender Spieldauer aus dieser Ordnung auch vereinzelt aus seinem Schneckenhaus &#8211; allerdings ohne dabei zu nennenswerten Chancen zu kommen. Einzig als Bakambu eine Halbfeldflanke nur um Zentimeter verpasste (43.), wurde es latent gef\u00e4hrlich. So ging es mit einem torlosen Remis in die Pause.<\/p>\n<p>Munoz erl\u00f6st Kolumbien<\/p>\n<p data-manual=\"paragraph\" data-schema-org-speakable=\"true\" class=\"css-1eosz7k\">Wie die erste H\u00e4lfte startete schlie\u00dflich die zweite: Luis Diaz scheiterte an der n\u00e4chsten grandiosen Parade von Mpasi, ehe im Anschluss Arias den rechten Pfosten hauchzart verfehlte (50.). Ansonsten sollte es jedoch ein zerfahrenes Spiel bleiben, bei dem immer wieder kleine Fouls den Spielfluss unterbrachen.<\/p>\n<p data-manual=\"paragraph\" data-schema-org-speakable=\"true\" class=\"css-1eosz7k\">So dauerte es bis zur 76. Minute, bis der aktive Rechtsverteidiger Munoz die Kolumbianer erl\u00f6ste. Unhaltbar abgef\u00e4lscht traf er ins rechte untere Eck. Trotz Vorsprung waren es weiter die Kolumbianer, die das Spiel beherrschten. Luis Diaz&#8216; Treffer erhielten wegen eines Fouls (79.) und einer Abseitsstellung (81.) aber zu Recht keine Anerkennung. Deshalb blieb es bis in die Nachspielzeit spannend. In dieser durfte sich der kolumbianische Keeper Vargas gegen einen Distanzschuss von Mbuku auszeichnen (90.+1), dann stand ein verdienter 1:0-Sieg der Kolumbianer zu Buche.<\/p>\n<p data-manual=\"paragraph\" data-schema-org-speakable=\"true\" class=\"css-1eosz7k\">Damit qualifizieren sich die S\u00fcdamerikaner bereits vorzeitig f\u00fcr das Sechzehntelfinale und treffen in einem Spiel um den ersten Platz in Gruppe K am letzten Spieltag auf Portugal. Parallel dazu kann die DR Kongo in der Nacht zu Sonntag (1.30 Uhr MESZ) mit einem Sieg gegen Usbekistan h\u00f6chstwahrscheinlich ebenfalls das Ticket f\u00fcr die K.-o.-Runde buchen.<\/p>\n","protected":false},"excerpt":{"rendered":"DR Kongo offensiv harmlos Mit zwei Erfolgserlebnissen begann f\u00fcr Kolumbien und die DR Kongo die WM: W\u00e4hrend die&hellip;\n","protected":false},"author":2,"featured_media":34538,"comment_status":"","ping_status":"","sticky":false,"template":"","format":"standard","meta":{"footnotes":"","_share_on_mastodon":"0"},"categories":[17],"tags":[192,194,190,188,193,191,462,461,152,898,13147,4598,13032,189,13852,412,284,1192],"class_list":["post-34537","post","type-post","status-publish","format-standard","has-post-thumbnail","category-demokratische-republik-kongo","tag-dem-rep-kongo","tag-democratic-republic-of-the-congo","tag-demokratische-republik","tag-demokratische-republik-kongo","tag-dr-congo","tag-dr-kongo","tag-drc","tag-drk","tag-fussball","tag-fussball-wm","tag-kicker-wm-2026","tag-kolumbien","tag-kolumbien-dr-kongo","tag-kongo","tag-munoz","tag-sport","tag-sueddeutsche-zeitung","tag-weltmeisterschaft"],"share_on_mastodon":{"url":"https:\/\/pubeurope.com\/@afrika\/116808501327562717","error":""},"_links":{"self":[{"href":"https:\/\/www.europesays.com\/afrika\/wp-json\/wp\/v2\/posts\/34537","targetHints":{"allow":["GET"]}}],"collection":[{"href":"https:\/\/www.europesays.com\/afrika\/wp-json\/wp\/v2\/posts"}],"about":[{"href":"https:\/\/www.europesays.com\/afrika\/wp-json\/wp\/v2\/types\/post"}],"author":[{"embeddable":true,"href":"https:\/\/www.europesays.com\/afrika\/wp-json\/wp\/v2\/users\/2"}],"replies":[{"embeddable":true,"href":"https:\/\/www.europesays.com\/afrika\/wp-json\/wp\/v2\/comments?post=34537"}],"version-history":[{"count":0,"href":"https:\/\/www.europesays.com\/afrika\/wp-json\/wp\/v2\/posts\/34537\/revisions"}],"wp:featuredmedia":[{"embeddable":true,"href":"https:\/\/www.europesays.com\/afrika\/wp-json\/wp\/v2\/media\/34538"}],"wp:attachment":[{"href":"https:\/\/www.europesays.com\/afrika\/wp-json\/wp\/v2\/media?parent=34537"}],"wp:term":[{"taxonomy":"category","embeddable":true,"href":"https:\/\/www.europesays.com\/afrika\/wp-json\/wp\/v2\/categories?post=34537"},{"taxonomy":"post_tag","embeddable":true,"href":"https:\/\/www.europesays.com\/afrika\/wp-json\/wp\/v2\/tags?post=34537"}],"curies":[{"name":"wp","href":"https:\/\/api.w.org\/{rel}","templated":true}]}}