{"id":34827,"date":"2026-06-25T14:03:10","date_gmt":"2026-06-25T14:03:10","guid":{"rendered":"https:\/\/www.europesays.com\/afrika\/34827\/"},"modified":"2026-06-25T14:03:10","modified_gmt":"2026-06-25T14:03:10","slug":"so-denkt-man-in-algerien-ueber-oesterreichs-nationalteam","status":"publish","type":"post","link":"https:\/\/www.europesays.com\/afrika\/34827\/","title":{"rendered":"So denkt man in Algerien \u00fcber \u00d6sterreichs Nationalteam"},"content":{"rendered":"<p>Sogar eine direkte Verbindung gibt es: Der Vater von England-Legion\u00e4r Mohamed Belloumi, Lakhdar, stand vor 44 Jahren \u00fcber 66 Minuten gegen Prohaska, Krankl und Konsorten auf dem Platz.<\/p>\n<p>Welchen Namen verbindet Mezahi aus heutiger Sicht am meisten mit dem \u00d6FB-Team? Marko Arnautovic, lautet die Antwort, ohne zu z\u00f6gern. Auch von Ralf Rangnick h\u00e4lt er angesichts seiner tiefen Einfl\u00fcsse auf den modernen Fu\u00dfball viel.<\/p>\n<p>Unromantische Voraussetzungen<\/p>\n<p>Wer in \u00d6sterreich angesichts hoher Reisekosten und unwirtlicher Ansto\u00dfzeiten \u00fcber die Weltmeisterschaft 2026 klagt, wei\u00df vielleicht gar nicht, wie viel schlimmer es sein k\u00f6nnte.<\/p>\n<p>In der Heimat gebliebene \u00d6FB-Fans mussten gegen Jordanien (6 Uhr) zwar fr\u00fch aufstehen, bekamen das zweite Gruppenspiel gegen Argentinien aber immerhin zur besten Sendezeit (19 Uhr) serviert.<\/p>\n<p>Algerien hat mangels Sommerzeit eine Stunde R\u00fcckstand auf \u00d6sterreich, dazu kommt aber auch ein undankbarer Spielplan. Die ersten beiden Gruppenspiele gingen &#8211; wie die Partie gegen \u00d6sterreich um 4 Uhr &#8211; tief in der Nacht \u00fcber die B\u00fchne.<\/p>\n<p>Auch der Support in den Staaten wird Fans der &#8218;Fennecs&#8216; nicht leicht gemacht. F\u00fcr ein US-Tourismusvisum m\u00fcssen in Algerien 10.000 Dollar als Sicherheit hinterlegt werden.<\/p>\n<p>&#8222;Ich habe mich bei der Botschaft erkundigt. Allzu viele Leute, die sich darauf eingelassen haben, d\u00fcrfte es nicht geben&#8220;, sagt Mezahi. Im Stadion werden sich vor allem jene mit bereits bestehenden Einreisegenehmigungen und Mitglieder der Diaspora finden.<\/p>\n<p>Vergleich mit Deutschland<\/p>\n<p>Auf die Wahrnehmung von \u00d6sterreichs sportlicher und taktischer Identit\u00e4t angesprochen, gibt es eine ehrliche Antwort, die ein bisschen schmerzen k\u00f6nnte.<\/p>\n<p>&#8222;\u00d6sterreich wird gerne mit Deutschland gleichgesetzt, wie eine Art B-Team. Das ist aber wirklich nicht so respektlos gemeint, wie es vielleicht im ersten Moment wirkt. Es ist eher wie ein Stereotyp, weil es doch viele sportliche Verbindungen gibt&#8220;, erkl\u00e4rt Mezahi, der es wirklich nicht b\u00f6se meint.<\/p>\n","protected":false},"excerpt":{"rendered":"Sogar eine direkte Verbindung gibt es: Der Vater von England-Legion\u00e4r Mohamed Belloumi, Lakhdar, stand vor 44 Jahren \u00fcber&hellip;\n","protected":false},"author":2,"featured_media":34828,"comment_status":"","ping_status":"","sticky":false,"template":"","format":"standard","meta":{"footnotes":"","_share_on_mastodon":"0"},"categories":[9],"tags":[93,92,14059,10468,14058,2083,10483,10720,10759,10497,10610,9791,10328,11713,5590],"class_list":["post-34827","post","type-post","status-publish","format-standard","has-post-thumbnail","category-algerien","tag-algeria","tag-algerien","tag-daniel-sauer","tag-david-alaba","tag-fifa-wm-1982","tag-fifa-wm-2026","tag-ibrahim-maza","tag-konrad-laimer","tag-marko-arnautovic","tag-nationalteam","tag-oefb","tag-ralf-rangnick","tag-riyad-mahrez","tag-schande-von-gijon","tag-vladimir-petkovic"],"share_on_mastodon":{"url":"https:\/\/pubeurope.com\/@afrika\/116811124086165631","error":""},"_links":{"self":[{"href":"https:\/\/www.europesays.com\/afrika\/wp-json\/wp\/v2\/posts\/34827","targetHints":{"allow":["GET"]}}],"collection":[{"href":"https:\/\/www.europesays.com\/afrika\/wp-json\/wp\/v2\/posts"}],"about":[{"href":"https:\/\/www.europesays.com\/afrika\/wp-json\/wp\/v2\/types\/post"}],"author":[{"embeddable":true,"href":"https:\/\/www.europesays.com\/afrika\/wp-json\/wp\/v2\/users\/2"}],"replies":[{"embeddable":true,"href":"https:\/\/www.europesays.com\/afrika\/wp-json\/wp\/v2\/comments?post=34827"}],"version-history":[{"count":0,"href":"https:\/\/www.europesays.com\/afrika\/wp-json\/wp\/v2\/posts\/34827\/revisions"}],"wp:featuredmedia":[{"embeddable":true,"href":"https:\/\/www.europesays.com\/afrika\/wp-json\/wp\/v2\/media\/34828"}],"wp:attachment":[{"href":"https:\/\/www.europesays.com\/afrika\/wp-json\/wp\/v2\/media?parent=34827"}],"wp:term":[{"taxonomy":"category","embeddable":true,"href":"https:\/\/www.europesays.com\/afrika\/wp-json\/wp\/v2\/categories?post=34827"},{"taxonomy":"post_tag","embeddable":true,"href":"https:\/\/www.europesays.com\/afrika\/wp-json\/wp\/v2\/tags?post=34827"}],"curies":[{"name":"wp","href":"https:\/\/api.w.org\/{rel}","templated":true}]}}