{"id":35052,"date":"2026-06-25T23:45:08","date_gmt":"2026-06-25T23:45:08","guid":{"rendered":"https:\/\/www.europesays.com\/afrika\/35052\/"},"modified":"2026-06-25T23:45:08","modified_gmt":"2026-06-25T23:45:08","slug":"humanitaere-hilfe-ist-kein-verbrechen-aktivisten-des-convoy-sumud-maghreb-erlangen-freiheit-nach-festnahme-in-libyen-el-ciudadano-2","status":"publish","type":"post","link":"https:\/\/www.europesays.com\/afrika\/35052\/","title":{"rendered":"\u00bbHumanit\u00e4re Hilfe ist kein Verbrechen\u00ab: Aktivisten des Convoy Sumud Maghreb erlangen Freiheit nach Festnahme in Libyen El Ciudadano"},"content":{"rendered":"<p data-parapraph=\"0\">Originalbeitrag: <a href=\"https:\/\/www.elciudadano.com\/mundo\/la-ayuda-humanitaria-no-es-delito-activistas-del-convoy-sumud-maghreb-recuperan-libertad-tras-retencion-en-libia\/06\/25\/\" target=\"_blank\" rel=\"nofollow noopener\">\u201cLa ayuda humanitaria no es delito\u201d: activistas del Convoy Sumud Maghreb recuperan libertad tras retenci\u00f3n en Libia<\/a><\/p>\n<p class=\"wp-block-paragraph\" data-parapraph=\"1\">In den letzten Stunden wurden die letzten 10 Aktivisten des Convoy Terrestre <a href=\"https:\/\/www.elciudadano.com\/?s=%20Sumud%20Maghreb\" title=\" Sumud Maghreb\" class=\"search-link\" rel=\"nofollow noopener\" target=\"_blank\">Sumud Maghreb<\/a>, die am 24. Mai in Bengasi festgehalten wurden, w\u00e4hrend sie mit humanit\u00e4rer Hilfe nach Gaza unterwegs waren, aus Ostlibyen abgeschoben und erlangten ihre Freiheit zur\u00fcck.<\/p>\n<p class=\"wp-block-paragraph\" data-parapraph=\"2\">Nach Informationen von Noticias de Am\u00e9rica Latina y el Caribe (NODAL) wurden \u201edie sechs Personen, die in Bengasi verweilten, in den letzten Stunden \u00fcber Istanbul abgeschoben\u201c, sodass die gesamte internationale Delegation des Convoy Terrestre Sumud Maghreb Libyen verlassen konnte.<\/p>\n<p class=\"wp-block-paragraph\" data-parapraph=\"3\">Zu den freigelassenen Aktivisten z\u00e4hlen die argentinischen B\u00fcrger Paula Gim\u00e9nez, Psychologin, und Lucas Aguilera, Tierarzt, beide Forschungsleiter von Nodal, die Teil des medizinischen Teams der zivilen und humanit\u00e4ren Missionshilfe f\u00fcr das pal\u00e4stinensische Volk waren.<\/p>\n<p class=\"wp-block-paragraph\" data-parapraph=\"4\">Ebenfalls erlangten die Spanierin Alicia Armesto, der tunesische Achraf Khoja, die Portugiesin Ana Margarida Fran\u00e7a Santana Baptista, die Italiener Domenico Centrone und Leonarda \u201eDina\u201c Alberizia, die US-Amerikanerin Jenelle Jones, der Uruguayer Mat\u00edas \u00c1lvarez und die Polin Laura Kwocza\u0142a-Alsubaih ihre Freiheit zur\u00fcck.<\/p>\n<p class=\"wp-block-paragraph\" data-parapraph=\"5\">Die Karawane, die aus 230 Teilnehmern aus 21 L\u00e4ndern bestand, transportierte Krankenwagen, Medikamente und mobile Unterk\u00fcnfte f\u00fcr die Bev\u00f6lkerung in Gaza. Sie begann ihre Reise in Tunesien, um dann durch Libyen und \u00c4gypten zu reisen, mit dem Ziel, den Grenz\u00fcbergang Rafah zu erreichen und somit in pal\u00e4stinensisches Gebiet einzutreten, um die israelische Blockade anzuprangern und humanit\u00e4re Hilfe zu leisten. Allerdings blockierten die Beh\u00f6rden in Ostlibyen den Zugang in ihre Region.<\/p>\n<p class=\"wp-block-paragraph\" data-parapraph=\"6\">Angesichts dieser Situation begab sich eine Delegation von zehn Mitgliedern der <a href=\"https:\/\/www.elciudadano.com\/especiales\/conflicto-en-gaza\/el-cerco-a-gaza-tambien-opera-por-tierra-dos-investigadores-argentinos-de-nodal-entre-los-retenidos-en-libia-durante-mision-humanitaria\/05\/25\/?utm_source=elciudadanocom&amp;utm_medium=referral&amp;utm_campaign=related_jp_recomendados\" target=\"_blank\" rel=\"noreferrer noopener nofollow\">Karawane<\/a> zu einem Kontrollpunkt in der N\u00e4he von Sirte, um den sicheren Durchgang des Konvois durch Libyen auszuhandeln. Von diesem Zeitpunkt an verloren sie jedoch den gesamten Kontakt zu den Aktivisten, die illegal festgehalten wurden.<\/p>\n<p class=\"wp-block-paragraph\" data-parapraph=\"7\">Nach einer Woche der Isolation wurden sie am 2. Juni der Generalstaatsanwaltschaft in Bengasi vorgef\u00fchrt, jedoch wurde ihre Haft anstelle der freizug\u00e4nglichen Freilassung unbefristet bis zum vergangenen Dienstag, dem 24. Juni, verl\u00e4ngert.<\/p>\n<p class=\"wp-block-paragraph\" data-parapraph=\"8\">Die internationale Solidarit\u00e4t, so wird betont, darf nicht kriminalisiert werden.<\/p>\n<p class=\"wp-block-paragraph\" data-parapraph=\"9\">Laut NODAL stellt die Wiedererlangung der Freiheit der zehn in Ostlibyen festgehaltenen Aktivisten eine \u201eSieg der internationalen Solidarit\u00e4t dar, der Druck der Familien, sozialer, politischer, gewerkschaftlicher Organisationen, humanit\u00e4rer Dienste, Menschenrechtsorganisationen und all jener, die ihr \u00dcberleben und ihre sofortige Freiheit einforderten\u201c.<\/p>\n<p class=\"wp-block-paragraph\" data-parapraph=\"10\">\u201eWir feiern, dass Mar\u00eda Paula Gim\u00e9nez, Lucas Aguilera und der Rest der internationalen Delegation ihre Freiheit zur\u00fcckgewonnen haben und die R\u00fcckreise in ihre Heimat begonnen haben\u201c, teilten sie in einer Pressemitteilung mit.<\/p>\n<p class=\"wp-block-paragraph\" data-parapraph=\"11\">Gleichzeitig wurde klar gestellt, dass \u201esie niemals entf\u00fchrt, festgehalten oder kriminalisiert h\u00e4tten werden d\u00fcrfen, weil sie an einer zivilen und humanit\u00e4ren Mission teilnahmen, die darauf abzielte, humanit\u00e4re Hilfe nach Gaza zu bringen.\u201c<\/p>\n<p class=\"wp-block-paragraph\" data-parapraph=\"12\">Au\u00dferdem wurde betont, dass \u201edie Freiheit der zehn Personen nicht die Schwere des Vorfalls tilgt\u201c und daran erinnert, dass \u201esie wochenlang willk\u00fcrlich ihrer Freiheit beraubt wurden, von ihren Familien getrennt und einer extrem unsicheren Situation ausgesetzt waren\u201c.<\/p>\n<p>\u201eHumanit\u00e4re Hilfe ist kein Verbrechen\u201c<\/p>\n<p class=\"wp-block-paragraph\" data-parapraph=\"13\">Von <a href=\"https:\/\/www.nodal.am\/2026\/06\/urgente-los-10-del-magreb-fueron-liberados-paula-gimenez-y-lucas-aguilera-llegaron-a-estambul\/\" target=\"_blank\" rel=\"noreferrer noopener nofollow\">NODAL<\/a> wird betont, dass dieser Vorfall nicht unbestraft bleiben oder vergessen werden darf, weshalb der \u201eargentinischen Regierung gefordert wird, alle notwendigen Bedingungen zu garantieren, damit Paula Gim\u00e9nez und Lucas Aguilera sicher und gesch\u00fctzt nach Hause zur\u00fcckkehren k\u00f6nnen, indem sie die erforderliche konsularische, gesundheitliche, psychologische und logistische Unterst\u00fctzung bereitstellen, die ihrer Pflicht entspricht\u201c.<\/p>\n<p class=\"wp-block-paragraph\" data-parapraph=\"14\">Unabh\u00e4ngig von der R\u00fcckkehr nach Hause betonen sie, dass der Fall eine unvermeidliche Lehre hinterl\u00e4sst: \u201ehumanit\u00e4re Hilfe ist kein Verbrechen\u201c und dass die Verfolgung von Personen, die versuchen, Hilfe an belagerte Bev\u00f6lkerungen zu leisten, nicht akzeptiert oder normalisiert werden kann.<\/p>\n<p class=\"wp-block-paragraph\" data-parapraph=\"15\">\u201eHeute umarmen wir die zehn, ihre Familien und all jene, die diesen Kampf unterst\u00fctzt haben\u201c, erkl\u00e4rten sie und betonten, dass das Engagement \u00fcber die sofortige Befreiung hinausgeht: \u201eBis zum Ende des V\u00f6lkermords in Pal\u00e4stina\u201c und <br \/>\u201ebis die pal\u00e4stinensischen V\u00f6lker und alle V\u00f6lker der Welt in Frieden, Freiheit und W\u00fcrde leben k\u00f6nnen!.<\/p>\n","protected":false},"excerpt":{"rendered":"Originalbeitrag: \u201cLa ayuda humanitaria no es delito\u201d: activistas del Convoy Sumud Maghreb recuperan libertad tras retenci\u00f3n en Libia&hellip;\n","protected":false},"author":2,"featured_media":21940,"comment_status":"","ping_status":"","sticky":false,"template":"","format":"standard","meta":{"footnotes":"","_share_on_mastodon":"0"},"categories":[28],"tags":[14111,14112,9806,14113,14114,286,285,9809,14115],"class_list":["post-35052","post","type-post","status-publish","format-standard","has-post-thumbnail","category-libyen","tag-activistas","tag-ayuda-humaniaria","tag-convoy-terrestre","tag-convoy-terrestre-sumud-maghreb","tag-libia","tag-libya","tag-libyen","tag-nodal","tag-palestina"],"share_on_mastodon":{"url":"https:\/\/pubeurope.com\/@afrika\/116813412807521700","error":""},"_links":{"self":[{"href":"https:\/\/www.europesays.com\/afrika\/wp-json\/wp\/v2\/posts\/35052","targetHints":{"allow":["GET"]}}],"collection":[{"href":"https:\/\/www.europesays.com\/afrika\/wp-json\/wp\/v2\/posts"}],"about":[{"href":"https:\/\/www.europesays.com\/afrika\/wp-json\/wp\/v2\/types\/post"}],"author":[{"embeddable":true,"href":"https:\/\/www.europesays.com\/afrika\/wp-json\/wp\/v2\/users\/2"}],"replies":[{"embeddable":true,"href":"https:\/\/www.europesays.com\/afrika\/wp-json\/wp\/v2\/comments?post=35052"}],"version-history":[{"count":0,"href":"https:\/\/www.europesays.com\/afrika\/wp-json\/wp\/v2\/posts\/35052\/revisions"}],"wp:featuredmedia":[{"embeddable":true,"href":"https:\/\/www.europesays.com\/afrika\/wp-json\/wp\/v2\/media\/21940"}],"wp:attachment":[{"href":"https:\/\/www.europesays.com\/afrika\/wp-json\/wp\/v2\/media?parent=35052"}],"wp:term":[{"taxonomy":"category","embeddable":true,"href":"https:\/\/www.europesays.com\/afrika\/wp-json\/wp\/v2\/categories?post=35052"},{"taxonomy":"post_tag","embeddable":true,"href":"https:\/\/www.europesays.com\/afrika\/wp-json\/wp\/v2\/tags?post=35052"}],"curies":[{"name":"wp","href":"https:\/\/api.w.org\/{rel}","templated":true}]}}