{"id":37047,"date":"2026-06-30T01:11:51","date_gmt":"2026-06-30T01:11:51","guid":{"rendered":"https:\/\/www.europesays.com\/afrika\/37047\/"},"modified":"2026-06-30T01:11:51","modified_gmt":"2026-06-30T01:11:51","slug":"wm-2026-kanada-steht-im-achtelfinale-ekstase-in-nachspielzeit","status":"publish","type":"post","link":"https:\/\/www.europesays.com\/afrika\/37047\/","title":{"rendered":"WM 2026: Kanada steht im Achtelfinale \u2013 Ekstase in Nachspielzeit"},"content":{"rendered":"<p>WM in Nord- und Mittelamerika <\/p>\n<p>Ekstase in letzter Sekunde \u2013 Erster Achtelfinalist steht fest<\/p>\n<p>Aktualisiert am 29.06.2026 &#8211; 07:30 UhrLesedauer: 2 Min.<\/p>\n<p><img loading=\"lazy\" src=\"https:\/\/www.t-online.de\/s\/paper\/_next\/static\/media\/loading-indicator-magenta.1f35d8de.svg\" alt=\"Video l\u00e4dt\" title=\"Video l\u00e4dt\" class=\"block h-[calc(var(--height)_\/_16_*_1rem)] w-[calc(var(--width)_\/_16_*_1rem)] max-w-none undefined\" style=\"--width:32;--height:32\" decoding=\"async\"\/>Player wird geladen<\/p>\n<p>Dieses Comeback des Bayern-Stars elektrisiert die Arena. (Quelle: MagentaTV)<\/p>\n<p><img loading=\"lazy\" src=\"https:\/\/www.t-online.de\/s\/paper\/_next\/static\/media\/audio-volume.6689034c.svg\" alt=\"\" title=\"\" class=\"block h-[calc(var(--height)_\/_16_*_1rem)] w-[calc(var(--width)_\/_16_*_1rem)] max-w-none group-hover:brightness-0 group-hover:invert\" style=\"--width:16;--height:16\" decoding=\"async\"\/>Vorlesen<\/p>\n<p>Aktuelle Zeit:0:00Gesamtdauer:0:00<\/p>\n<p>1x<\/p>\n<p class=\"text-center\">Jetzt neu bei t-online:<\/p>\n<p class=\"text-center\">Schriftgr\u00f6\u00dfe anpassen!<\/p>\n<p><img loading=\"lazy\" src=\"https:\/\/www.t-online.de\/s\/paper\/_next\/static\/media\/font-sizes.32942e33.svg\" alt=\"\" title=\"\" class=\"block h-[calc(var(--height)_\/_16_*_1rem)] w-[calc(var(--width)_\/_16_*_1rem)] max-w-none group-hover:hidden group-aria-expanded:hidden\" style=\"--width:16;--height:16\" decoding=\"async\"\/><img loading=\"lazy\" src=\"https:\/\/www.t-online.de\/s\/paper\/_next\/static\/media\/font-sizes-dark-mode.e382645c.svg\" alt=\"\" title=\"\" class=\"block h-[calc(var(--height)_\/_16_*_1rem)] w-[calc(var(--width)_\/_16_*_1rem)] max-w-none hidden group-hover:block group-aria-expanded:block\" style=\"--width:16;--height:16\" decoding=\"async\"\/><img loading=\"lazy\" src=\"https:\/\/www.t-online.de\/s\/paper\/_next\/static\/media\/sharing-menu-icon.1eb71368.svg\" alt=\"\" title=\"\" class=\"block h-[calc(var(--height)_\/_16_*_1rem)] w-[calc(var(--width)_\/_16_*_1rem)] max-w-none group-hover:brightness-0 group-hover:invert\" style=\"--width:16;--height:16\" decoding=\"async\"\/>Artikel teilen<\/p>\n<p class=\"font-bold text-18 leading-17 user-text-lg:text-22 user-text-xl:text-24\">Kanada und S\u00fcdafrika k\u00e4mpften um das erste Ticket f\u00fcr das Achtelfinale. Doch lange sah es nach Verl\u00e4ngerung aus. Dann kam die Nachspielzeit.<\/p>\n<p class=\"text-18 leading-17 user-text-lg:text-22 user-text-xl:text-24\">Kanada ist der erste Achtelfinalist der <a href=\"https:\/\/www.t-online.de\/themen\/fussball-wm-2026\/\" class=\"transition-colors cursor-pointer no-underline md:hover:text-magenta md:focus:text-magenta border-b border-solid border-current text-salemsfur md:hover:border-magenta\" data-tracking=\"{&quot;action&quot;:&quot;click&quot;,&quot;category&quot;:&quot;intextLink&quot;,&quot;label&quot;:&quot;\/themen\/fussball-wm-2026\/&quot;}\" data-sctrack=\"BodyAnchor\" rel=\"nofollow noopener\" target=\"_blank\">WM 2026<\/a>. Der Co-Gastgeber besiegte S\u00fcdafrika mit 1:0. Das entscheidende Tor fiel dabei in der zweiten Minute der Nachspielzeit. Als alles nach Verl\u00e4ngerung aussah, zog Kapit\u00e4n Stephen Eust\u00e1quio von der Strafraumgrenze ab \u2013 und schoss Kanada in die n\u00e4chste Runde.<\/p>\n<p>So lief das Spiel<\/p>\n<p class=\"text-18 leading-17 user-text-lg:text-22 user-text-xl:text-24\">Fu\u00dfballerisch war das erste Sechzehntelfinale des Turniers kein Leckerbissen. Kanada war in der ersten Halbzeit auch ohne Bayerns <a href=\"https:\/\/www.t-online.de\/themen\/alphonso-davies\/\" class=\"transition-colors cursor-pointer no-underline md:hover:text-magenta md:focus:text-magenta border-b border-solid border-current text-salemsfur md:hover:border-magenta\" data-tracking=\"{&quot;action&quot;:&quot;click&quot;,&quot;category&quot;:&quot;intextLink&quot;,&quot;label&quot;:&quot;\/themen\/alphonso-davies\/&quot;}\" data-sctrack=\"BodyAnchor\" rel=\"nofollow noopener\" target=\"_blank\">Alphonso Davies<\/a> das spielbestimmende Team, konnte aus den wenigen Chancen aber nichts machen. Die besten vergaben Derek Cornelius, Mo\u00efse Bombito und Tajon Buchanan.<\/p>\n<p class=\"text-18 leading-17 user-text-lg:text-22 user-text-xl:text-24\">Cornelius scheiterte nach einem Freisto\u00df in der 22. Minute mit seinem schwachen Kopfball freistehend an S\u00fcdafrikas Torwart Ronwen Williams. Der als einer von vier neuen in die Startelf ger\u00fcckte Bombito \u00fcberwand Williams dann nach einer Ecke zwar, der Ball wurde aber noch vor der Linie gekl\u00e4rt. Im Nachsetzen vergab Buchanan (44.).<\/p>\n<p><a href=\"#focus-0\" class=\"transition-colors block text-current relative\" data-sctrack=\"FocusGalleryImage.Reference\"><img   loading=\"lazy\" src=\"https:\/\/www.europesays.com\/afrika\/wp-content\/uploads\/2026\/06\/suedafrikas-oswin-appollis-l-im-duell-mit-kanadas-moise-bombito.jpg\" alt=\"S\u00fcdafrikas Oswin Appollis (l.) im Duell mit Kanadas Moise Bombito.\" title=\"S\u00fcdafrikas Oswin Appollis (l.) im Duell mit Kanadas Moise Bombito.\" width=\"2282\" height=\"1283\" class=\"h-full w-full max-w-full rounded-8\" decoding=\"async\"\/><img loading=\"lazy\" src=\"https:\/\/www.t-online.de\/s\/paper\/_next\/static\/media\/zoom-in.f7dae02f.svg\" alt=\"Vergr\u00f6\u00dfern des Bildes\" title=\"Vergr\u00f6\u00dfern des Bildes\" class=\"block h-[calc(var(--height)_\/_16_*_1rem)] w-[calc(var(--width)_\/_16_*_1rem)] max-w-none absolute right-8 bottom-8 rounded-4 bg-snow p-8\" style=\"--width:32;--height:32\" decoding=\"async\"\/>S\u00fcdafrikas Oswin Appollis (l.) im Duell mit Kanadas Moise Bombito. (Quelle: IMAGO\/Bai Xuefei)<\/a><\/p>\n<p class=\"text-18 leading-17 user-text-lg:text-22 user-text-xl:text-24\">S\u00fcdafrika war in Ballbesitz dagegen so vorsichtig, dass die Zuschauer in S\u00fcdkalifornien schon fr\u00fch die Geduld verloren und das Team auspfiffen. Zum \u00dcberstehen der Gruppenphase hatten S\u00fcdafrika zwei Tore gereicht, gegen Kanada strahlte die &#8222;Bafana Bafana&#8220; lange gar keine Torgefahr aus.<\/p>\n<p class=\"text-18 leading-17 user-text-lg:text-22 user-text-xl:text-24\">Jedes Mal, wenn es in die N\u00e4he des kanadischen Strafraums ging, verzettelten sich S\u00fcdafrikas Spieler und verpassten den Moment zum Abschluss. Bis zum ersten gef\u00e4hrlichen Torschuss dauerte es 62 Minuten. Oswin Appollis verzog jedoch aus etwa 18 Metern.<\/p>\n<p class=\"text-18 leading-17 user-text-lg:text-22 user-text-xl:text-24\">Die besseren Chancen hatte weiter Kanada. In der 65. Minute lief Tani Oluwaseyi auf Williams zu, den abgewehrten Ball kl\u00e4rte Mbekezeli Mbokazi in letzter Sekunde vor dem heranst\u00fcrmenden Jonathan David. Kurz nach der Einwechslung von Alphonso Davies in der 75. Minute hatten die Kanadier die n\u00e4chste Gelegenheit, der Schuss von Promise David nach Vorarbeit des Bayern-Profis strich aber am Tor vorbei (76.).<\/p>\n<p class=\"text-18 leading-17 user-text-lg:text-22 user-text-xl:text-24\">Als alles schon auf eine Verl\u00e4ngerung hindeutete, erl\u00f6ste Eustaquio die Kanadier mit einem platzierten Flachschuss ins Eck. F\u00fcr den 29-J\u00e4hrigen war es praktisch ein Heimspiel, spielt er doch f\u00fcr <a href=\"https:\/\/www.t-online.de\/themen\/los-angeles\/\" class=\"transition-colors cursor-pointer no-underline md:hover:text-magenta md:focus:text-magenta border-b border-solid border-current text-salemsfur md:hover:border-magenta\" data-tracking=\"{&quot;action&quot;:&quot;click&quot;,&quot;category&quot;:&quot;intextLink&quot;,&quot;label&quot;:&quot;\/themen\/los-angeles\/&quot;}\" data-sctrack=\"BodyAnchor\" rel=\"nofollow noopener\" target=\"_blank\">Los Angeles<\/a> FC in der Major League Soccer.<\/p>\n","protected":false},"excerpt":{"rendered":"WM in Nord- und Mittelamerika Ekstase in letzter Sekunde \u2013 Erster Achtelfinalist steht fest Aktualisiert am 29.06.2026 &#8211;&hellip;\n","protected":false},"author":2,"featured_media":37048,"comment_status":"","ping_status":"","sticky":false,"template":"","format":"standard","meta":{"footnotes":"","_share_on_mastodon":"0"},"categories":[6],"tags":[13115,3020,14730,14729,1932,13383,12091,10090,44,14731,43,154],"class_list":["post-37047","post","type-post","status-publish","format-standard","has-post-thumbnail","category-suedafrika","tag-alphonso-davies","tag-bayern","tag-derek-cornelius","tag-ekstase","tag-kanada","tag-mittelamerika","tag-ronwen-williams","tag-siegtor","tag-south-africa","tag-stephen-eustaquio","tag-suedafrika","tag-wm-2026"],"share_on_mastodon":{"url":"https:\/\/pubeurope.com\/@afrika\/116836403972899667","error":""},"_links":{"self":[{"href":"https:\/\/www.europesays.com\/afrika\/wp-json\/wp\/v2\/posts\/37047","targetHints":{"allow":["GET"]}}],"collection":[{"href":"https:\/\/www.europesays.com\/afrika\/wp-json\/wp\/v2\/posts"}],"about":[{"href":"https:\/\/www.europesays.com\/afrika\/wp-json\/wp\/v2\/types\/post"}],"author":[{"embeddable":true,"href":"https:\/\/www.europesays.com\/afrika\/wp-json\/wp\/v2\/users\/2"}],"replies":[{"embeddable":true,"href":"https:\/\/www.europesays.com\/afrika\/wp-json\/wp\/v2\/comments?post=37047"}],"version-history":[{"count":0,"href":"https:\/\/www.europesays.com\/afrika\/wp-json\/wp\/v2\/posts\/37047\/revisions"}],"wp:featuredmedia":[{"embeddable":true,"href":"https:\/\/www.europesays.com\/afrika\/wp-json\/wp\/v2\/media\/37048"}],"wp:attachment":[{"href":"https:\/\/www.europesays.com\/afrika\/wp-json\/wp\/v2\/media?parent=37047"}],"wp:term":[{"taxonomy":"category","embeddable":true,"href":"https:\/\/www.europesays.com\/afrika\/wp-json\/wp\/v2\/categories?post=37047"},{"taxonomy":"post_tag","embeddable":true,"href":"https:\/\/www.europesays.com\/afrika\/wp-json\/wp\/v2\/tags?post=37047"}],"curies":[{"name":"wp","href":"https:\/\/api.w.org\/{rel}","templated":true}]}}