{"id":39484,"date":"2026-07-05T12:15:11","date_gmt":"2026-07-05T12:15:11","guid":{"rendered":"https:\/\/www.europesays.com\/afrika\/39484\/"},"modified":"2026-07-05T12:15:11","modified_gmt":"2026-07-05T12:15:11","slug":"suedafrika-ausschreitungen-gegen-migranten-neue-gewaltwelle-erschuettert","status":"publish","type":"post","link":"https:\/\/www.europesays.com\/afrika\/39484\/","title":{"rendered":"S\u00fcdafrika: Ausschreitungen gegen Migranten \u2013 neue Gewaltwelle ersch\u00fcttert"},"content":{"rendered":"<p>Proteste und Pl\u00fcnderungen <\/p>\n<p>Mob geht auf Migranten los, Regierung ger\u00e4t unter Druck<\/p>\n<p>MeinungVon Nina Krasel, Konrad-Adenauer-Stiftung<\/p>\n<p>05.07.2026 &#8211; 13:15 UhrLesedauer: 4 Min.<\/p>\n<p><a href=\"#focus-0\" class=\"transition-colors block text-current relative\" data-sctrack=\"FocusGalleryImage.Reference\"><img fetchpriority=\"high\" data-testid=\"Opener.Image\"   loading=\"eager\" src=\"https:\/\/www.europesays.com\/afrika\/wp-content\/uploads\/2026\/07\/1783253710_980_image.jpg\" alt=\"SUEDAFRIKA-PROTESTE\/\" title=\"SUEDAFRIKA-PROTESTE\/\" width=\"830\" height=\"467\" class=\"bg-[url:var(--lqipURL)] bg-cover bg-center flex h-full w-full max-w-full\" style=\"--lqipURL:url('https:\/\/images.t-online.de\/2026\/06\/yOG3g5zb72mv\/66x37:830x467\/fit-in\/150x0\/filters:blur(25)\/image.jpg')\" decoding=\"async\"\/><img loading=\"lazy\" src=\"https:\/\/www.t-online.de\/s\/paper\/_next\/static\/media\/zoom-in.f7dae02f.svg\" alt=\"Vergr\u00f6\u00dfern des Bildes\" title=\"Vergr\u00f6\u00dfern des Bildes\" class=\"block h-[calc(var(--height)_\/_16_*_1rem)] w-[calc(var(--width)_\/_16_*_1rem)] max-w-none absolute right-8 bottom-8 rounded-4 bg-snow p-8\" style=\"--width:32;--height:32\" decoding=\"async\"\/><\/a><\/p>\n<p>Gewaltsame Proteste in S\u00fcdafrika.<\/p>\n<p><img loading=\"lazy\" src=\"https:\/\/www.t-online.de\/s\/paper\/_next\/static\/media\/audio-volume.6689034c.svg\" alt=\"\" title=\"\" class=\"block h-[calc(var(--height)_\/_16_*_1rem)] w-[calc(var(--width)_\/_16_*_1rem)] max-w-none group-hover:brightness-0 group-hover:invert\" style=\"--width:16;--height:16\" decoding=\"async\"\/>Vorlesen<\/p>\n<p>Aktuelle Zeit:0:00Gesamtdauer:0:00<\/p>\n<p>1x<\/p>\n<p class=\"text-center\">Jetzt neu bei t-online:<\/p>\n<p class=\"text-center\">Schriftgr\u00f6\u00dfe anpassen!<\/p>\n<p><img loading=\"lazy\" src=\"https:\/\/www.t-online.de\/s\/paper\/_next\/static\/media\/font-sizes.32942e33.svg\" alt=\"\" title=\"\" class=\"block h-[calc(var(--height)_\/_16_*_1rem)] w-[calc(var(--width)_\/_16_*_1rem)] max-w-none group-hover:hidden group-aria-expanded:hidden\" style=\"--width:16;--height:16\" decoding=\"async\"\/><img loading=\"lazy\" src=\"https:\/\/www.t-online.de\/s\/paper\/_next\/static\/media\/font-sizes-dark-mode.e382645c.svg\" alt=\"\" title=\"\" class=\"block h-[calc(var(--height)_\/_16_*_1rem)] w-[calc(var(--width)_\/_16_*_1rem)] max-w-none hidden group-hover:block group-aria-expanded:block\" style=\"--width:16;--height:16\" decoding=\"async\"\/><img loading=\"lazy\" src=\"https:\/\/www.t-online.de\/s\/paper\/_next\/static\/media\/sharing-menu-icon.1eb71368.svg\" alt=\"\" title=\"\" class=\"block h-[calc(var(--height)_\/_16_*_1rem)] w-[calc(var(--width)_\/_16_*_1rem)] max-w-none group-hover:brightness-0 group-hover:invert\" style=\"--width:16;--height:16\" decoding=\"async\"\/>Artikel teilen<\/p>\n<p class=\"font-bold text-18 leading-17 user-text-lg:text-22 user-text-xl:text-24\">Eine neue Welle fremdenfeindlicher Gewalt ersch\u00fcttert S\u00fcdafrika. Sie offenbart tiefe gesellschaftliche und politische Risse.<\/p>\n<p class=\"text-18 leading-17 user-text-lg:text-22 user-text-xl:text-24\"><a href=\"https:\/\/www.t-online.de\/themen\/suedafrika\/\" class=\"transition-colors cursor-pointer no-underline md:hover:text-magenta md:focus:text-magenta border-b border-solid border-current text-salemsfur md:hover:border-magenta\" data-tracking=\"{&quot;action&quot;:&quot;click&quot;,&quot;category&quot;:&quot;intextLink&quot;,&quot;label&quot;:&quot;\/themen\/suedafrika\/&quot;}\" data-sctrack=\"BodyAnchor\" rel=\"nofollow noopener\" target=\"_blank\">S\u00fcdafrika<\/a> erlebt derzeit eine neue Welle fremdenfeindlicher Gewalt. Die Proteste haben landesweit an Dynamik gewonnen. Angetrieben von fremdenfeindlichen Bewegungen wie &#8222;March and March&#8220; kommt es immer wieder zu Eskalationen und Gewaltausbr\u00fcchen.<\/p>\n<p class=\"text-18 leading-17 user-text-lg:text-22 user-text-xl:text-24\">Vermehrt enden diese auch t\u00f6dlich, wie etwa bei xenophoben Angriffen in der Provinz Westkap, denen mindestens zwei Menschen aus Mosambik zum Opfer fielen und in deren Folge Hunderte Menschen gezwungen waren, ihre H\u00e4user zu verlassen. Besonders dramatisch sind auch die Berichte aus KwaZulu-Natal, wo ein zun\u00e4chst friedvoller Protest eskalierte und mit dem Tod eines 29-J\u00e4hrigen aus Malawi endete, der Augenzeugen zufolge von einem w\u00fctenden Mob gelyncht wurde.<\/p>\n<p class=\"text-18 leading-17 user-text-lg:text-22 user-text-xl:text-24\">Die derzeitige Lage stellt das von Nelson Mandela und Desmond Tutu beschriebene Bild der inklusiven &#8222;Regenbogennation&#8220; mit einer breiten kulturellen Vielfalt fundamental infrage. Was bleibt, sind massiver Druck auf den gesellschaftlichen Zusammenhalt, ein tiefgreifendes Misstrauen der Bev\u00f6lkerung gegen\u00fcber der Kompetenz der ANC-gef\u00fchrten Regierung und schlie\u00dflich die Destabilisierung der Beziehungen zu afrikanischen Partnern.<\/p>\n<p>\u00dcbergriffe gegen Ausl\u00e4nder<\/p>\n<p class=\"text-18 leading-17 user-text-lg:text-22 user-text-xl:text-24\">Der f\u00fcr den 30. Juni von der Bewegung &#8222;March and March&#8220; verk\u00fcndete &#8222;Shutdown&#8220; und die landesweit angek\u00fcndigten Proteste wurden von vielen mit Furcht erwartet. Zwar verliefen diese nach Angaben der Polizei gr\u00f6\u00dftenteils friedlich, vereinzelte Gewaltausbr\u00fcche konnten jedoch nicht verhindert werden. Im Township KwaDabeka etwa griffen Protestierende Berichten zufolge gezielt Gesch\u00e4fte von Migranten an, um diese zu pl\u00fcndern.<\/p>\n<p class=\"text-18 leading-17 user-text-lg:text-22 user-text-xl:text-24\">Unter anderem in Gauteng kam es zu \u00dcbergriffen gegen\u00fcber als ausl\u00e4ndisch wahrgenommenen Menschen: Viele wurden gezielt eingesch\u00fcchtert und auf ihre Ausweise und P\u00e4sse kontrolliert.<\/p>\n<p class=\"text-18 leading-17 user-text-lg:text-22 user-text-xl:text-24\">Polizei und Sicherheitskr\u00e4fte waren zwar pr\u00e4sent, konnten jedoch nicht \u00fcberall verhindern, dass Gesch\u00e4fte verw\u00fcstet und Menschen bedr\u00e4ngt wurden. &#8222;Sie sagten: &#8218;Wir kommen hierher, wir sind Zulu.&#8216; Sie sagten uns, wir sollten beiseitegehen, wenn wir keinen \u00c4rger wollten. Uns blieb nichts anderes \u00fcbrig, als zuzusehen&#8220;, berichtete ein Sicherheitsbeamter eines der gepl\u00fcnderten Gesch\u00e4fte.<\/p>\n<p>Einfache L\u00f6sungen f\u00fcr tiefgreifende Probleme<\/p>\n<p class=\"text-18 leading-17 user-text-lg:text-22 user-text-xl:text-24\">Die aktuellen Eskalationen sind der Ausdruck einer politisch aufgeladenen Gemengelage: Wirtschaftlicher Druck, hohe Arbeitslosigkeit und das vielfach in der Bev\u00f6lkerung empfundene Versagen staatlicher Institutionen schaffen einen fruchtbaren Boden f\u00fcr soziale Spannungen. Migration wird so verst\u00e4rkt zum Gegenstand politischer Mobilisierung. Fremdenfeindliche Aktivisten greifen die sozio\u00f6konomische Notlage auf und instrumentalisieren diese f\u00fcr gewaltsame Ausbr\u00fcche.<\/p>\n<p class=\"text-18 leading-17 user-text-lg:text-22 user-text-xl:text-24\">In Reaktion auf die aktuelle Eskalation initiieren betroffene afrikanische Staaten R\u00fcckf\u00fchrungskampagnen. Mosambik, Ghana und Malawi wurden bereits aktiv und organisierten R\u00fcckfl\u00fcge f\u00fcr ihre jeweiligen Staatsb\u00fcrger. Auch in Lagos landete bereits mindestens eine Maschine mit knapp 300 Menschen an Bord. Sie sind Teil von etwa 1.000 registrierten Menschen, die durch den nigerianischen Staat zur\u00fcckgeholt wurden.<\/p>\n<p class=\"text-18 leading-17 user-text-lg:text-22 user-text-xl:text-24\">S\u00fcdafrika wurde nach dem Ende der Apartheid zum beliebten Ziel f\u00fcr Migranten aus ganz Afrika auf der Suche nach besseren Lebensbedingungen. Dabei war die wirtschaftliche Lage der jungen Republik nicht immer positiv. Der Fokus des Post-Apartheid-S\u00fcdafrikas lag auf dem Aufbau eines funktionsf\u00e4higen Staats. Man k\u00e4mpfte schon fr\u00fchzeitig mit Arbeitslosigkeit, hohen Kriminalit\u00e4tsraten, unzureichenden \u00f6ffentlichen Dienstleistungen und extremer sozio\u00f6konomischer Ungleichheit.<\/p>\n","protected":false},"excerpt":{"rendered":"Proteste und Pl\u00fcnderungen Mob geht auf Migranten los, Regierung ger\u00e4t unter Druck MeinungVon Nina Krasel, Konrad-Adenauer-Stiftung 05.07.2026 &#8211;&hellip;\n","protected":false},"author":2,"featured_media":39485,"comment_status":"","ping_status":"","sticky":false,"template":"","format":"standard","meta":{"footnotes":"","_share_on_mastodon":"0"},"categories":[6],"tags":[437,6173,15450,15452,15451,14897,3781,346,15449,77,14895,161,44,43,6250],"class_list":["post-39484","post","type-post","status-publish","format-standard","has-post-thumbnail","category-suedafrika","tag-437","tag-anc","tag-desmond-tutu","tag-gauteng","tag-kwadabeka","tag-kwazulu-natal","tag-malawi","tag-mosambik","tag-nelson-mandela","tag-nigeria","tag-pluenderung","tag-polizei","tag-south-africa","tag-suedafrika","tag-westkap"],"share_on_mastodon":{"url":"https:\/\/pubeurope.com\/@afrika\/116867322700184750","error":""},"_links":{"self":[{"href":"https:\/\/www.europesays.com\/afrika\/wp-json\/wp\/v2\/posts\/39484","targetHints":{"allow":["GET"]}}],"collection":[{"href":"https:\/\/www.europesays.com\/afrika\/wp-json\/wp\/v2\/posts"}],"about":[{"href":"https:\/\/www.europesays.com\/afrika\/wp-json\/wp\/v2\/types\/post"}],"author":[{"embeddable":true,"href":"https:\/\/www.europesays.com\/afrika\/wp-json\/wp\/v2\/users\/2"}],"replies":[{"embeddable":true,"href":"https:\/\/www.europesays.com\/afrika\/wp-json\/wp\/v2\/comments?post=39484"}],"version-history":[{"count":0,"href":"https:\/\/www.europesays.com\/afrika\/wp-json\/wp\/v2\/posts\/39484\/revisions"}],"wp:featuredmedia":[{"embeddable":true,"href":"https:\/\/www.europesays.com\/afrika\/wp-json\/wp\/v2\/media\/39485"}],"wp:attachment":[{"href":"https:\/\/www.europesays.com\/afrika\/wp-json\/wp\/v2\/media?parent=39484"}],"wp:term":[{"taxonomy":"category","embeddable":true,"href":"https:\/\/www.europesays.com\/afrika\/wp-json\/wp\/v2\/categories?post=39484"},{"taxonomy":"post_tag","embeddable":true,"href":"https:\/\/www.europesays.com\/afrika\/wp-json\/wp\/v2\/tags?post=39484"}],"curies":[{"name":"wp","href":"https:\/\/api.w.org\/{rel}","templated":true}]}}