{"id":39758,"date":"2026-07-06T12:39:11","date_gmt":"2026-07-06T12:39:11","guid":{"rendered":"https:\/\/www.europesays.com\/afrika\/39758\/"},"modified":"2026-07-06T12:39:11","modified_gmt":"2026-07-06T12:39:11","slug":"historischer-meilenstein-james-knackt-rekordmarke","status":"publish","type":"post","link":"https:\/\/www.europesays.com\/afrika\/39758\/","title":{"rendered":"Historischer Meilenstein! James knackt Rekordmarke"},"content":{"rendered":"<p>James Rodr\u00edguez schreibt das n\u00e4chste Kapitel seiner beeindruckenden Nationalteam-Karriere.<\/p>\n<p>Beim Sechzehntelfinale der <a href=\"https:\/\/www.laola1.at\/de\/daten\/news\/fussball\/fussball\/\" class=\"tag\" rel=\"nofollow noopener\" target=\"_blank\">Fu\u00dfball<\/a>-Weltmeisterschaft gegen Ghana (<a target=\"_self\" rel=\"noopener noreferrer nofollow\" href=\"https:\/\/www.laola1.at\/de\/sportdaten\/matchcenter\/Fussball\/International\/WorldCup\/match\/53452507\/liveticker\">zum LIVE-Ticker &gt;&gt;&gt;<\/a>) steht der 34-J\u00e4hrige in der Startelf und bestreitet damit sein 130. <a href=\"https:\/\/www.laola1.at\/de\/daten\/news\/laenderspiel\/\" class=\"tag\" rel=\"nofollow noopener\" target=\"_blank\">L\u00e4nderspiel<\/a> f\u00fcr Kolumbien. Damit wird der Mittelfeldspieler zum alleinigen Rekordspieler seines Landes.<\/p>\n<p>Der bisherige Bestwert lag bei 129 Eins\u00e4tzen und wurde von Torh\u00fcter David Ospina gehalten. Der 37-J\u00e4hrige sitzt \u2013 wie schon in den drei Gruppenspielen \u2013 erneut nur auf der Ersatzbank.<\/p>\n<p>Dritte WM f\u00fcr James<\/p>\n<p>F\u00fcr James ist es bereits der zw\u00f6lfte Einsatz bei einer Weltmeisterschaft, auch das ist kolumbianischer Rekord. Der Kapit\u00e4n der S\u00fcdamerikaner nahm bereits an den Endrunden 2014 und 2018 teil und f\u00fchrt sein Team nun auch bei seiner dritten WM aufs Feld.<\/p>\n<p>Seinen gr\u00f6\u00dften Moment auf der internationalen B\u00fchne erlebte der ehemalige Real-Madrid-Star 2014 in Brasilien. Mit sechs Treffern sicherte sich James damals den Goldenen Ball und schoss Kolumbien erstmals bis ins Viertelfinale.<\/p>\n<p>Nun soll der Spielmacher die &#8222;Cafeteros&#8220; gegen Ghana zum vierten Achtelfinaleinzug der WM-Geschichte f\u00fchren \u2013 und kr\u00f6nt seinen Rekordabend im Idealfall mit dem n\u00e4chsten Erfolg.<\/p>\n","protected":false},"excerpt":{"rendered":"James Rodr\u00edguez schreibt das n\u00e4chste Kapitel seiner beeindruckenden Nationalteam-Karriere. Beim Sechzehntelfinale der Fu\u00dfball-Weltmeisterschaft gegen Ghana (zum LIVE-Ticker &gt;&gt;&gt;)&hellip;\n","protected":false},"author":2,"featured_media":39759,"comment_status":"","ping_status":"","sticky":false,"template":"","format":"standard","meta":{"footnotes":"","_share_on_mastodon":"0"},"categories":[13],"tags":[15518,2083,151,13657,4598],"class_list":["post-39758","post","type-post","status-publish","format-standard","has-post-thumbnail","category-ghana","tag-david-ospina","tag-fifa-wm-2026","tag-ghana","tag-james-rodriguez","tag-kolumbien"],"share_on_mastodon":{"url":"https:\/\/pubeurope.com\/@afrika\/116873079121790653","error":""},"_links":{"self":[{"href":"https:\/\/www.europesays.com\/afrika\/wp-json\/wp\/v2\/posts\/39758","targetHints":{"allow":["GET"]}}],"collection":[{"href":"https:\/\/www.europesays.com\/afrika\/wp-json\/wp\/v2\/posts"}],"about":[{"href":"https:\/\/www.europesays.com\/afrika\/wp-json\/wp\/v2\/types\/post"}],"author":[{"embeddable":true,"href":"https:\/\/www.europesays.com\/afrika\/wp-json\/wp\/v2\/users\/2"}],"replies":[{"embeddable":true,"href":"https:\/\/www.europesays.com\/afrika\/wp-json\/wp\/v2\/comments?post=39758"}],"version-history":[{"count":0,"href":"https:\/\/www.europesays.com\/afrika\/wp-json\/wp\/v2\/posts\/39758\/revisions"}],"wp:featuredmedia":[{"embeddable":true,"href":"https:\/\/www.europesays.com\/afrika\/wp-json\/wp\/v2\/media\/39759"}],"wp:attachment":[{"href":"https:\/\/www.europesays.com\/afrika\/wp-json\/wp\/v2\/media?parent=39758"}],"wp:term":[{"taxonomy":"category","embeddable":true,"href":"https:\/\/www.europesays.com\/afrika\/wp-json\/wp\/v2\/categories?post=39758"},{"taxonomy":"post_tag","embeddable":true,"href":"https:\/\/www.europesays.com\/afrika\/wp-json\/wp\/v2\/tags?post=39758"}],"curies":[{"name":"wp","href":"https:\/\/api.w.org\/{rel}","templated":true}]}}