{"id":40191,"date":"2026-07-08T06:03:27","date_gmt":"2026-07-08T06:03:27","guid":{"rendered":"https:\/\/www.europesays.com\/afrika\/40191\/"},"modified":"2026-07-08T06:03:27","modified_gmt":"2026-07-08T06:03:27","slug":"nach-senegal-sieg-rudi-garcia-stellt-solche-teams-aussage-klar","status":"publish","type":"post","link":"https:\/\/www.europesays.com\/afrika\/40191\/","title":{"rendered":"Nach Senegal-Sieg: Rudi Garcia stellt \u201eSolche Teams\u201c-Aussage klar"},"content":{"rendered":"<p>\n\t3.07.2026 um 12:30 Uhr |\t<\/p>\n<p>Lesedauer: 1 min<\/p>\n<p>Nationaltrainer Rudi Garcia hat am Donnerstag auf seine Aussagen nach dem 3:2-Sieg gegen den Senegal im Sechzehntelfinale reagiert und sich nach seinem Interview gegen Rassismusvorw\u00fcrfe verteidigt.<\/p>\n<p>\u201eWir kennen solche Mannschaften. Gegen Ende des Spiels verlieren sie ihre taktische Ordnung. Wir wussten auch, dass sie bei einer 2:0-F\u00fchrung alles tun w\u00fcrden, um ihr Tor zu sch\u00fctzen \u2013 was f\u00fcr mich ein schwerer Fehler ist\u201c, hatte der Franzose die spektakul\u00e4re Aufholjagd der Roten Teufel analysiert. Seine Aussagen stie\u00dfen vor allem im Lager des Senegal auf Kritik. \u201eUm auf meine Aussage nach dem Spiel zur\u00fcckzukommen und jede Zweideutigkeit auszur\u00e4umen: Als ich von \u201asolchen Mannschaften\u2018 gesprochen habe, meinte ich Mannschaften, die es nicht gewohnt sind, bei einer Weltmeisterschaft auf diesem Niveau einen Vorsprung in einem Spiel dieser Art zu verwalten\u201c, erkl\u00e4rte Garcia nun.<\/p>\n<p>\u201eIn keinem Fall zielte meine Aussage auf afrikanische Mannschaften ab. Sie h\u00e4tte genauso gut asiatische, s\u00fcdamerikanische oder europ\u00e4ische Teams betreffen k\u00f6nnen, die an diese Art von Druck nicht gew\u00f6hnt sind. Ich selbst habe als weniger erfahrener Trainer lernen m\u00fcssen, dass es kontraproduktiv ist, aufzuh\u00f6ren, Fu\u00dfball zu spielen, nur um ein Ergebnis um jeden Preis zu verteidigen. Genau daran habe ich gedacht, als ich sagte, dass solche Mannschaften in solchen Momenten ihre taktische Ordnung verlieren k\u00f6nnen.\u201c (mn)<\/p>\n","protected":false},"excerpt":{"rendered":"3.07.2026 um 12:30 Uhr | Lesedauer: 1 min Nationaltrainer Rudi Garcia hat am Donnerstag auf seine Aussagen nach&hellip;\n","protected":false},"author":2,"featured_media":40192,"comment_status":"","ping_status":"","sticky":false,"template":"","format":"standard","meta":{"footnotes":"","_share_on_mastodon":"0"},"categories":[18],"tags":[15693,14919,300,15691,15692,15694],"class_list":["post-40191","post","type-post","status-publish","format-standard","has-post-thumbnail","category-senegal","tag-solche","tag-garcia","tag-senegal","tag-senegal-sieg","tag-stellt","tag-teams-aussage"],"share_on_mastodon":{"url":"https:\/\/pubeurope.com\/@afrika\/116882846652613334","error":""},"_links":{"self":[{"href":"https:\/\/www.europesays.com\/afrika\/wp-json\/wp\/v2\/posts\/40191","targetHints":{"allow":["GET"]}}],"collection":[{"href":"https:\/\/www.europesays.com\/afrika\/wp-json\/wp\/v2\/posts"}],"about":[{"href":"https:\/\/www.europesays.com\/afrika\/wp-json\/wp\/v2\/types\/post"}],"author":[{"embeddable":true,"href":"https:\/\/www.europesays.com\/afrika\/wp-json\/wp\/v2\/users\/2"}],"replies":[{"embeddable":true,"href":"https:\/\/www.europesays.com\/afrika\/wp-json\/wp\/v2\/comments?post=40191"}],"version-history":[{"count":0,"href":"https:\/\/www.europesays.com\/afrika\/wp-json\/wp\/v2\/posts\/40191\/revisions"}],"wp:featuredmedia":[{"embeddable":true,"href":"https:\/\/www.europesays.com\/afrika\/wp-json\/wp\/v2\/media\/40192"}],"wp:attachment":[{"href":"https:\/\/www.europesays.com\/afrika\/wp-json\/wp\/v2\/media?parent=40191"}],"wp:term":[{"taxonomy":"category","embeddable":true,"href":"https:\/\/www.europesays.com\/afrika\/wp-json\/wp\/v2\/categories?post=40191"},{"taxonomy":"post_tag","embeddable":true,"href":"https:\/\/www.europesays.com\/afrika\/wp-json\/wp\/v2\/tags?post=40191"}],"curies":[{"name":"wp","href":"https:\/\/api.w.org\/{rel}","templated":true}]}}